{"id":15010,"date":"2026-03-06T08:10:27","date_gmt":"2026-03-06T11:10:27","guid":{"rendered":"https:\/\/cafeprensa.com.ar\/?p=15010"},"modified":"2026-03-06T08:10:27","modified_gmt":"2026-03-06T11:10:27","slug":"la-provincia-demora-el-envio-de-fondos-y-advierte-con-ir-a-la-justicia","status":"publish","type":"post","link":"https:\/\/cafeprensa.com.ar\/index.php\/2026\/03\/06\/la-provincia-demora-el-envio-de-fondos-y-advierte-con-ir-a-la-justicia\/","title":{"rendered":"La Provincia demora el env\u00edo de fondos y advierte con ir a la Justicia"},"content":{"rendered":"<div class=\"space-y-3\">\n<div class=\"max-w-4xl\">\n<p class=\"__className_c59aa5 text-lg pt-2\">El intendente Alejandro Molinuevo, que no pudo abrir el per\u00edodo de sesiones ordinarias, prepar\u00f3 un discurso con cr\u00edticas al Gobierno. <strong>Habl\u00f3 de un sistema de coparticipaci\u00f3n \u00abinjusto y perjudicial\u00bb.<\/strong><\/p>\n<\/div>\n<\/div>\n<div class=\"flex flex-col md:flex-row mt-3 gap-4 relative\">\n<div class=\"grow md:w-[856px] relative\">\n<div class=\"md:flex md:items-start md:justify-between md:gap-8 relative \">\n<div class=\"pb-7 font-thin\">\n<p class=\"text-lg\">El intendente de Concepci\u00f3n,<strong>\u00a0Alejandro Molinuevo<\/strong>, no pudo abrir el per\u00edodo de sesiones ordinarias del Concejo Deliberante local porque opt\u00f3 por\u00a0viajar a Buenos Aires para participar del acto en el Congreso. <strong>No obstante, en el discurso que lleg\u00f3 a los despachos de los ediles defendi\u00f3 el rumbo de su gesti\u00f3n, cuestion\u00f3 el sistema de coparticipaci\u00f3n provincial y ratific\u00f3 su decisi\u00f3n de sostener la autonom\u00eda financiera del municipio frente a la Casa de Gobierno.<\/strong><img loading=\"lazy\" decoding=\"async\" class=\"alignnone wp-image-15014 size-large\" src=\"https:\/\/cafeprensa.com.ar\/wp-content\/uploads\/2026\/03\/fr9knkvvc8g7ktngjoga-1024x683.jpg\" alt=\"\" width=\"1024\" height=\"683\" srcset=\"https:\/\/cafeprensa.com.ar\/wp-content\/uploads\/2026\/03\/fr9knkvvc8g7ktngjoga-1024x683.jpg 1024w, https:\/\/cafeprensa.com.ar\/wp-content\/uploads\/2026\/03\/fr9knkvvc8g7ktngjoga-300x200.jpg 300w, https:\/\/cafeprensa.com.ar\/wp-content\/uploads\/2026\/03\/fr9knkvvc8g7ktngjoga-768x512.jpg 768w, https:\/\/cafeprensa.com.ar\/wp-content\/uploads\/2026\/03\/fr9knkvvc8g7ktngjoga.jpg 1200w\" sizes=\"auto, (max-width: 1024px) 100vw, 1024px\" \/><\/p>\n<p class=\"text-lg\"><strong>El texto planteado por el jefe municipal sostiene que su administraci\u00f3n tom\u00f3 desde el inicio \u201cuna decisi\u00f3n pol\u00edtica clara\u201d al abandonar el pacto social provincial y administrar los recursos con criterios de austeridad y equilibrio. Seg\u00fan afirm\u00f3, esa decisi\u00f3n permiti\u00f3 sostener la gesti\u00f3n municipal aun en un contexto econ\u00f3mico adverso.<\/strong><\/p>\n<p class=\"text-lg\">En ese marco, Molinuevo critic\u00f3 el actual esquema de distribuci\u00f3n de recursos entre la Provincia y los municipios del interior, al que calific\u00f3 de \u201cinjusto y perjudicial\u201d. Se\u00f1al\u00f3 que Tucum\u00e1n distribuye a los gobiernos locales apenas el 13% de los tributos nacionales coparticipables, cuando en otras provincias ese porcentaje ronda el 20%.<\/p>\n<p class=\"text-lg\"><strong>\u201cConcepci\u00f3n no iba a ser reh\u00e9n de un sistema que concentra recursos en el poder central y deja a los municipios mendigando lo que les corresponde\u201d, afirm\u00f3 el intendente, quien record\u00f3 que su administraci\u00f3n inici\u00f3 una demanda contra el Gobierno provincial para reclamar una distribuci\u00f3n m\u00e1s equitativa de los fondos.<\/strong><\/p>\n<p class=\"text-lg\">Molinuevo tambi\u00e9n cuestion\u00f3 la demora en el env\u00edo del Fondo de Desarrollo del Interior y advirti\u00f3 que el municipio analiza recurrir a la v\u00eda judicial si no se regulariza el mecanismo de transferencia. \u00abEs necesario comentarles lo que venimos viviendo con el Fondo de Desarrollo del Interior. Se trata de una importante suma de dinero que deber\u00eda llegar al municipio en la forma de goteo diario.<\/p>\n<p class=\"text-lg\"><strong>En una total desobediencia a la letra de la ley, el Gobierno provincial viene demorando el envio de estos fondos, justific\u00e1ndose en trabas administrativas. No solo que no lo env\u00edan por goteo diario, si no que lo mandan con una demora aproximada de 1 mes con respecto al ultimo dia del mes al que corresponden. Por ejemplo, los fondos que deber\u00edamos haber recibido por goteo durante todo diciembre 2025, los estuvimos recibiendo reci\u00e9n, el dia 27 de enero 2026. Esta desobediencia legal nos perjudica\u00bb, describi\u00f3 el intendente.<img loading=\"lazy\" decoding=\"async\" class=\"alignnone wp-image-15013 size-full\" src=\"https:\/\/cafeprensa.com.ar\/wp-content\/uploads\/2026\/03\/municipalidad-de-concepcion.jpg\" alt=\"\" width=\"851\" height=\"315\" srcset=\"https:\/\/cafeprensa.com.ar\/wp-content\/uploads\/2026\/03\/municipalidad-de-concepcion.jpg 851w, https:\/\/cafeprensa.com.ar\/wp-content\/uploads\/2026\/03\/municipalidad-de-concepcion-300x111.jpg 300w, https:\/\/cafeprensa.com.ar\/wp-content\/uploads\/2026\/03\/municipalidad-de-concepcion-768x284.jpg 768w\" sizes=\"auto, (max-width: 851px) 100vw, 851px\" \/><\/strong><\/p>\n<p class=\"text-lg\">\u00abFinancieramente no es lo mismo tener un peso hoy que tenerlo dentro de un mes. Hemos iniciado gestiones administrativas amistosas para intentar destrabar esta situaci\u00f3n, pero no tengan ninguna duda que en defensa de los intereses de los vecinos de concepci\u00f3n, no nos temblara el pulso para reclamarlos por la v\u00eda judicial en tanto esta situaci\u00f3n no se regularice. La ley es clara y los funcionarios deben obedecerla\u201d, sostuvo.<\/p>\n<p class=\"text-lg\"><strong>En el plano econ\u00f3mico, el intendente explic\u00f3 que la ca\u00edda de la recaudaci\u00f3n nacional y provincial impact\u00f3 en las finanzas municipales durante 2025. Seg\u00fan detall\u00f3, el municipio hab\u00eda proyectado ingresos coparticipables por $21.500 millones, pero finalmente recibi\u00f3 alrededor de $20.300 millones. A pesar de ese escenario, asegur\u00f3 que la administraci\u00f3n logr\u00f3 incrementar el patrimonio municipal en aproximadamente $1.300 millones gracias a una pol\u00edtica de control del gasto y orden administrativo.<\/strong><\/p>\n<p class=\"text-lg\">El discurso tambi\u00e9n incluy\u00f3 cr\u00edticas a la falta de inversi\u00f3n en servicios p\u00fablicos y obras provinciales. Molinuevo sostuvo que el municipio decidi\u00f3 ejecutar con recursos propios obras que correspond\u00edan a la \u00f3rbita provincial, como un pozo de agua en el centro de la ciudad y la reconstrucci\u00f3n de la Ruta Provincial 329, para las que se destinaron cerca de $1.000 millones.<img loading=\"lazy\" decoding=\"async\" class=\"alignnone wp-image-15015 size-full\" src=\"https:\/\/cafeprensa.com.ar\/wp-content\/uploads\/2026\/03\/768x650-Destinos-Concepcion-Mobile_4krm1sv8_12-06-2024.jpg\" alt=\"\" width=\"768\" height=\"650\" srcset=\"https:\/\/cafeprensa.com.ar\/wp-content\/uploads\/2026\/03\/768x650-Destinos-Concepcion-Mobile_4krm1sv8_12-06-2024.jpg 768w, https:\/\/cafeprensa.com.ar\/wp-content\/uploads\/2026\/03\/768x650-Destinos-Concepcion-Mobile_4krm1sv8_12-06-2024-300x254.jpg 300w\" sizes=\"auto, (max-width: 768px) 100vw, 768px\" \/><\/p>\n<p class=\"text-lg\"><strong>Tras las definiciones pol\u00edticas y econ\u00f3micas, el intendente repas\u00f3 el plan de obras p\u00fablicas ejecutado durante su gesti\u00f3n, al que defini\u00f3 como \u201cel m\u00e1s ambicioso de los \u00faltimos a\u00f1os\u201d. Entre las intervenciones mencion\u00f3 la reconstrucci\u00f3n de la Ruta 329 por administraci\u00f3n municipal, la continuaci\u00f3n del canal IPV, la pavimentaci\u00f3n de calles estrat\u00e9gicas y la construcci\u00f3n de infraestructura comunitaria y deportiva.<\/strong><\/p>\n<p class=\"text-lg\">Tambi\u00e9n destac\u00f3 la recuperaci\u00f3n de espacios p\u00fablicos y patrimoniales, como la puesta en valor del sector del ex ferrocarril, la construcci\u00f3n de nuevas aulas para la Escuela Municipal en el predio de la ex Luminotecnia y el edificio del Centro Cultural \u201cNilo Gonz\u00e1lez\u201d. A ello se suman obras de infraestructura barrial, mejoras en plazas, pavimentaci\u00f3n, iluminaci\u00f3n y la ampliaci\u00f3n de servicios b\u00e1sicos en distintos sectores de la ciudad.<\/p>\n<p class=\"text-lg\"><strong>Para el per\u00edodo 2026, Molinuevo anticip\u00f3 nuevas obras de pavimentaci\u00f3n, iluminaci\u00f3n de rutas provinciales, repavimentaci\u00f3n de calles c\u00e9ntricas y la creaci\u00f3n de nuevas plazas en barrios de la ciudad.<\/strong><\/p>\n<p class=\"text-lg\">El jefe municipal tambi\u00e9n destac\u00f3 avances en materia de planificaci\u00f3n urbana, entre ellos la realizaci\u00f3n de un estudio topogr\u00e1fico con tecnolog\u00eda LIDAR que servir\u00e1 como base para proyectar obras hidr\u00e1ulicas y para la elaboraci\u00f3n de un nuevo C\u00f3digo de Ordenamiento Urbano. En el plano social, el intendente resalt\u00f3 la creaci\u00f3n de un gabinete psicopedag\u00f3gico municipal, programas de apoyo escolar y pol\u00edticas de seguridad alimentaria con educaci\u00f3n nutricional en barrios vulnerables. Asimismo, mencion\u00f3 iniciativas de capacitaci\u00f3n laboral y apoyo a emprendedores, que alcanzaron a cientos de vecinos mediante programas de formaci\u00f3n en oficios, econom\u00eda y nuevas tecnolog\u00edas.<img loading=\"lazy\" decoding=\"async\" class=\"alignnone wp-image-15016 size-full\" src=\"https:\/\/cafeprensa.com.ar\/wp-content\/uploads\/2026\/03\/818x460_190215112544_91694.jpg\" alt=\"\" width=\"818\" height=\"460\" srcset=\"https:\/\/cafeprensa.com.ar\/wp-content\/uploads\/2026\/03\/818x460_190215112544_91694.jpg 818w, https:\/\/cafeprensa.com.ar\/wp-content\/uploads\/2026\/03\/818x460_190215112544_91694-300x169.jpg 300w, https:\/\/cafeprensa.com.ar\/wp-content\/uploads\/2026\/03\/818x460_190215112544_91694-768x432.jpg 768w, https:\/\/cafeprensa.com.ar\/wp-content\/uploads\/2026\/03\/818x460_190215112544_91694-390x220.jpg 390w\" sizes=\"auto, (max-width: 818px) 100vw, 818px\" \/><\/p>\n<p class=\"text-lg\"><strong>El mensaje incluy\u00f3 tambi\u00e9n referencias a pol\u00edticas ambientales, con programas de reciclaje y educaci\u00f3n ambiental, adem\u00e1s de la incorporaci\u00f3n de energ\u00edas renovables en el predio de Samay Cochuna.<\/strong><\/p>\n<p class=\"text-lg\"><strong>En materia de seguridad, Molinuevo se\u00f1al\u00f3 que la ciudad cuenta con m\u00e1s de 140 c\u00e1maras de videovigilancia conectadas a un centro de monitoreo y destac\u00f3 la implementaci\u00f3n del programa \u201cOjos en Alerta\u201d, que permite a los vecinos reportar situaciones sospechosas en tiempo real.<\/strong><\/p>\n<p class=\"text-lg\">El discurso cerr\u00f3 con un repaso de la agenda cultural, tur\u00edstica y deportiva de la ciudad, donde el intendente subray\u00f3 la consolidaci\u00f3n de eventos como el Festival Nacional del Locro, la Expo Agro Sur y diversas ferias y actividades culturales que, seg\u00fan afirm\u00f3, contribuyen a dinamizar la econom\u00eda local y fortalecer la identidad de <strong>Concepci\u00f3n.<\/strong><\/p>\n<p class=\"text-lg\"><strong>\u201cGobernar no es describir problemas; es asumir responsabilidades y dar respuestas\u201d, concluy\u00f3 el intendente, en medio de la pol\u00e9mica por su faltazo a la sesi\u00f3n inaugural realizada el 1 de marzo.<\/strong><\/p>\n<div class=\"relative\">\n<div class=\"w-12 h-12 rounded-full bg-gradient-to-r from-[#423b8b] via-[#423b8bd9] to-[#423b8bb3] p-0.5 m-0.5\">\n<div class=\"w-full h-full rounded-full bg-background flex items-center justify-center\"><img loading=\"lazy\" decoding=\"async\" class=\"rounded-full object-cover p-[2px]\" src=\"https:\/\/res.cloudinary.com\/dut4yhfgk\/image\/upload\/ar_1:1,c_auto,h_100,q_100,w_100\/v1761519930\/Administradores\/editor\/uzayvzcfhweb9kksnps1.jpg\" alt=\"Avatar de Fernando Stanich\" width=\"35\" height=\"35\" data-nimg=\"1\" \/><span style=\"font-size: 8pt;\"><b class=\"text-foreground capitalize text-sm leading-tight\">Fernando Stanich<\/b><\/span><\/div>\n<\/div>\n<\/div>\n<\/div>\n<\/div>\n<\/div>\n<\/div>\n","protected":false},"excerpt":{"rendered":"<p>El intendente Alejandro Molinuevo, que no pudo abrir el per\u00edodo de sesiones ordinarias, prepar\u00f3 un discurso con cr\u00edticas al Gobierno. Habl\u00f3 de un sistema de coparticipaci\u00f3n \u00abinjusto y perjudicial\u00bb. El intendente de Concepci\u00f3n,\u00a0Alejandro Molinuevo, no pudo abrir el per\u00edodo de sesiones ordinarias del Concejo Deliberante local porque opt\u00f3 por\u00a0viajar a Buenos Aires para participar del &hellip;<\/p>\n","protected":false},"author":2,"featured_media":15011,"comment_status":"open","ping_status":"open","sticky":false,"template":"","format":"standard","meta":{"footnotes":""},"categories":[1613,34],"tags":[379,94,3042],"class_list":["post-15010","post","type-post","status-publish","format-standard","has-post-thumbnail","hentry","category-intendencias","category-locales","tag-concepcion","tag-jaldo","tag-molimuevo"],"_links":{"self":[{"href":"https:\/\/cafeprensa.com.ar\/index.php\/wp-json\/wp\/v2\/posts\/15010","targetHints":{"allow":["GET"]}}],"collection":[{"href":"https:\/\/cafeprensa.com.ar\/index.php\/wp-json\/wp\/v2\/posts"}],"about":[{"href":"https:\/\/cafeprensa.com.ar\/index.php\/wp-json\/wp\/v2\/types\/post"}],"author":[{"embeddable":true,"href":"https:\/\/cafeprensa.com.ar\/index.php\/wp-json\/wp\/v2\/users\/2"}],"replies":[{"embeddable":true,"href":"https:\/\/cafeprensa.com.ar\/index.php\/wp-json\/wp\/v2\/comments?post=15010"}],"version-history":[{"count":1,"href":"https:\/\/cafeprensa.com.ar\/index.php\/wp-json\/wp\/v2\/posts\/15010\/revisions"}],"predecessor-version":[{"id":15019,"href":"https:\/\/cafeprensa.com.ar\/index.php\/wp-json\/wp\/v2\/posts\/15010\/revisions\/15019"}],"wp:featuredmedia":[{"embeddable":true,"href":"https:\/\/cafeprensa.com.ar\/index.php\/wp-json\/wp\/v2\/media\/15011"}],"wp:attachment":[{"href":"https:\/\/cafeprensa.com.ar\/index.php\/wp-json\/wp\/v2\/media?parent=15010"}],"wp:term":[{"taxonomy":"category","embeddable":true,"href":"https:\/\/cafeprensa.com.ar\/index.php\/wp-json\/wp\/v2\/categories?post=15010"},{"taxonomy":"post_tag","embeddable":true,"href":"https:\/\/cafeprensa.com.ar\/index.php\/wp-json\/wp\/v2\/tags?post=15010"}],"curies":[{"name":"wp","href":"https:\/\/api.w.org\/{rel}","templated":true}]}}