{"id":15028,"date":"2026-03-06T10:37:05","date_gmt":"2026-03-06T13:37:05","guid":{"rendered":"https:\/\/cafeprensa.com.ar\/?p=15028"},"modified":"2026-03-06T10:37:20","modified_gmt":"2026-03-06T13:37:20","slug":"un-policia-federal-fue-sorprendido-repartiendo-droga-en-catamarca","status":"publish","type":"post","link":"https:\/\/cafeprensa.com.ar\/index.php\/2026\/03\/06\/un-policia-federal-fue-sorprendido-repartiendo-droga-en-catamarca\/","title":{"rendered":"Un Polic\u00eda federal fue sorprendido repartiendo droga en Catamarca"},"content":{"rendered":"<p><strong>El caso se convirti\u00f3 en el cuarto en poco tiempo, que vincula a efectivos de fuerzas de seguridad con asiento en Catamarca, que aparecen vinculados al tr\u00e1fico de estupefacientes. <\/strong><b>Un suboficial de la Polic\u00eda Federal Argentina fue detenido en la ciudad de San Fernando del Valle de<\/b><\/p>\n<div class=\"float-start col-md-12 col-lg-6 col-12 fotos-containers mb-0 \">\n<div class=\"container-fluid p-0 galeria_fotos_nota\">\n<div class=\" row\"><b> Catamarca durante un procedimiento antidrogas en el que se le secuestraron aproximadamente 300 gramos de coca\u00edna fraccionada para su presunta comercializaci\u00f3n.\u00a0<\/b><\/div>\n<\/div>\n<\/div>\n<div class=\"col-md-12 col-12 col-lg-12 post-content p-lg-2\">\n<div>El hecho ocurri\u00f3 el mi\u00e9rcoles por la noche y gener\u00f3 fuerte repercusi\u00f3n debido a que se trata del cuarto integrante de una fuerza de seguridad arrestado en la provincia en menos de un a\u00f1o por presuntos v\u00ednculos con el narcotr\u00e1fico.<\/div>\n<p><strong>El detenido es oriundo de la provincia de Buenos Aires y desde hace ocho a\u00f1os prestaba servicios en la delegaci\u00f3n Catamarca de la fuerza federal. Durante el operativo, los investigadores incautaron adem\u00e1s un tel\u00e9fono celular, una computadora, documentaci\u00f3n relevante para la causa, el autom\u00f3vil del sospechoso y una pistola reglamentaria Bersa Thunder con 17 cartuchos calibre 9 mil\u00edmetros.<\/strong><\/p>\n<div>La investigaci\u00f3n fue impulsada por la Direcci\u00f3n de Drogas Peligrosas luego de que en enero se recibieran denuncias an\u00f3nimas a trav\u00e9s de la l\u00ednea gratuita 0800-555-6637. La oficial principal\u00a0<b>Evelyn Mercedes Maita<\/b>\u00a0explic\u00f3 que las advertencias se\u00f1alaban movimientos sospechosos protagonizados por el uniformado en la zona de la Quebrada de Moreira.<\/div>\n<div>A partir de esos datos, los investigadores iniciaron tareas de seguimiento y allanamientos en distintos domicilios de la Capital y del departamento Pacl\u00edn que el suboficial frecuentaba.<\/div>\n<div><b>El caso se suma a una serie de procedimientos que encendieron alarmas en la provincia por la presunta infiltraci\u00f3n del narcotr\u00e1fico en fuerzas de seguridad. Durante 2025 fueron detenidos tres polic\u00edas provinciales en diferentes operativos.<\/b><\/div>\n<div>El primero de esos episodios se registr\u00f3 el 8 de marzo en Tinogasta. En aquella ocasi\u00f3n, efectivos de la Direcci\u00f3n de Drogas Peligrosas solicitaron a personal de Gendarmer\u00eda Nacional \u2014que realizaba controles vehiculares en el empalme de las rutas nacionales 60 y 40, en la zona de Cerro Negro\u2014 la inspecci\u00f3n de un autom\u00f3vil.<\/div>\n<div><strong>All\u00ed fue detenido un sargento de la Polic\u00eda que transportaba 76 gramos de coca\u00edna y m\u00e1s de un kilo de marihuana. El uniformado viajaba acompa\u00f1ado por un suboficial de 47 a\u00f1os, a quien adem\u00e1s se le secuestraron tres tel\u00e9fonos celulares.<\/strong><\/div>\n<div><\/div>\n<div>El segundo caso ocurri\u00f3 el 10 de octubre en la provincia de Tucum\u00e1n. En esa oportunidad fue arrestado otro polic\u00eda catamarque\u00f1o que se encontraba con tareas pasivas por un hecho de robo y que aguardaba la llegada de una encomienda que conten\u00eda m\u00e1s de cinco kilos de marihuana.<\/div>\n<div><\/div>\n<div><strong>El tercer procedimiento se concret\u00f3 el 2 de diciembre en el Puesto Caminero La Vi\u00f1a, ubicado sobre la Ruta Nacional 38 en el departamento Pacl\u00edn. All\u00ed fue detenido un oficial ayudante de 28 a\u00f1os que viajaba en un colectivo de larga distancia junto a una mujer de 25 a\u00f1os. Ambos trasladaban m\u00e1s de 13 kilos de marihuana de alta potencia, conocida como \u201cCripy\u201d.<\/strong><\/div>\n<div><\/div>\n<div>Con la detenci\u00f3n del suboficial de la Polic\u00eda Federal, los registros oficiales marcan un hecho in\u00e9dito: en menos de un a\u00f1o, cuatro procedimientos distintos concluyeron con la detenci\u00f3n de cuatro integrantes de fuerzas de seguridad sorprendidos in fraganti con estupefacientes en territorio catamarque\u00f1o, un escenario que incrementa la preocupaci\u00f3n por la posible penetraci\u00f3n del narcotr\u00e1fico en estructuras encargadas de combatirlo.<\/div>\n<\/div>\n","protected":false},"excerpt":{"rendered":"<p>El caso se convirti\u00f3 en el cuarto en poco tiempo, que vincula a efectivos de fuerzas de seguridad con asiento en Catamarca, que aparecen vinculados al tr\u00e1fico de estupefacientes. Un suboficial de la Polic\u00eda Federal Argentina fue detenido en la ciudad de San Fernando del Valle de Catamarca durante un procedimiento antidrogas en el que &hellip;<\/p>\n","protected":false},"author":2,"featured_media":15029,"comment_status":"open","ping_status":"open","sticky":false,"template":"","format":"standard","meta":{"footnotes":""},"categories":[33,26],"tags":[624,488,3044],"class_list":["post-15028","post","type-post","status-publish","format-standard","has-post-thumbnail","hentry","category-nacionales","category-policiales","tag-catamarca","tag-droga","tag-policia-federal"],"_links":{"self":[{"href":"https:\/\/cafeprensa.com.ar\/index.php\/wp-json\/wp\/v2\/posts\/15028","targetHints":{"allow":["GET"]}}],"collection":[{"href":"https:\/\/cafeprensa.com.ar\/index.php\/wp-json\/wp\/v2\/posts"}],"about":[{"href":"https:\/\/cafeprensa.com.ar\/index.php\/wp-json\/wp\/v2\/types\/post"}],"author":[{"embeddable":true,"href":"https:\/\/cafeprensa.com.ar\/index.php\/wp-json\/wp\/v2\/users\/2"}],"replies":[{"embeddable":true,"href":"https:\/\/cafeprensa.com.ar\/index.php\/wp-json\/wp\/v2\/comments?post=15028"}],"version-history":[{"count":2,"href":"https:\/\/cafeprensa.com.ar\/index.php\/wp-json\/wp\/v2\/posts\/15028\/revisions"}],"predecessor-version":[{"id":15031,"href":"https:\/\/cafeprensa.com.ar\/index.php\/wp-json\/wp\/v2\/posts\/15028\/revisions\/15031"}],"wp:featuredmedia":[{"embeddable":true,"href":"https:\/\/cafeprensa.com.ar\/index.php\/wp-json\/wp\/v2\/media\/15029"}],"wp:attachment":[{"href":"https:\/\/cafeprensa.com.ar\/index.php\/wp-json\/wp\/v2\/media?parent=15028"}],"wp:term":[{"taxonomy":"category","embeddable":true,"href":"https:\/\/cafeprensa.com.ar\/index.php\/wp-json\/wp\/v2\/categories?post=15028"},{"taxonomy":"post_tag","embeddable":true,"href":"https:\/\/cafeprensa.com.ar\/index.php\/wp-json\/wp\/v2\/tags?post=15028"}],"curies":[{"name":"wp","href":"https:\/\/api.w.org\/{rel}","templated":true}]}}