{"id":15032,"date":"2026-03-06T10:51:46","date_gmt":"2026-03-06T13:51:46","guid":{"rendered":"https:\/\/cafeprensa.com.ar\/?p=15032"},"modified":"2026-03-06T10:51:46","modified_gmt":"2026-03-06T13:51:46","slug":"historico-cambio-en-la-uia-maria-laura-bermudez-sera-la-primera-directora-ejecutiva","status":"publish","type":"post","link":"https:\/\/cafeprensa.com.ar\/index.php\/2026\/03\/06\/historico-cambio-en-la-uia-maria-laura-bermudez-sera-la-primera-directora-ejecutiva\/","title":{"rendered":"Hist\u00f3rico cambio en la UIA: Mar\u00eda Laura Berm\u00fadez ser\u00e1 la primera directora ejecutiva"},"content":{"rendered":"<div class=\"tituloVerNoticia\">La Uni\u00f3n Industrial Argentina inicia una nueva etapa con la designaci\u00f3n de Mar\u00eda Laura Berm\u00fadez, quien reemplaza al economista Diego Coatz y se convierte en la primera mujer en ocupar el cargo.<strong> Su llegada se produce en medio de tensiones con el gobierno de Javier Milei y marca un giro en la conducci\u00f3n operativa de la central fabril.<\/strong><\/div>\n<div><\/div>\n<div class=\"cuerpoVerNoticia\">\n<div>La\u00a0<strong>UIA<\/strong>\u00a0oficializ\u00f3 la llegada de\u00a0<strong>Mar\u00eda Laura Berm\u00fadez<\/strong>\u00a0a la direcci\u00f3n ejecutiva, marcando un hito al ubicar a una mujer en el sill\u00f3n administrativo m\u00e1s importante de la entidad. Su regreso a la sede de Avenida de Mayo, tras su paso por la UIPBA, se da en un clima de tensi\u00f3n con el Gobierno y pedido de \u00abrespeto\u00bb al presidente Javier Milei por parte de los industriales.<img loading=\"lazy\" decoding=\"async\" class=\"alignnone wp-image-15034 size-full\" src=\"https:\/\/cafeprensa.com.ar\/wp-content\/uploads\/2026\/03\/laura-bermudez-directora-ejecutiva-de-uia-2196785.webp\" alt=\"\" width=\"671\" height=\"377\" srcset=\"https:\/\/cafeprensa.com.ar\/wp-content\/uploads\/2026\/03\/laura-bermudez-directora-ejecutiva-de-uia-2196785.webp 671w, https:\/\/cafeprensa.com.ar\/wp-content\/uploads\/2026\/03\/laura-bermudez-directora-ejecutiva-de-uia-2196785-300x169.webp 300w, https:\/\/cafeprensa.com.ar\/wp-content\/uploads\/2026\/03\/laura-bermudez-directora-ejecutiva-de-uia-2196785-390x220.webp 390w\" sizes=\"auto, (max-width: 671px) 100vw, 671px\" \/><\/p>\n<div><strong>A trav\u00e9s de un comunicado, la central fabril formaliz\u00f3 la medida: \u00abEl Comit\u00e9 Ejecutivo de la UIA, encabezado por Martin Rappallini, design\u00f3 a Mar\u00eda Laura Berm\u00fadez como nueva directora ejecutiva de la entidad, en reemplazo de Diego Coatz. Con este cambio, la UIA inicia una nueva etapa en la que busca potenciar su gesti\u00f3n operativa y su capacidad de articulaci\u00f3n, y fortalecer los v\u00ednculos con los actores del sistema productivo y las autoridades nacionales\u00bb.<img loading=\"lazy\" decoding=\"async\" class=\"alignnone wp-image-15013 size-full\" src=\"https:\/\/cafeprensa.com.ar\/wp-content\/uploads\/2026\/03\/municipalidad-de-concepcion.jpg\" alt=\"\" width=\"851\" height=\"315\" srcset=\"https:\/\/cafeprensa.com.ar\/wp-content\/uploads\/2026\/03\/municipalidad-de-concepcion.jpg 851w, https:\/\/cafeprensa.com.ar\/wp-content\/uploads\/2026\/03\/municipalidad-de-concepcion-300x111.jpg 300w, https:\/\/cafeprensa.com.ar\/wp-content\/uploads\/2026\/03\/municipalidad-de-concepcion-768x284.jpg 768w\" sizes=\"auto, (max-width: 851px) 100vw, 851px\" \/><\/strong><\/p>\n<div>El economista Diego Coatz dejar\u00e1 el cargo tras concentrar el poder durante los \u00faltimos mandatos, inc\u00f3modo por la decisi\u00f3n de la mesa chica de subdividir sus funciones para focalizar la atenci\u00f3n t\u00e9cnica.<strong> Coatz continuar\u00e1 como asesor durante la transici\u00f3n, mientras que Berm\u00fadez tendr\u00e1 el doble desaf\u00edo de ordenar la administraci\u00f3n y sostener, con perfil renovado, un fuerte simbolismo de g\u00e9nero que contrasta de lleno con la contracorriente cultural libertaria en un ecosistema hist\u00f3ricamente reservado para los hombres<\/strong>. Seg\u00fan comunic\u00f3 la UIA, continuar\u00e1 ligado a la entidad como asesor externo en la formulaci\u00f3n de propuestas para el desarrollo industrial\u00bb.<\/p>\n<div><strong>Qui\u00e9n es Mar\u00eda Laura Berm\u00fadez, la nueva directora ejecutiva de UIA<br \/>\n<\/strong><\/p>\n<div>Sobre la flamante directora, el texto detalla que \u00abcuenta con una amplia trayectoria en la UIA y en la Uni\u00f3n Industrial de la Provincia de Buenos Aires (UIPBA), \u00e1mbitos en los que desarroll\u00f3 un perfil que combina experiencia t\u00e9cnica con capacidad en la gesti\u00f3n\u00bb. \u00abEn la UIA, donde se desempe\u00f1\u00f3 de 2011 a 2019, cumpli\u00f3 roles directivos vinculados a las relaciones institucionales\u00bb.<\/p>\n<p><strong>Asimismo, precisaron que \u00abdesde 2019 ejerce la direcci\u00f3n ejecutiva de la UIPBA, donde lider\u00f3 procesos de fortalecimiento institucional y desarrollo de agendas t\u00e9cnicas y productivas\u00bb.<\/strong><\/p>\n<div><strong>Por su parte, la UIPBA asegur\u00f3 que Berm\u00fadez \u00abimpuls\u00f3 una administraci\u00f3n moderna, profesional y con altos est\u00e1ndares institucionales, fortaleciendo las pr\u00e1cticas de compliance, consolidando una mirada estrat\u00e9gica sobre el desarrollo industrial y promoviendo una gesti\u00f3n cercana a las necesidades de los socios industriales\u00bb.<\/strong><\/p>\n<div>El presidente de la entidad bonaerense, Alejandro Gentile, destac\u00f3: \u00abMar\u00eda Laura (Berm\u00fadez) llev\u00f3 adelante una gesti\u00f3n muy significativa en UIPBA. Tiene una profunda vocaci\u00f3n de servicio hacia los industriales, una mirada estrat\u00e9gica sobre el desarrollo productivo y un compromiso permanente con la calidad institucional\u00bb.<img loading=\"lazy\" decoding=\"async\" class=\"alignnone wp-image-15035 size-large\" src=\"https:\/\/cafeprensa.com.ar\/wp-content\/uploads\/2026\/03\/maxresdefault-1024x576.jpg\" alt=\"\" width=\"1024\" height=\"576\" srcset=\"https:\/\/cafeprensa.com.ar\/wp-content\/uploads\/2026\/03\/maxresdefault-1024x576.jpg 1024w, https:\/\/cafeprensa.com.ar\/wp-content\/uploads\/2026\/03\/maxresdefault-300x169.jpg 300w, https:\/\/cafeprensa.com.ar\/wp-content\/uploads\/2026\/03\/maxresdefault-768x432.jpg 768w, https:\/\/cafeprensa.com.ar\/wp-content\/uploads\/2026\/03\/maxresdefault-390x220.jpg 390w, https:\/\/cafeprensa.com.ar\/wp-content\/uploads\/2026\/03\/maxresdefault.jpg 1280w\" sizes=\"auto, (max-width: 1024px) 100vw, 1024px\" \/><\/p>\n<div><strong>Finalmente, Gentile agreg\u00f3 que su designaci\u00f3n env\u00eda una se\u00f1al clave: \u00abEs muy valioso que la UIA haya elegido a una mujer para ocupar un rol ejecutivo tan relevante. Es un reconocimiento al m\u00e9rito, a la capacidad y a la trayectoria profesional de Mar\u00eda Laura, quien compiti\u00f3 por este lugar y logr\u00f3 el respaldo de los dirigentes industriales del pa\u00eds\u00bb.<\/strong><\/div>\n<\/div>\n<\/div>\n<\/div>\n<\/div>\n<\/div>\n<\/div>\n<\/div>\n<\/div>\n","protected":false},"excerpt":{"rendered":"<p>La Uni\u00f3n Industrial Argentina inicia una nueva etapa con la designaci\u00f3n de Mar\u00eda Laura Berm\u00fadez, quien reemplaza al economista Diego Coatz y se convierte en la primera mujer en ocupar el cargo. Su llegada se produce en medio de tensiones con el gobierno de Javier Milei y marca un giro en la conducci\u00f3n operativa de &hellip;<\/p>\n","protected":false},"author":2,"featured_media":15033,"comment_status":"open","ping_status":"open","sticky":false,"template":"","format":"standard","meta":{"footnotes":""},"categories":[33,25],"tags":[3045],"class_list":["post-15032","post","type-post","status-publish","format-standard","has-post-thumbnail","hentry","category-nacionales","category-politica","tag-uia-maria-laura-bermudez"],"_links":{"self":[{"href":"https:\/\/cafeprensa.com.ar\/index.php\/wp-json\/wp\/v2\/posts\/15032","targetHints":{"allow":["GET"]}}],"collection":[{"href":"https:\/\/cafeprensa.com.ar\/index.php\/wp-json\/wp\/v2\/posts"}],"about":[{"href":"https:\/\/cafeprensa.com.ar\/index.php\/wp-json\/wp\/v2\/types\/post"}],"author":[{"embeddable":true,"href":"https:\/\/cafeprensa.com.ar\/index.php\/wp-json\/wp\/v2\/users\/2"}],"replies":[{"embeddable":true,"href":"https:\/\/cafeprensa.com.ar\/index.php\/wp-json\/wp\/v2\/comments?post=15032"}],"version-history":[{"count":1,"href":"https:\/\/cafeprensa.com.ar\/index.php\/wp-json\/wp\/v2\/posts\/15032\/revisions"}],"predecessor-version":[{"id":15036,"href":"https:\/\/cafeprensa.com.ar\/index.php\/wp-json\/wp\/v2\/posts\/15032\/revisions\/15036"}],"wp:featuredmedia":[{"embeddable":true,"href":"https:\/\/cafeprensa.com.ar\/index.php\/wp-json\/wp\/v2\/media\/15033"}],"wp:attachment":[{"href":"https:\/\/cafeprensa.com.ar\/index.php\/wp-json\/wp\/v2\/media?parent=15032"}],"wp:term":[{"taxonomy":"category","embeddable":true,"href":"https:\/\/cafeprensa.com.ar\/index.php\/wp-json\/wp\/v2\/categories?post=15032"},{"taxonomy":"post_tag","embeddable":true,"href":"https:\/\/cafeprensa.com.ar\/index.php\/wp-json\/wp\/v2\/tags?post=15032"}],"curies":[{"name":"wp","href":"https:\/\/api.w.org\/{rel}","templated":true}]}}