{"id":15091,"date":"2026-03-09T07:00:23","date_gmt":"2026-03-09T10:00:23","guid":{"rendered":"https:\/\/cafeprensa.com.ar\/?p=15091"},"modified":"2026-03-09T11:57:32","modified_gmt":"2026-03-09T14:57:32","slug":"los-coaches-rojas-y-molina-sobre-los-discursos-politicos-nada-en-la-oratoria-es-improvisado","status":"publish","type":"post","link":"https:\/\/cafeprensa.com.ar\/index.php\/2026\/03\/09\/los-coaches-rojas-y-molina-sobre-los-discursos-politicos-nada-en-la-oratoria-es-improvisado\/","title":{"rendered":"Los coaches Rojas y Molina sobre los discursos pol\u00edticos: \u201cNada en la oratoria es improvisado\u201d"},"content":{"rendered":"<p data-start=\"272\" data-end=\"604\"><strong>Ra\u00fal Rojas y Karina Molina, <\/strong>coaches de la \u00abEscuela de Oratoria Argentina\u00bb<strong>,<\/strong>\u00a0dialogaron con <em data-start=\"326\" data-end=\"339\">Caf\u00e9 Prensa<\/em> y analizaron el uso de la oratoria en los discursos de apertura de sesiones tanto a nivel nacional como local. Durante la entrevista, los profesionales destacaron el papel central que tiene esta disciplina dentro del mundo de la pol\u00edtica y la comunicaci\u00f3n p\u00fablica.<\/p>\n<p data-start=\"606\" data-end=\"1259\">Rojas explic\u00f3 que \u201cla oratoria es el arte de hablar en p\u00fablico usando juegos con la voz\u201d, y diferenci\u00f3 esta pr\u00e1ctica de otras herramientas comunicacionales. \u201cLa CNV es otra herramienta. La oratoria entrega el mensaje, mientras que la ret\u00f3rica acomoda las palabras acorde a un objetivo, y la campa\u00f1a lleva un proyecto en concreto a un p\u00fablico determinado\u201d, detall\u00f3. En ese sentido, analiz\u00f3 el discurso del presidente Javier Milei y sostuvo que \u201cest\u00e1 dise\u00f1ado para lograr un objetivo, porque un referente de una empresa o un l\u00edder pol\u00edtico no habla de una manera improvisada, sino que busca un objetivo planificado y acomoda los argumentos en base a eso\u201d.<\/p>\n<p data-start=\"1261\" data-end=\"1666\">El especialista explic\u00f3 que en el caso del mandatario nacional se puede observar una estructura determinada en su discurso. \u201cEn el discurso puntual de Milei encontramos el m\u00e9todo organizativo cronol\u00f3gico. Otra t\u00e9cnica es buscar un adversario para aplicar la t\u00e9cnica de la arenga, provocarlo y conseguir esa provocaci\u00f3n permanente. Todo eso se ense\u00f1a, se prepara y se dise\u00f1a: nada es improvisado\u201d, remarc\u00f3.<\/p>\n<p data-start=\"1668\" data-end=\"2054\">En relaci\u00f3n con las campa\u00f1as electorales, Rojas sostuvo que la preparaci\u00f3n de la comunicaci\u00f3n debe comenzar con anticipaci\u00f3n. \u201cDentro de un a\u00f1o antes de la elecci\u00f3n se debe preparar la oratoria para poder comunicar el proyecto. En la oratoria se planifican objetivos y se genera una ruta para avanzar. A veces, cuando planificamos, del otro lado no lo entienden de esa manera\u201d, explic\u00f3.<\/p>\n<p data-start=\"2056\" data-end=\"2363\">Tambi\u00e9n se\u00f1al\u00f3 que una campa\u00f1a pol\u00edtica requiere un trabajo integral. \u201cUna campa\u00f1a electoral se compone de oratoria, de entrenar al equipo y de preparar todas las estrategias de cara a la competencia, porque las elecciones consisten en competir con el otro y determinar estrategias de comunicaci\u00f3n\u201d, afirm\u00f3.<\/p>\n<p data-start=\"2365\" data-end=\"2831\">Al analizar los discursos en el plano local, Rojas mencion\u00f3 a las autoridades provinciales y municipales. Seg\u00fan indic\u00f3, \u201cen el caso de Jaldo hizo un discurso le\u00eddo, pero luego lo cort\u00f3 y empez\u00f3 a hablar desde una perspectiva pol\u00edtica\u201d. Mientras que, sobre la intendenta Rossana Chahla, observ\u00f3 que \u201ctuvo un discurso le\u00eddo, con muchos conceptos y citas de pr\u00f3ceres en los que se apoy\u00f3, y dej\u00f3 menos tiempo para la arenga pol\u00edtica, que estuvo m\u00e1s destinada al vecino\u201d.<\/p>\n<p data-start=\"2833\" data-end=\"3352\">Por su parte, Molina destac\u00f3 el impacto que tiene la oratoria en el desarrollo personal de quienes la practican. \u201cLo importante de la oratoria es que tenemos la posibilidad de lograr excelentes resultados en las personas y ver c\u00f3mo ellas mejoran\u201d, se\u00f1al\u00f3. En ese sentido, explic\u00f3 que el aprendizaje de esta disciplina fortalece la confianza: \u201cEsto genera m\u00e1s seguridad en uno mismo al momento de hablar ante el p\u00fablico, y cada vez m\u00e1s gente quiere aprender. Quienes asisten a lo largo del a\u00f1o hacen un cambio profundo\u201d.<\/p>\n<p data-start=\"3354\" data-end=\"3654\">La profesional tambi\u00e9n coment\u00f3 que el inter\u00e9s por la oratoria crece incluso entre los m\u00e1s j\u00f3venes. Seg\u00fan indic\u00f3, actualmente la Escuela de Oratoria cuenta con una alumna de 14 a\u00f1os, la m\u00e1s joven de la instituci\u00f3n, quien \u201ctiene como objetivo llevar inteligencia emocional a sus compa\u00f1eros de escuela\u201d.<\/p>\n<p data-start=\"3656\" data-end=\"4008\">Finalmente, ambos profesionales invitaron a quienes deseen formarse en esta disciplina a participar de las actividades de la <strong data-start=\"3781\" data-end=\"3814\">Escuela de Oratoria Argentina<\/strong>, ubicada en Santiago 528. Adem\u00e1s, informaron que se puede obtener m\u00e1s informaci\u00f3n a trav\u00e9s de sus redes sociales en <strong data-start=\"3931\" data-end=\"3962\">@escueladeoratoriaargentina<\/strong> o comunic\u00e1ndose al tel\u00e9fono <strong data-start=\"3991\" data-end=\"4007\">381-661-5420<\/strong>.<\/p>\n","protected":false},"excerpt":{"rendered":"<p>Ra\u00fal Rojas y Karina Molina, coaches de la \u00abEscuela de Oratoria Argentina\u00bb,\u00a0dialogaron con Caf\u00e9 Prensa y analizaron el uso de la oratoria en los discursos de apertura de sesiones tanto a nivel nacional como local. Durante la entrevista, los profesionales destacaron el papel central que tiene esta disciplina dentro del mundo de la pol\u00edtica y &hellip;<\/p>\n","protected":false},"author":2,"featured_media":15095,"comment_status":"open","ping_status":"open","sticky":false,"template":"","format":"standard","meta":{"footnotes":""},"categories":[34],"tags":[3066,3064,3065,200,3063,265,186],"class_list":["post-15091","post","type-post","status-publish","format-standard","has-post-thumbnail","hentry","category-locales","tag-discurso-inaugural","tag-escuela-de-oratoria","tag-escuela-de-oratoria-argentina","tag-javier-milei","tag-oratoria","tag-osvaldo-jaldo","tag-rossana-chahla"],"_links":{"self":[{"href":"https:\/\/cafeprensa.com.ar\/index.php\/wp-json\/wp\/v2\/posts\/15091","targetHints":{"allow":["GET"]}}],"collection":[{"href":"https:\/\/cafeprensa.com.ar\/index.php\/wp-json\/wp\/v2\/posts"}],"about":[{"href":"https:\/\/cafeprensa.com.ar\/index.php\/wp-json\/wp\/v2\/types\/post"}],"author":[{"embeddable":true,"href":"https:\/\/cafeprensa.com.ar\/index.php\/wp-json\/wp\/v2\/users\/2"}],"replies":[{"embeddable":true,"href":"https:\/\/cafeprensa.com.ar\/index.php\/wp-json\/wp\/v2\/comments?post=15091"}],"version-history":[{"count":5,"href":"https:\/\/cafeprensa.com.ar\/index.php\/wp-json\/wp\/v2\/posts\/15091\/revisions"}],"predecessor-version":[{"id":15119,"href":"https:\/\/cafeprensa.com.ar\/index.php\/wp-json\/wp\/v2\/posts\/15091\/revisions\/15119"}],"wp:featuredmedia":[{"embeddable":true,"href":"https:\/\/cafeprensa.com.ar\/index.php\/wp-json\/wp\/v2\/media\/15095"}],"wp:attachment":[{"href":"https:\/\/cafeprensa.com.ar\/index.php\/wp-json\/wp\/v2\/media?parent=15091"}],"wp:term":[{"taxonomy":"category","embeddable":true,"href":"https:\/\/cafeprensa.com.ar\/index.php\/wp-json\/wp\/v2\/categories?post=15091"},{"taxonomy":"post_tag","embeddable":true,"href":"https:\/\/cafeprensa.com.ar\/index.php\/wp-json\/wp\/v2\/tags?post=15091"}],"curies":[{"name":"wp","href":"https:\/\/api.w.org\/{rel}","templated":true}]}}