{"id":15096,"date":"2026-03-07T21:15:43","date_gmt":"2026-03-08T00:15:43","guid":{"rendered":"https:\/\/cafeprensa.com.ar\/?p=15096"},"modified":"2026-03-07T21:15:43","modified_gmt":"2026-03-08T00:15:43","slug":"encuesta-nacional-deja-mal-parados-a-los-senadores-tucumanos","status":"publish","type":"post","link":"https:\/\/cafeprensa.com.ar\/index.php\/2026\/03\/07\/encuesta-nacional-deja-mal-parados-a-los-senadores-tucumanos\/","title":{"rendered":"Encuesta nacional deja mal parados a los senadores tucumanos"},"content":{"rendered":"<div class=\"space-y-3\">\n<div class=\"max-w-4xl\">\n<p class=\"text-3xl md:text-4xl font-bold\">Manzur, Mendoza y \u00c1vila, con valoraci\u00f3n negativa. Un relevamiento nacional de la consultora CB Consultora Opini\u00f3n P\u00fablica ubic\u00f3 a <strong>los tres representantes de Tucum\u00e1n en el Senado en posiciones rezagadas de imagen p\u00fablica. Juan Manzur figura entre los peores del pa\u00eds, mientras que Sandra Mendoza y Beatriz \u00c1vila<\/strong> tambi\u00e9n registran diferenciales negativos y altos niveles de desconocimiento.<img loading=\"lazy\" decoding=\"async\" class=\"alignnone wp-image-15098 size-full\" src=\"https:\/\/cafeprensa.com.ar\/wp-content\/uploads\/2026\/03\/senado-6.jpg\" alt=\"\" width=\"987\" height=\"555\" srcset=\"https:\/\/cafeprensa.com.ar\/wp-content\/uploads\/2026\/03\/senado-6.jpg 987w, https:\/\/cafeprensa.com.ar\/wp-content\/uploads\/2026\/03\/senado-6-300x169.jpg 300w, https:\/\/cafeprensa.com.ar\/wp-content\/uploads\/2026\/03\/senado-6-768x432.jpg 768w, https:\/\/cafeprensa.com.ar\/wp-content\/uploads\/2026\/03\/senado-6-390x220.jpg 390w\" sizes=\"auto, (max-width: 987px) 100vw, 987px\" \/><\/p>\n<\/div>\n<\/div>\n<div class=\"flex flex-col md:flex-row mt-3 gap-4 relative\">\n<div class=\"grow md:w-[856px] relative\">\n<div>\n<div class=\"relative -top-2\"><\/div>\n<\/div>\n<div class=\"md:flex md:items-start md:justify-between md:gap-8 relative \">\n<div class=\"pb-7 font-thin\">\n<p class=\"text-lg\">Un ranking nacional de imagen de senadores difundido en febrero por la consultora CB muestra un escenario poco favorable para la representaci\u00f3n tucumana en el Congreso. Los tres senadores de la provincia:\u00a0<strong>Juan Manzur<\/strong>\u00a0(bancada kirchnerista),\u00a0<strong>Sandra Mendoza<\/strong>\u00a0(Convicci\u00f3n Federal) y\u00a0<strong>Beatriz \u00c1vila\u00a0<\/strong>(bloque Independencia), aparecen en la mitad inferior de la tabla y con diferenciales de imagen negativos.<\/p>\n<p class=\"text-lg\"><strong>El informe, elaborado sobre una muestra nacional de 1.952 casos, eval\u00faa la percepci\u00f3n p\u00fablica de los 72 senadores argentinos y ordena a los dirigentes seg\u00fan su diferencial de imagen entre opiniones positivas y negativas. <\/strong>El peor posicionado de los tres tucumanos es el exgobernador de Tucum\u00e1n Juan Manzur, alineado con el kirchnerismo. Seg\u00fan el estudio, ocupa uno de los \u00faltimos lugares del ranking nacional con un diferencial de imagen de -26,9%.<img loading=\"lazy\" decoding=\"async\" class=\"alignnone wp-image-15013 size-full\" src=\"https:\/\/cafeprensa.com.ar\/wp-content\/uploads\/2026\/03\/municipalidad-de-concepcion.jpg\" alt=\"\" width=\"851\" height=\"315\" srcset=\"https:\/\/cafeprensa.com.ar\/wp-content\/uploads\/2026\/03\/municipalidad-de-concepcion.jpg 851w, https:\/\/cafeprensa.com.ar\/wp-content\/uploads\/2026\/03\/municipalidad-de-concepcion-300x111.jpg 300w, https:\/\/cafeprensa.com.ar\/wp-content\/uploads\/2026\/03\/municipalidad-de-concepcion-768x284.jpg 768w\" sizes=\"auto, (max-width: 851px) 100vw, 851px\" \/><\/p>\n<p class=\"text-lg\"><strong>El relevamiento,\u00a0indica que Manzur registra 13,5% de imagen positiva y 40,4% de negativa, mientras que 46,1% de los encuestados respondi\u00f3 que no lo conoce o no tiene opini\u00f3n formada, es decir que no sabe qu\u00e9 es lo que hace el exgobernador desde que ocupa una banca en el Senado.<\/strong><\/p>\n<p class=\"text-lg\">El dato refleja un doble problema pol\u00edtico, ya que por un lado, un saldo claramente negativo entre quienes s\u00ed lo eval\u00faan y, por otro, un nivel significativo de desconocimiento para un dirigente que fue dos veces gobernador, ministro de Salud y jefe de Gabinete de la Naci\u00f3n durante los \u00faltimos gobiernos kirchneristas.<\/p>\n<blockquote><p>Mendoza y \u00c1vila, tambi\u00e9n con n\u00fameros negativos<\/p><\/blockquote>\n<p class=\"text-lg\"><strong>Las otras dos representantes tucumanas tampoco logran escapar del escenario adverso. La senadora peronista Sandra Mendoza, quien dej\u00f3 el interbloque kirchnerista para integrarse al bloque Convicci\u00f3n Federal, aparece con un diferencial de -17,3%, producto de 8,6% de imagen positiva frente a 25,9% de negativa, mientras que 65,5% de los encuestados respondi\u00f3 que no la conoce o no tiene opini\u00f3n.<\/strong><\/p>\n<p class=\"text-lg\">En t\u00e9rminos pol\u00edticos, el dato vuelve a exponer una de las principales debilidades de varios legisladores nacionales, ya que refleja una baja visibilidad p\u00fablica sobre su tarea en el Congreso.<img loading=\"lazy\" decoding=\"async\" class=\"alignnone wp-image-14958 size-full\" src=\"https:\/\/cafeprensa.com.ar\/wp-content\/uploads\/2026\/03\/970x90-1.gif\" alt=\"\" width=\"970\" height=\"90\" \/><\/p>\n<p class=\"text-lg\"><strong>Algo similar ocurre con Beatriz \u00c1vila, integrante del Bloque Independencia y aliada al gobernador\u00a0Osvaldo Jaldo, quien registra un diferencial de -17,5%. En su caso, la encuesta muestra 1,2% de imagen positiva y 18,7% de negativa, con un 80,1% de desconocimiento, uno de los niveles m\u00e1s altos entre los senadores.<\/strong><\/p>\n<p class=\"text-lg\">Ese dato sugiere que, pese a su trayectoria pol\u00edtica en Tucum\u00e1n y su presencia en el Senado, su nivel de conocimiento a nivel nacional sigue siendo limitado. El ranking deja a Tucum\u00e1n en una posici\u00f3n inc\u00f3moda dentro del mapa pol\u00edtico nacional, ya que ninguno de sus senadores aparece entre los 24 mejores del pa\u00eds, el segmento que el informe clasifica como de mejor diferencial de imagen.<\/p>\n<p class=\"text-lg\"><strong>Por el contrario, los tres se ubican en la zona media o baja del listado, con saldos negativos en cuanto a imagen y altos porcentajes de desconocimiento.<\/strong><\/p>\n<p><img decoding=\"async\" class=\"max-w-full h-auto object-contain\" title=\"Captura de pantalla 2026-03-06 181449.jpg\" src=\"https:\/\/res.cloudinary.com\/dut4yhfgk\/image\/upload\/v1772832025\/Noticias\/general\/imagen-contenido\/content\/content-image-Captura%20-1772832024191.jpg\" alt=\"Captura de pantalla 2026-03-06 181449.jpg\" \/><\/p>\n<p class=\"text-lg\">\n<blockquote><p>Los mejores y los peores<\/p><\/blockquote>\n<p class=\"text-lg\">El resumen ejecutivo del informe de la consultora CB Consultora Opini\u00f3n P\u00fablica destaca que los senadores con mejor diferencial de imagen a nivel nacional en febrero de 2026 son\u00a0<strong>Carlos &#8216;Camau&#8217; Esp\u00ednola\u00a0<\/strong>(Corrientes, aliado a<strong>\u00a0Javier Milei<\/strong>), quien encabeza el ranking con -1,6%, seguido por\u00a0<strong>Sergio U\u00f1ac<\/strong>\u00a0(San Juan-PJ) con -4,6% y\u00a0<strong>Luis Juez<\/strong> (C\u00f3rdoba, aliado a Milei) con -5,1%.<\/p>\n<p class=\"text-lg\">En el otro extremo del listado aparecen los legisladores con peor diferencial de imagen, encabezados por\u00a0<strong>Gerardo Zamora<\/strong>\u00a0(Santiago del Estero\/cercano al kirchnerismo) con -32,6%, seguido por\u00a0<strong>Juliana Di Tullio\u00a0<\/strong>(Buenos Aires\/kirchnerista) con -29,5% y\u00a0<strong>Carmen \u00c1lvarez Rivero<\/strong> (Libertaria, de C\u00f3rdoba) con -29,1%.<\/p>\n<p class=\"text-lg\">El informe tambi\u00e9n subraya que la dirigente con mayor nivel de desconocimiento a nivel nacional es\u00a0<strong>Ana Marks<\/strong>\u00a0(R\u00edo Negro\/kirchnerista), con 93,4% de respuestas \u201cno sabe\/no contesta\u201d, lo que refleja el bajo nivel de conocimiento p\u00fablico que a\u00fan tienen varios integrantes del Senado fuera de sus provincias.<\/p>\n<\/div>\n<\/div>\n<\/div>\n<\/div>\n","protected":false},"excerpt":{"rendered":"<p>Manzur, Mendoza y \u00c1vila, con valoraci\u00f3n negativa. Un relevamiento nacional de la consultora CB Consultora Opini\u00f3n P\u00fablica ubic\u00f3 a los tres representantes de Tucum\u00e1n en el Senado en posiciones rezagadas de imagen p\u00fablica. Juan Manzur figura entre los peores del pa\u00eds, mientras que Sandra Mendoza y Beatriz \u00c1vila tambi\u00e9n registran diferenciales negativos y altos niveles &hellip;<\/p>\n","protected":false},"author":2,"featured_media":15097,"comment_status":"open","ping_status":"open","sticky":false,"template":"","format":"standard","meta":{"footnotes":""},"categories":[34,1612],"tags":[224,143,85,627],"class_list":["post-15096","post","type-post","status-publish","format-standard","has-post-thumbnail","hentry","category-locales","category-senado-de-la-nacion","tag-avila","tag-manzur","tag-mendoza","tag-senadores"],"_links":{"self":[{"href":"https:\/\/cafeprensa.com.ar\/index.php\/wp-json\/wp\/v2\/posts\/15096","targetHints":{"allow":["GET"]}}],"collection":[{"href":"https:\/\/cafeprensa.com.ar\/index.php\/wp-json\/wp\/v2\/posts"}],"about":[{"href":"https:\/\/cafeprensa.com.ar\/index.php\/wp-json\/wp\/v2\/types\/post"}],"author":[{"embeddable":true,"href":"https:\/\/cafeprensa.com.ar\/index.php\/wp-json\/wp\/v2\/users\/2"}],"replies":[{"embeddable":true,"href":"https:\/\/cafeprensa.com.ar\/index.php\/wp-json\/wp\/v2\/comments?post=15096"}],"version-history":[{"count":1,"href":"https:\/\/cafeprensa.com.ar\/index.php\/wp-json\/wp\/v2\/posts\/15096\/revisions"}],"predecessor-version":[{"id":15099,"href":"https:\/\/cafeprensa.com.ar\/index.php\/wp-json\/wp\/v2\/posts\/15096\/revisions\/15099"}],"wp:featuredmedia":[{"embeddable":true,"href":"https:\/\/cafeprensa.com.ar\/index.php\/wp-json\/wp\/v2\/media\/15097"}],"wp:attachment":[{"href":"https:\/\/cafeprensa.com.ar\/index.php\/wp-json\/wp\/v2\/media?parent=15096"}],"wp:term":[{"taxonomy":"category","embeddable":true,"href":"https:\/\/cafeprensa.com.ar\/index.php\/wp-json\/wp\/v2\/categories?post=15096"},{"taxonomy":"post_tag","embeddable":true,"href":"https:\/\/cafeprensa.com.ar\/index.php\/wp-json\/wp\/v2\/tags?post=15096"}],"curies":[{"name":"wp","href":"https:\/\/api.w.org\/{rel}","templated":true}]}}