{"id":15103,"date":"2026-03-07T21:41:38","date_gmt":"2026-03-08T00:41:38","guid":{"rendered":"https:\/\/cafeprensa.com.ar\/?p=15103"},"modified":"2026-03-07T21:41:51","modified_gmt":"2026-03-08T00:41:51","slug":"fue-un-centro-de-ski-top-de-mendoza-en-los-90-y-hoy-esta-en-ruinas","status":"publish","type":"post","link":"https:\/\/cafeprensa.com.ar\/index.php\/2026\/03\/07\/fue-un-centro-de-ski-top-de-mendoza-en-los-90-y-hoy-esta-en-ruinas\/","title":{"rendered":"Fue un centro de ski top de Mendoza en los &#8217;90 y hoy est\u00e1 en ruinas"},"content":{"rendered":"<header class=\"article-top\">\n<p class=\"title full padding-lr fsize-xl\"><strong>El plan para salvarlo de la decadencia. <\/strong>Los Penitentes atraviesa una aguda crisis. Disputas entre fundadores llevaron a su expropiaci\u00f3n. Nuevos due\u00f1os intentan reconvertirlo en parque de monta\u00f1a.<\/p>\n<div class=\"image-container img-wide padding-b\"><picture><source srcset=\"https:\/\/resizer.iproimg.com\/unsafe\/384x\/filters:format(webp):quality(75):max_bytes(102400)\/https:\/\/assets.iprofesional.com\/assets\/jpg\/2026\/03\/612846.jpg 384w, https:\/\/resizer.iproimg.com\/unsafe\/512x\/filters:format(webp):quality(75):max_bytes(102400)\/https:\/\/assets.iprofesional.com\/assets\/jpg\/2026\/03\/612846.jpg 512w, https:\/\/resizer.iproimg.com\/unsafe\/640x\/filters:format(webp):quality(75):max_bytes(102400)\/https:\/\/assets.iprofesional.com\/assets\/jpg\/2026\/03\/612846.jpg 640w\" type=\"image\/webp\" media=\"(max-width: 642px)\" sizes=\"100vw\" \/><source srcset=\"https:\/\/resizer.iproimg.com\/unsafe\/614x\/filters:format(webp):quality(75):max_bytes(102400)\/https:\/\/assets.iprofesional.com\/assets\/jpg\/2026\/03\/612846.jpg 614w\" type=\"image\/webp\" media=\"(min-width: 642.01px) and (max-width: 1270px)\" sizes=\"614px\" \/><source srcset=\"https:\/\/resizer.iproimg.com\/unsafe\/928x\/filters:format(webp):quality(75):max_bytes(102400)\/https:\/\/assets.iprofesional.com\/assets\/jpg\/2026\/03\/612846.jpg 928w\" type=\"image\/webp\" media=\"(min-width: 1270.01px) and (max-width: 1898px)\" sizes=\"928px\" \/><source srcset=\"https:\/\/resizer.iproimg.com\/unsafe\/1270x\/filters:format(webp):quality(75):max_bytes(102400)\/https:\/\/assets.iprofesional.com\/assets\/jpg\/2026\/03\/612846.jpg 1270w\" type=\"image\/webp\" media=\"(min-width: 1898.01px)\" sizes=\"1270px\" \/><img loading=\"lazy\" decoding=\"async\" class=\"\" src=\"https:\/\/resizer.iproimg.com\/unsafe\/768x\/filters:format(webp):quality(75):max_bytes(102400)\/https:\/\/assets.iprofesional.com\/assets\/jpg\/2026\/03\/612846.jpg\" sizes=\"auto, 100vw\" alt=\"Fue un centro de ski top de Mendoza en los '90 y hoy est\u00e1 en ruinas: el plan para salvarlo de la decadencia\" width=\"768\" height=\"432\" \/><\/picture><\/div>\n<\/header>\n<div class=\"article-content full padding-lr\">\n<p data-mrf-recirculation=\"Links art\u00edculo\">Lejos de sus tiempos de gloria, cuando sus 25\u00a0pistas de\u00a0<strong>esqu\u00ed<\/strong>\u00a0convocaban a deportistas profesionales y amateurs en cada temporada invernal, el complejo\u00a0<strong>\u00abLos Penitentes\u00bb\u00a0<\/strong>ofrece hoy una imagen de<strong>\u00a0soledad y abandono.<\/strong><\/p>\n<p data-mrf-recirculation=\"Links art\u00edculo\">Edificios deshabitados y con carteles de venta, medios de elevaci\u00f3n paralizados, hierros retorcidos y rocas desnudas que en otro momento estaban recubiertas de nieve, presentan un panorama desolador.\u00a0Ubicado sobre la ruta 7, a pocos kil\u00f3metros del l\u00edmite de\u00a0<strong>Mendoza<\/strong>\u00a0con Chile, este centro de deportes invernales que debe su nombre a las caprichosas figuras sobre la monta\u00f1a que se asemejan a tres monjes arrodillados, permaneci\u00f3<strong> casi una d\u00e9cada inactivo por falta de nieve.<\/strong><\/p>\n<p data-mrf-recirculation=\"Links art\u00edculo\">Y a\u00f1o tras a\u00f1o, los\u00a0<strong>problemas financieros<\/strong>\u00a0llevaron a disputas en la familia que controlaba el predio desde 1978. As\u00ed, los herederos del fundador, Emilio L\u00f3pez Frugoni, un destacado ingeniero y ex ministro provincial de Obras P\u00fablicas, se dividi\u00f3 en dos bandos: dos hermanos, por un lado, y tres por el otro.<\/p>\n<p data-mrf-recirculation=\"Links art\u00edculo\">Luego de una larga saga de impugnaciones de balances y asambleas, denuncias penales y demandas civiles que se tramitaron en la justicia,\u00a0<strong>en 2019 el gobierno provincial expropi\u00f3 el predio.<\/strong>\u00a0Un a\u00f1o despu\u00e9s, llam\u00f3 a licitaci\u00f3n para concesionar los servicios, y result\u00f3 desierta. Finalmente,\u00a0en 2024, la empresa adjudicataria de una nueva licitaci\u00f3n, Mapsa Group, present\u00f3 un proyecto para reconvertir al ex centro de esqu\u00ed en un \u00abparque de monta\u00f1a\u00bb.<\/p>\n<div class=\"imagen\">\n<p><img loading=\"lazy\" decoding=\"async\" class=\"lazyload loaded\" src=\"https:\/\/resizer.iproimg.com\/unsafe\/filters:format(webp):quality(70)\/https:\/\/assets.iprofesional.com\/assets\/jpg\/2026\/03\/612843.jpg\" alt=\"image placeholder\" width=\"1280\" height=\"720\" data-src=\"https:\/\/assets.iprofesional.com\/assets\/jpg\/2026\/03\/612843.jpg\" \/><\/p>\n<div class=\"epigrafe\">En cada tenmporada, las 25 pistas del centro de esqu\u00ed \u00abLos Penitentes\u00bb convocaban a deportistas profesionales y amateurs. La firma -de v\u00ednculos cercanos al actual gobernador Alfredo Cornejo, seg\u00fan se cuenta en la provincia- tambi\u00e9n opera los parques de aventuras<strong>\u00a0\u00abVillavicencio Park\u00bb y \u00abPotrerillos Park\u00bb.<\/strong><\/div>\n<\/div>\n<p data-mrf-recirculation=\"Links art\u00edculo\"><strong>Su proyecto se basa en la instalaci\u00f3n de una bodega de vinos de altura, acondicionamiento de senderos para trekking en las antiguas pistas de esqu\u00ed y snowboard, un \u00e1rea para eventos al aire libre, reacondicionamiento del restaurante y los sanitarios, y la construcci\u00f3n de un centro comercial. Tambi\u00e9n se propone utilizar algunas de las pistas para trineos y culi-pat\u00edn (actividades que requieren menos nieve que el esqu\u00ed).<\/strong><\/p>\n<p data-mrf-recirculation=\"Links art\u00edculo\">La iniciativa permitir\u00eda revitalizar el alquiler temporario de los departamentos en el complejo edilicio, al igual que un restaurante y bar que a\u00fan subsiste dado que se encuentra al borde de la ruta 7, transitada por veh\u00edculos particulares, de pasajeros y de carga que van y vienen hacia el l\u00edmite con Chile.<\/p>\n<div class=\"imagen\">\n<p><strong><img loading=\"lazy\" decoding=\"async\" class=\"lazyload loaded\" src=\"https:\/\/resizer.iproimg.com\/unsafe\/filters:format(webp):quality(70)\/https:\/\/assets.iprofesional.com\/assets\/jpg\/2026\/03\/612847.jpg\" alt=\"image placeholder\" width=\"1280\" height=\"720\" data-src=\"https:\/\/assets.iprofesional.com\/assets\/jpg\/2026\/03\/612847.jpg\" \/><\/strong><\/p>\n<div class=\"epigrafe\"><span style=\"font-size: 8pt;\"><strong>Hoy el complejo \u00abLos Penitentes\u00bb ofrece una imagen de soledad y abandono.<\/strong><\/span><\/div>\n<div class=\"epigrafe\"><span style=\"font-size: 24px; font-weight: bold;\">El impacto del cambio clim\u00e1tico<\/span><\/div>\n<\/div>\n<p data-mrf-recirculation=\"Links art\u00edculo\">Los Penitentes no es el \u00fanico centro de esqu\u00ed del pa\u00eds ni del mundo que atraviesa dificultades por falta de su principal insumo y raz\u00f3n de ser: la nieve.\u00a0<strong>En la \u00faltima d\u00e9cada, las nevadas err\u00e1ticas, tard\u00edas y escasas, obligaron a clausurar pistas e instalar m\u00e1quinas de nieve artificial en centros como Chapelco (R\u00edo Negro), Las Le\u00f1as (Malarg\u00fce, al Sur de Mendoza), y Cerro Catedral (R\u00edo Negro), en un intento por adaptarse al calentamiento global.<\/strong><\/p>\n<p data-mrf-recirculation=\"Links art\u00edculo\">El<strong>\u00a0cambio clim\u00e1tico<\/strong>, acelerado por actividades humanas como el consumo de energ\u00eda f\u00f3sil, se traduce en menores nevadas en la zona de la cordillera, lo que a su vez impacta en el retroceso de los glaciares y en la regulaci\u00f3n del caudal de los r\u00edos de monta\u00f1a.<\/p>\n<p data-mrf-recirculation=\"Links art\u00edculo\"><strong>\u00abLa falta de nieve no solo compromete el turismo, sino tambi\u00e9n la disponibilidad de agua para consumo y agricultura, ya que los deshielos alimentan a los r\u00edos durante el verano\u00bb, sostiene Pierre Pitte, ge\u00f3logo e investigador del IANIGLA (Instituto Nacional de Nivolog\u00eda y Glaciares).<\/strong><\/p>\n<div class=\"imagen\">\n<p><img loading=\"lazy\" decoding=\"async\" class=\"lazyload loaded\" src=\"https:\/\/resizer.iproimg.com\/unsafe\/filters:format(webp):quality(70)\/https:\/\/assets.iprofesional.com\/assets\/jpg\/2026\/03\/612844.jpg\" alt=\"image placeholder\" width=\"1280\" height=\"720\" data-src=\"https:\/\/assets.iprofesional.com\/assets\/jpg\/2026\/03\/612844.jpg\" \/><\/p>\n<div class=\"epigrafe\">Los Penitentes no es el \u00fanico centro de esqu\u00ed que atraviesa dificultades por falta de su principal insumo y raz\u00f3n de ser: la nieve<\/div>\n<\/div>\n<p data-mrf-recirculation=\"Links art\u00edculo\">En tanto, la modificaci\u00f3n de la<strong>\u00a0Ley de Glaciares<\/strong>\u00a0que actualmente debate el Congreso,\u00a0<strong>podr\u00eda empeorar a\u00fan m\u00e1s la situaci\u00f3n.\u00a0<\/strong>El proyecto impulsado por el presidente Javier Milei dejar\u00eda en manos de cada provincia la autorizaci\u00f3n de emprendimientos mineros en la zona cordillerana, desprotegiendo a estas gigantescas masas de hielo que complementan a las nieves de alta monta\u00f1a como reservorios de agua.<\/p>\n<h2>Los costos de la adaptaci\u00f3n<\/h2>\n<p data-mrf-recirculation=\"Links art\u00edculo\">En vista de inviernos cada vez m\u00e1s inciertos (en los \u00faltimos cinco a\u00f1os, se alternaron semanas con temporales y exceso de nieve, con otras de calor y sequ\u00eda), algunos centros de esqu\u00ed como\u00a0<strong>Las Le\u00f1as,\u00a0<\/strong>decidieron instalar pistas en zonas m\u00e1s altas (y menos accesibles) de la monta\u00f1a. Y dejar las pistas m\u00e1s bajas para trineos y esqu\u00ed de principiantes.<\/p>\n<p data-mrf-recirculation=\"Links art\u00edculo\">En tanto,\u00a0<strong>los ca\u00f1ones de nieve<\/strong>, presentes en la mayor\u00eda de los complejos de esqu\u00ed, se convirtieron en una herramienta fundamental para mantener el funcionamiento de las pistas.<strong> Estos dispositivos mezclan aire comprimido y agua a temperaturas inferiores a los -2,5 \u00b0C para generar cristales de hielo que simulan la nieve natural. Una vez esparcidos, son compactados y distribuidos por m\u00e1quinas barredoras que alisan las pistas.<\/strong><\/p>\n<div class=\"imagen\">\n<p><img loading=\"lazy\" decoding=\"async\" class=\"lazyload loaded\" src=\"https:\/\/resizer.iproimg.com\/unsafe\/filters:format(webp):quality(70)\/https:\/\/assets.iprofesional.com\/assets\/jpg\/2026\/03\/612845.jpg\" alt=\"image placeholder\" width=\"1280\" height=\"720\" data-src=\"https:\/\/assets.iprofesional.com\/assets\/jpg\/2026\/03\/612845.jpg\" \/><\/p>\n<div class=\"epigrafe\">La iniciativa permitir\u00eda revitalizar el alquiler temporario de los departamentos en el complejo edilicio, al igual que un restaurante y bar que a\u00fan subsiste<\/div>\n<\/div>\n<p data-mrf-recirculation=\"Links art\u00edculo\"><strong>Sin embargo, su impacto ambiental no es inocuo. \u00abLas m\u00e1quinas de nieve extraen agua de r\u00edos y arroyos, y luego le agregan qu\u00edmicos para mantener su estructura. Con eso terminan contaminando el agua y el suelo\u00bb, denuncia la comunidad mapuche Curruhuinca, ubicada en las inmediaciones de Chapelco, en Neuqu\u00e9n.<\/strong><\/p>\n<p data-mrf-recirculation=\"Links art\u00edculo\">El pueblo Curruhuinca tiene un t\u00edtulo de propiedad comunitaria sobre estas tierras y reclama por el cuidado del agua, bajo una cosmovisi\u00f3n en la que la naturaleza y sus elementos son parte esencial de la vida.<\/p>\n<p data-mrf-recirculation=\"Links art\u00edculo\"><strong>Las pruebas est\u00e1n a la vista: el cambio clim\u00e1tico modific\u00f3 la fisonom\u00eda y el funcionamiento de los centros de esqu\u00ed y de alta monta\u00f1a. Pero adem\u00e1s de afectar a las actividades deportivas y tur\u00edsticas, est\u00e1 impactando en la econom\u00eda y la vida cotidiana.<\/strong><\/p>\n<p data-mrf-recirculation=\"Links art\u00edculo\">Es tiempo de actuar para frenar la actual crisis ambiental, o al menos mitigar sus efectos.<\/p>\n<\/div>\n","protected":false},"excerpt":{"rendered":"<p>El plan para salvarlo de la decadencia. Los Penitentes atraviesa una aguda crisis. Disputas entre fundadores llevaron a su expropiaci\u00f3n. Nuevos due\u00f1os intentan reconvertirlo en parque de monta\u00f1a. Lejos de sus tiempos de gloria, cuando sus 25\u00a0pistas de\u00a0esqu\u00ed\u00a0convocaban a deportistas profesionales y amateurs en cada temporada invernal, el complejo\u00a0\u00abLos Penitentes\u00bb\u00a0ofrece hoy una imagen de\u00a0soledad y &hellip;<\/p>\n","protected":false},"author":2,"featured_media":15104,"comment_status":"open","ping_status":"open","sticky":false,"template":"","format":"standard","meta":{"footnotes":""},"categories":[54,33],"tags":[3060,85],"class_list":["post-15103","post","type-post","status-publish","format-standard","has-post-thumbnail","hentry","category-interes-ganeral","category-nacionales","tag-los-penitentes","tag-mendoza"],"_links":{"self":[{"href":"https:\/\/cafeprensa.com.ar\/index.php\/wp-json\/wp\/v2\/posts\/15103","targetHints":{"allow":["GET"]}}],"collection":[{"href":"https:\/\/cafeprensa.com.ar\/index.php\/wp-json\/wp\/v2\/posts"}],"about":[{"href":"https:\/\/cafeprensa.com.ar\/index.php\/wp-json\/wp\/v2\/types\/post"}],"author":[{"embeddable":true,"href":"https:\/\/cafeprensa.com.ar\/index.php\/wp-json\/wp\/v2\/users\/2"}],"replies":[{"embeddable":true,"href":"https:\/\/cafeprensa.com.ar\/index.php\/wp-json\/wp\/v2\/comments?post=15103"}],"version-history":[{"count":2,"href":"https:\/\/cafeprensa.com.ar\/index.php\/wp-json\/wp\/v2\/posts\/15103\/revisions"}],"predecessor-version":[{"id":15106,"href":"https:\/\/cafeprensa.com.ar\/index.php\/wp-json\/wp\/v2\/posts\/15103\/revisions\/15106"}],"wp:featuredmedia":[{"embeddable":true,"href":"https:\/\/cafeprensa.com.ar\/index.php\/wp-json\/wp\/v2\/media\/15104"}],"wp:attachment":[{"href":"https:\/\/cafeprensa.com.ar\/index.php\/wp-json\/wp\/v2\/media?parent=15103"}],"wp:term":[{"taxonomy":"category","embeddable":true,"href":"https:\/\/cafeprensa.com.ar\/index.php\/wp-json\/wp\/v2\/categories?post=15103"},{"taxonomy":"post_tag","embeddable":true,"href":"https:\/\/cafeprensa.com.ar\/index.php\/wp-json\/wp\/v2\/tags?post=15103"}],"curies":[{"name":"wp","href":"https:\/\/api.w.org\/{rel}","templated":true}]}}