{"id":15107,"date":"2026-03-07T21:49:45","date_gmt":"2026-03-08T00:49:45","guid":{"rendered":"https:\/\/cafeprensa.com.ar\/?p=15107"},"modified":"2026-03-07T21:49:45","modified_gmt":"2026-03-08T00:49:45","slug":"la-ucr-bonaerense-confirmo-la-eleccion-interna-para-el-7-de-junio","status":"publish","type":"post","link":"https:\/\/cafeprensa.com.ar\/index.php\/2026\/03\/07\/la-ucr-bonaerense-confirmo-la-eleccion-interna-para-el-7-de-junio\/","title":{"rendered":"La UCR bonaerense confirm\u00f3 la elecci\u00f3n interna para el 7 de junio"},"content":{"rendered":"<div class=\"boxed auto\">\n<div class=\"row\">\n<div class=\"pb3p col-12 nota-encabezado\">\n<p class=\"ftitulo cgris-4 fz20 lh26 mb15 mb-md-0\">Los sectores de Maximiliano Abad y Mart\u00edn Lousteau impusieron su idea frente a la del actual presidente del Comit\u00e9 Provincia, Miguel Fern\u00e1ndez.\u00a0 El <strong>radicalismo bonaerense<\/strong>\u00a0dio un paso clave para buscar normalizar el partido y decidi\u00f3 adelantar la\u00a0<strong>elecci\u00f3n interna para el 7 de junio<\/strong>, tres meses antes que la fecha original, que era el 6 de septiembre. Ese d\u00eda se elegir\u00e1n las nuevas\u00a0<strong>autoridades del Comit\u00e9 Provincia<\/strong>.<img loading=\"lazy\" decoding=\"async\" class=\"alignnone wp-image-15109 size-full\" src=\"https:\/\/cafeprensa.com.ar\/wp-content\/uploads\/2026\/03\/ucr-bonaerense-elecciones-interna.webp\" alt=\"\" width=\"1024\" height=\"576\" srcset=\"https:\/\/cafeprensa.com.ar\/wp-content\/uploads\/2026\/03\/ucr-bonaerense-elecciones-interna.webp 1024w, https:\/\/cafeprensa.com.ar\/wp-content\/uploads\/2026\/03\/ucr-bonaerense-elecciones-interna-300x169.webp 300w, https:\/\/cafeprensa.com.ar\/wp-content\/uploads\/2026\/03\/ucr-bonaerense-elecciones-interna-768x432.webp 768w, https:\/\/cafeprensa.com.ar\/wp-content\/uploads\/2026\/03\/ucr-bonaerense-elecciones-interna-390x220.webp 390w\" sizes=\"auto, (max-width: 1024px) 100vw, 1024px\" \/><\/p>\n<\/div>\n<\/div>\n<\/div>\n<div class=\"boxed-fluid auto\">\n<div class=\"row\">\n<div id=\"columna-noticia-1\" class=\"col-12 col-md-9\">\n<div class=\"row\">\n<div class=\"col-12 col-md-10 col-md-offset-2 fparrafo cgris-5 fz18 lh32 mb20\">\n<div class=\"pl10 pr10 pl-md-0 pr-md-0\">\n<div class=\"wysiwyg mb15 mr-md-20 texto_nota\">\n<article>\n<p class=\"selectionShareable\"><strong>El qu\u00f3rum para votar la moci\u00f3n de adelantamiento de las elecciones se consigui\u00f3 gracias a la participaci\u00f3n de siete de los diez dirigentes que deb\u00edan definir este tema en La Plata. Tambi\u00e9n se avanz\u00f3 con el armado de una junta promotora.<\/strong><\/p>\n<\/article>\n<article>\n<p class=\"selectionShareable\">El sector que buscaba avanzar con esto es el liderado por el senador nacional\u00a0<strong>Maximiliano Abad<\/strong>, contra la posici\u00f3n del espacio que comanda su exsocio pol\u00edtico y actual presidente del Comit\u00e9,\u00a0<strong>Miguel Fern\u00e1ndez<\/strong>. En esta jugada, acompa\u00f1an a Abad\u00a0<strong>Mart\u00edn Lousteau, Daniel Salvador y Gustavo Posse,\u00a0<\/strong>entre otros dirigentes con espacios internos.<img loading=\"lazy\" decoding=\"async\" class=\"alignnone wp-image-15110 size-full\" src=\"https:\/\/cafeprensa.com.ar\/wp-content\/uploads\/2026\/03\/8_260108111211-1.gif\" alt=\"\" width=\"970\" height=\"90\" \/><\/p>\n<\/article>\n<article>\n<p class=\"selectionShareable\"><strong>Abad, el expresidente del comit\u00e9 provincial, sostiene que el radicalismo bonaerense debe resolver r\u00e1pidamente su crisis de conducci\u00f3n para encaminarse a recuperar presencia y competitividad pensando en 2027. Su espacio considera que para defender a los intendentes radicales y construir una alternativa s\u00f3lida es indispensable avanzar cuanto antes hacia una nueva conducci\u00f3n.<\/strong><\/p>\n<\/article>\n<article>\n<p class=\"selectionShareable\"><strong>La crisis institucional en el radicalismo se dispar\u00f3 con la irresuelta elecci\u00f3n de 2025\u00a0<\/strong>y, ante la inminencia de la elecci\u00f3n general del a\u00f1o pasado, entr\u00f3 en una tregua con un esquema de conducci\u00f3n de emergencia (el Comit\u00e9 y la Convenci\u00f3n provisorios) integrados por todos los sectores pero con un esquema de alianza y afinidades internas que desde entonces mut\u00f3.<img loading=\"lazy\" decoding=\"async\" class=\"alignnone wp-image-15013 size-full\" src=\"https:\/\/cafeprensa.com.ar\/wp-content\/uploads\/2026\/03\/municipalidad-de-concepcion.jpg\" alt=\"\" width=\"851\" height=\"315\" srcset=\"https:\/\/cafeprensa.com.ar\/wp-content\/uploads\/2026\/03\/municipalidad-de-concepcion.jpg 851w, https:\/\/cafeprensa.com.ar\/wp-content\/uploads\/2026\/03\/municipalidad-de-concepcion-300x111.jpg 300w, https:\/\/cafeprensa.com.ar\/wp-content\/uploads\/2026\/03\/municipalidad-de-concepcion-768x284.jpg 768w\" sizes=\"auto, (max-width: 851px) 100vw, 851px\" \/><\/p>\n<p class=\"selectionShareable\">La dirigencia radical cree que es necesario adelantar el reordenamiento partidario para prepararse mejor a\u00a0<strong>un eventual adelantamiento de las elecciones generales del a\u00f1o que viene<\/strong>, producto de un nuevo desdoblamiento electoral en provincia de Buenos Aires.<\/p>\n<\/article>\n<\/div>\n<\/div>\n<\/div>\n<\/div>\n<\/div>\n<\/div>\n<\/div>\n","protected":false},"excerpt":{"rendered":"<p>Los sectores de Maximiliano Abad y Mart\u00edn Lousteau impusieron su idea frente a la del actual presidente del Comit\u00e9 Provincia, Miguel Fern\u00e1ndez.\u00a0 El radicalismo bonaerense\u00a0dio un paso clave para buscar normalizar el partido y decidi\u00f3 adelantar la\u00a0elecci\u00f3n interna para el 7 de junio, tres meses antes que la fecha original, que era el 6 de &hellip;<\/p>\n","protected":false},"author":2,"featured_media":15108,"comment_status":"open","ping_status":"open","sticky":false,"template":"","format":"standard","meta":{"footnotes":""},"categories":[33,25],"tags":[110],"class_list":["post-15107","post","type-post","status-publish","format-standard","has-post-thumbnail","hentry","category-nacionales","category-politica","tag-ucr"],"_links":{"self":[{"href":"https:\/\/cafeprensa.com.ar\/index.php\/wp-json\/wp\/v2\/posts\/15107","targetHints":{"allow":["GET"]}}],"collection":[{"href":"https:\/\/cafeprensa.com.ar\/index.php\/wp-json\/wp\/v2\/posts"}],"about":[{"href":"https:\/\/cafeprensa.com.ar\/index.php\/wp-json\/wp\/v2\/types\/post"}],"author":[{"embeddable":true,"href":"https:\/\/cafeprensa.com.ar\/index.php\/wp-json\/wp\/v2\/users\/2"}],"replies":[{"embeddable":true,"href":"https:\/\/cafeprensa.com.ar\/index.php\/wp-json\/wp\/v2\/comments?post=15107"}],"version-history":[{"count":1,"href":"https:\/\/cafeprensa.com.ar\/index.php\/wp-json\/wp\/v2\/posts\/15107\/revisions"}],"predecessor-version":[{"id":15111,"href":"https:\/\/cafeprensa.com.ar\/index.php\/wp-json\/wp\/v2\/posts\/15107\/revisions\/15111"}],"wp:featuredmedia":[{"embeddable":true,"href":"https:\/\/cafeprensa.com.ar\/index.php\/wp-json\/wp\/v2\/media\/15108"}],"wp:attachment":[{"href":"https:\/\/cafeprensa.com.ar\/index.php\/wp-json\/wp\/v2\/media?parent=15107"}],"wp:term":[{"taxonomy":"category","embeddable":true,"href":"https:\/\/cafeprensa.com.ar\/index.php\/wp-json\/wp\/v2\/categories?post=15107"},{"taxonomy":"post_tag","embeddable":true,"href":"https:\/\/cafeprensa.com.ar\/index.php\/wp-json\/wp\/v2\/tags?post=15107"}],"curies":[{"name":"wp","href":"https:\/\/api.w.org\/{rel}","templated":true}]}}