{"id":15113,"date":"2026-03-08T20:42:22","date_gmt":"2026-03-08T23:42:22","guid":{"rendered":"https:\/\/cafeprensa.com.ar\/?p=15113"},"modified":"2026-03-08T20:42:22","modified_gmt":"2026-03-08T23:42:22","slug":"minibuses-urbanos-colectivos-electricos-y-energia-solar-para-modernizar-el-transporte-en-la-capital","status":"publish","type":"post","link":"https:\/\/cafeprensa.com.ar\/index.php\/2026\/03\/08\/minibuses-urbanos-colectivos-electricos-y-energia-solar-para-modernizar-el-transporte-en-la-capital\/","title":{"rendered":"Minibuses urbanos, colectivos el\u00e9ctricos y energ\u00eda solar para modernizar el transporte en la capital"},"content":{"rendered":"<p><strong>El concejal Carlos Arnedo present\u00f3 en el Honorable Concejo Deliberante de San Miguel de<\/strong><br \/>\n<strong>Tucum\u00e1n un paquete de proyectos que incluye minibuses diferenciales, colectivos<\/strong><br \/>\n<strong>el\u00e9ctricos, cargadores para veh\u00edculos el\u00e9ctricos, alumbrado inteligente y sem\u00e1foros solares<\/strong><br \/>\n<strong>para avanzar hacia una ciudad m\u00e1s moderna, eficiente y sustentable.<img loading=\"lazy\" decoding=\"async\" class=\"alignnone wp-image-15115 size-large\" src=\"https:\/\/cafeprensa.com.ar\/wp-content\/uploads\/2026\/03\/vehiculos-electricos-1024x896.jpg\" alt=\"\" width=\"1024\" height=\"896\" srcset=\"https:\/\/cafeprensa.com.ar\/wp-content\/uploads\/2026\/03\/vehiculos-electricos-1024x896.jpg 1024w, https:\/\/cafeprensa.com.ar\/wp-content\/uploads\/2026\/03\/vehiculos-electricos-300x263.jpg 300w, https:\/\/cafeprensa.com.ar\/wp-content\/uploads\/2026\/03\/vehiculos-electricos-768x672.jpg 768w, https:\/\/cafeprensa.com.ar\/wp-content\/uploads\/2026\/03\/vehiculos-electricos.jpg 1200w\" sizes=\"auto, (max-width: 1024px) 100vw, 1024px\" \/><\/strong><\/p>\n<p>Entre los proyectos vinculados al transporte, Arnedo propone la creaci\u00f3n de un Servicio<br \/>\nDiferencial de Minib\u00fas para el transporte p\u00fablico urbano de pasajeros, una alternativa<br \/>\npensada para mejorar la conectividad dentro del ejido municipal y ofrecer opciones m\u00e1s<br \/>\n\u00e1giles, eficientes y adaptadas a la din\u00e1mica actual de la ciudad.<\/p>\n<p><strong>Asimismo, el proyecto plantea que el Departamento Ejecutivo remita al Concejo Deliberante<\/strong><br \/>\n<strong>los pliegos de bases y condiciones para la licitaci\u00f3n del servicio de transporte p\u00fablico, con el<\/strong><br \/>\n<strong>objetivo de avanzar hacia un sistema m\u00e1s ordenado, moderno y transparente.<\/strong><\/p>\n<p>En esa misma l\u00ednea, Arnedo record\u00f3 que el Concejo Deliberante ya aprob\u00f3 una ordenanza<br \/>\nque promueve la incorporaci\u00f3n progresiva de colectivos el\u00e9ctricos en la ciudad, una<br \/>\niniciativa que busca avanzar hacia un sistema de transporte m\u00e1s limpio, silencioso y<br \/>\nambientalmente sustentable, alineado con las tendencias de movilidad urbana que ya<br \/>\nadoptan las principales ciudades del mundo.<\/p>\n<p><strong>El paquete de iniciativas tambi\u00e9n incluye proyectos orientados a desarrollar infraestructura<\/strong><br \/>\n<strong>para la movilidad el\u00e9ctrica, entre ellos la instalaci\u00f3n de cargadores para veh\u00edculos el\u00e9ctricos<\/strong><br \/>\n<strong>e h\u00edbridos en puntos estrat\u00e9gicos de la ciudad, promoviendo nuevas formas de transporte<\/strong><br \/>\n<strong>sustentable.<img loading=\"lazy\" decoding=\"async\" class=\"alignnone wp-image-15116 size-large\" src=\"https:\/\/cafeprensa.com.ar\/wp-content\/uploads\/2026\/03\/Buses-EV-y-GNC-02-1024x665.jpg\" alt=\"\" width=\"1024\" height=\"665\" srcset=\"https:\/\/cafeprensa.com.ar\/wp-content\/uploads\/2026\/03\/Buses-EV-y-GNC-02-1024x665.jpg 1024w, https:\/\/cafeprensa.com.ar\/wp-content\/uploads\/2026\/03\/Buses-EV-y-GNC-02-300x195.jpg 300w, https:\/\/cafeprensa.com.ar\/wp-content\/uploads\/2026\/03\/Buses-EV-y-GNC-02-768x499.jpg 768w, https:\/\/cafeprensa.com.ar\/wp-content\/uploads\/2026\/03\/Buses-EV-y-GNC-02.jpg 1300w\" sizes=\"auto, (max-width: 1024px) 100vw, 1024px\" \/><\/strong><br \/>\nEn materia ambiental y de innovaci\u00f3n urbana, el concejal present\u00f3 tambi\u00e9n un conjunto de<br \/>\npropuestas destinadas a transformar a San Miguel de Tucum\u00e1n en una ciudad m\u00e1s eficiente<br \/>\nenerg\u00e9ticamente.<br \/>\n<em><strong>Entre ellas se destacan:<\/strong><\/em><br \/>\n<em><strong>\u2022 La implementaci\u00f3n de un Programa de Alumbrado P\u00fablico Inteligente, que permitir\u00e1<\/strong><\/em><br \/>\n<em><strong>optimizar el consumo energ\u00e9tico y mejorar la iluminaci\u00f3n urbana.<\/strong><\/em><br \/>\n<em><strong>\u2022 La instalaci\u00f3n de cargadores para veh\u00edculos el\u00e9ctricos e h\u00edbridos en distintos puntos de la<\/strong><\/em><br \/>\n<em><strong>ciudad, promoviendo nuevas formas de movilidad sostenible.<\/strong><\/em><br \/>\n<em><strong>\u2022 La creaci\u00f3n de un Programa de uso de energ\u00edas renovables mediante captaci\u00f3n de<\/strong><\/em><br \/>\n<em><strong>energ\u00eda solar para generaci\u00f3n fotovoltaica, fomentando la transici\u00f3n hacia energ\u00edas limpias.<\/strong><\/em><br \/>\n<em><strong>\u2022 La implementaci\u00f3n del Programa Sustentable de Sem\u00e1foros Solares, destinado a<\/strong><\/em><br \/>\n<em><strong>modernizar el sistema de semaforizaci\u00f3n y reducir el consumo energ\u00e9tico.<img loading=\"lazy\" decoding=\"async\" class=\"alignnone wp-image-15110 size-full\" src=\"https:\/\/cafeprensa.com.ar\/wp-content\/uploads\/2026\/03\/8_260108111211-1.gif\" alt=\"\" width=\"970\" height=\"90\" \/><\/strong><\/em><\/p>\n<p>Arnedo destac\u00f3 que estas iniciativas apuntan a anticipar los desaf\u00edos urbanos del futuro,<br \/>\nincorporando tecnolog\u00eda, eficiencia energ\u00e9tica y planificaci\u00f3n moderna en la gesti\u00f3n de la<br \/>\nciudad.<br \/>\n<strong>\u201cLas ciudades que piensan en el futuro son las que invierten en movilidad, innovaci\u00f3n y<\/strong><br \/>\n<strong>sustentabilidad. Estos proyectos buscan dar pasos concretos para que San Miguel de<\/strong><br \/>\n<strong>Tucum\u00e1n avance en esa direcci\u00f3n\u201d, se\u00f1al\u00f3 el concejal. <\/strong><\/p>\n<p>Con estas propuestas, Arnedo busca combinar mejoras en el transporte p\u00fablico con pol\u00edticas ambientales modernas, promoviendo una ciudad m\u00e1s ordenada, eficiente y<br \/>\npreparada para los desaf\u00edos de los pr\u00f3ximos a\u00f1os.<\/p>\n","protected":false},"excerpt":{"rendered":"<p>El concejal Carlos Arnedo present\u00f3 en el Honorable Concejo Deliberante de San Miguel de Tucum\u00e1n un paquete de proyectos que incluye minibuses diferenciales, colectivos el\u00e9ctricos, cargadores para veh\u00edculos el\u00e9ctricos, alumbrado inteligente y sem\u00e1foros solares para avanzar hacia una ciudad m\u00e1s moderna, eficiente y sustentable. Entre los proyectos vinculados al transporte, Arnedo propone la creaci\u00f3n de &hellip;<\/p>\n","protected":false},"author":2,"featured_media":15114,"comment_status":"open","ping_status":"open","sticky":false,"template":"","format":"standard","meta":{"footnotes":""},"categories":[1707,54],"tags":[2160,3062,795,3061],"class_list":["post-15113","post","type-post","status-publish","format-standard","has-post-thumbnail","hentry","category-concejales-de-tucuman","category-interes-ganeral","tag-cjal","tag-colectivos-electricos","tag-concejal-arnedo","tag-minibuses-urbanos"],"_links":{"self":[{"href":"https:\/\/cafeprensa.com.ar\/index.php\/wp-json\/wp\/v2\/posts\/15113","targetHints":{"allow":["GET"]}}],"collection":[{"href":"https:\/\/cafeprensa.com.ar\/index.php\/wp-json\/wp\/v2\/posts"}],"about":[{"href":"https:\/\/cafeprensa.com.ar\/index.php\/wp-json\/wp\/v2\/types\/post"}],"author":[{"embeddable":true,"href":"https:\/\/cafeprensa.com.ar\/index.php\/wp-json\/wp\/v2\/users\/2"}],"replies":[{"embeddable":true,"href":"https:\/\/cafeprensa.com.ar\/index.php\/wp-json\/wp\/v2\/comments?post=15113"}],"version-history":[{"count":1,"href":"https:\/\/cafeprensa.com.ar\/index.php\/wp-json\/wp\/v2\/posts\/15113\/revisions"}],"predecessor-version":[{"id":15117,"href":"https:\/\/cafeprensa.com.ar\/index.php\/wp-json\/wp\/v2\/posts\/15113\/revisions\/15117"}],"wp:featuredmedia":[{"embeddable":true,"href":"https:\/\/cafeprensa.com.ar\/index.php\/wp-json\/wp\/v2\/media\/15114"}],"wp:attachment":[{"href":"https:\/\/cafeprensa.com.ar\/index.php\/wp-json\/wp\/v2\/media?parent=15113"}],"wp:term":[{"taxonomy":"category","embeddable":true,"href":"https:\/\/cafeprensa.com.ar\/index.php\/wp-json\/wp\/v2\/categories?post=15113"},{"taxonomy":"post_tag","embeddable":true,"href":"https:\/\/cafeprensa.com.ar\/index.php\/wp-json\/wp\/v2\/tags?post=15113"}],"curies":[{"name":"wp","href":"https:\/\/api.w.org\/{rel}","templated":true}]}}