{"id":15120,"date":"2026-03-09T07:58:04","date_gmt":"2026-03-09T10:58:04","guid":{"rendered":"https:\/\/cafeprensa.com.ar\/?p=15120"},"modified":"2026-03-09T07:58:04","modified_gmt":"2026-03-09T10:58:04","slug":"pirincho-jimenez-es-dueno-de-todo","status":"publish","type":"post","link":"https:\/\/cafeprensa.com.ar\/index.php\/2026\/03\/09\/pirincho-jimenez-es-dueno-de-todo\/","title":{"rendered":"\u00abPirincho&#8217; Jim\u00e9nez es due\u00f1o de todo\u00bb"},"content":{"rendered":"<div class=\"space-y-3\">\n<div class=\"max-w-4xl\">\n<p class=\"text-3xl md:text-4xl font-bold\">Cisneros sobre la Justicia Penal en Tucum\u00e1n.El diputado y referente bancario replic\u00f3 las denuncias en su contra y se refiri\u00f3 a su desembarco en los medios. El episodio de la quema de una edici\u00f3n de La Gaceta. <img loading=\"lazy\" decoding=\"async\" class=\"alignnone wp-image-15122 size-full\" src=\"https:\/\/cafeprensa.com.ar\/wp-content\/uploads\/2026\/03\/oyoy2mhhmextkk6aci0b.jpg\" alt=\"\" width=\"800\" height=\"600\" srcset=\"https:\/\/cafeprensa.com.ar\/wp-content\/uploads\/2026\/03\/oyoy2mhhmextkk6aci0b.jpg 800w, https:\/\/cafeprensa.com.ar\/wp-content\/uploads\/2026\/03\/oyoy2mhhmextkk6aci0b-300x225.jpg 300w, https:\/\/cafeprensa.com.ar\/wp-content\/uploads\/2026\/03\/oyoy2mhhmextkk6aci0b-768x576.jpg 768w\" sizes=\"auto, (max-width: 800px) 100vw, 800px\" \/><\/p>\n<\/div>\n<\/div>\n<div class=\"flex flex-col md:flex-row mt-3 gap-4 relative\">\n<div class=\"grow md:w-[856px] relative\">\n<div class=\"md:flex md:items-start md:justify-between md:gap-8 relative \">\n<div class=\"pb-7 font-thin\">\n<p class=\"text-lg\">El diputado nacional\u00a0<strong>Carlos Cisneros<\/strong> lanz\u00f3 duras cr\u00edticas contra el funcionamiento de la Justicia penal de Tucum\u00e1n y denunci\u00f3 supuestas irregularidades en el proceso que termin\u00f3 con el sobreseimiento de los ex futbolistas de V\u00e9lez Sarsfield acusados de abuso sexual. El referente nacional bancario apunt\u00f3 contra magistrados, fiscales y contra el Ministerio P\u00fablico Fiscal, al mando de\u00a0<strong>Edmundo Jim\u00e9nez<\/strong>, al tiempo que afirm\u00f3 que el fallo \u201ccosifica y revictimiza\u201d a la denunciante.<\/p>\n<p class=\"text-lg\"><strong>\u201cEn Tucum\u00e1n yo siempre digo lo mismo: vos pod\u00e9s violar, pod\u00e9s hacer lo que quieras, pod\u00e9s violar una monja en la puerta de la Catedral, salir libre si ten\u00e9s plata y a los seis meses pod\u00e9s ser candidato\u201d, afirm\u00f3 Cisneros al describir lo que considera un sistema judicial permeable a presiones y dinero.<\/strong><\/p>\n<p class=\"text-lg\">El diputado apunt\u00f3 directamente contra el juez que resolvi\u00f3 el sobreseimiento en la causa. \u201cLo que ha pasado ac\u00e1 es la aberraci\u00f3n que ha cometido el juez\u00a0<strong>Augusto Jos\u00e9 Paz Almonacid<\/strong>, donde yo no tengo duda de que hubo dinero en el medio, porque si no no puede sacar ese fallo, cosificando, revictimizando a la v\u00edctima\u201d, sostuvo.<\/p>\n<p class=\"text-lg\">Seg\u00fan el dirigente sindical, el caso revela un entramado en el que el f\u00fatbol y el poder econ\u00f3mico influyen en la resoluci\u00f3n de causas judiciales. \u201cEl f\u00fatbol maneja mucho dinero\u201d, afirm\u00f3, y sugiri\u00f3 que los jugadores acusados pudieron haber sido protegidos por su proyecci\u00f3n deportiva. En ese sentido mencion\u00f3 particularmente al mediocampista paraguayo\u00a0<strong>Jos\u00e9 Florent\u00edn<\/strong>: \u201cA Florent\u00edn, que dicen que es muy bueno, era como decir: \u2018Che, te damos el sobreseimiento porque vos sos un tipo seleccionable\u2019. Se ven\u00eda el Mundial 2026, a\u00f1o de f\u00fatbol\u201d.<img loading=\"lazy\" decoding=\"async\" class=\"alignnone wp-image-15110 size-full\" src=\"https:\/\/cafeprensa.com.ar\/wp-content\/uploads\/2026\/03\/8_260108111211-1.gif\" alt=\"\" width=\"970\" height=\"90\" \/><\/p>\n<p class=\"text-lg\"><strong>Cisneros tambi\u00e9n vincul\u00f3 el proceso judicial con una denuncia paralela que lo involucr\u00f3 a \u00e9l y a otros dirigentes sindicales, que deriv\u00f3 en allanamientos a fines de septiembre. Seg\u00fan su versi\u00f3n, esa investigaci\u00f3n fue impulsada con rapidez inusual para influir en el desarrollo de la causa principal.<\/strong><\/p>\n<p class=\"text-lg\">\u201cLa denuncia la han presentado el 26 de septiembre. Un viernes ya estaba subida en el sistema y a la tarde ya estaban saliendo los allanamientos\u201d, relat\u00f3.<\/p>\n<p class=\"text-lg\"><strong>Para el diputado, esa secuencia evidencia una maniobra deliberada. \u201cTodo una cosa muy digitada, todo a una velocidad de meteoro\u201d, dijo, al compararlo con otros expedientes judiciales que tardan a\u00f1os en avanzar. \u201cTenemos el caso de Lebbos que demor\u00f3 20 a\u00f1os para llegar al juicio oral y ac\u00e1 era todo r\u00e1pido\u201d, agreg\u00f3.<\/strong><\/p>\n<p class=\"text-lg\">Seg\u00fan Cisneros, el objetivo era demorar el proceso judicial en el expediente principal. \u201cHan utilizado la premura de buscar el sobreseimiento, tratar de evitar que se eleve la causa a juicio. Entonces arman estas llamadas para causa paralela, que le digo yo causa armada, causa espejo, para ir ganando tiempo\u201d, explic\u00f3.<\/p>\n<p class=\"text-lg\"><strong>En ese contexto tambi\u00e9n cuestion\u00f3 los procedimientos de investigaci\u00f3n, en particular el secuestro de tel\u00e9fonos celulares. \u201cLe quitan los tel\u00e9fonos a la amiga de la v\u00edctima, le quitan los tel\u00e9fonos a los abogados, arman ese simulacro de allanamiento, revuelven todo\u201d, afirm\u00f3. Y sostuvo que ese tipo de acciones generan intimidaci\u00f3n en personas ajenas al sistema judicial: \u201cLa gente normal, que no est\u00e1 acostumbrada a que caigan a tu casa y te quiten el celular, tiene miedo\u201d.<\/strong><\/p>\n<blockquote><p>Contra Pirincho Jim\u00e9nez<\/p><\/blockquote>\n<p class=\"text-lg\">Gran parte de las acusaciones de Cisneros estuvieron dirigidas contra el ministro p\u00fablico fiscal, Edmundo \u201cPirincho\u201d Jim\u00e9nez, a quien responsabiliz\u00f3 de manejar el sistema penal provincial.<\/p>\n<p class=\"text-lg\">\u201cPirincho es due\u00f1o de todo\u201d, sostuvo el legislador. \u201c\u00c9l maneja ese negocio, maneja ese ida y vuelta\u201d, agreg\u00f3.<\/p>\n<p class=\"text-lg\"><strong>El diputado incluso compar\u00f3 el funcionamiento actual de la Justicia con \u00e9pocas de fuerte descr\u00e9dito institucional. \u201cA m\u00ed me hace acordar a la justicia penal que exist\u00eda cuando Jos\u00e9 Domato era gobernador y que despu\u00e9s termin\u00f3 intervenida\u201d, afirm\u00f3. Para describir ese contexto, relat\u00f3 una escena de aquellos a\u00f1os: \u201cHab\u00eda un bar al frente del tribunal que se llamaba Dalmacio. Vos te sentabas ah\u00ed y sab\u00edas cu\u00e1nto val\u00eda una causa, a qui\u00e9n iban a meter preso, a qui\u00e9n iban a extorsionar\u201d.<img loading=\"lazy\" decoding=\"async\" class=\"alignnone wp-image-14958 size-full\" src=\"https:\/\/cafeprensa.com.ar\/wp-content\/uploads\/2026\/03\/970x90-1.gif\" alt=\"\" width=\"970\" height=\"90\" \/><\/strong><\/p>\n<p class=\"text-lg\">Seg\u00fan Cisneros, la situaci\u00f3n actual reproduce esas pr\u00e1cticas. \u201cEsa es la justicia de Tucum\u00e1n hoy\u201d, sostuvo.<\/p>\n<p class=\"text-lg\"><strong>El dirigente sindical tambi\u00e9n denunci\u00f3 que su propio domicilio fue allanado de manera irregular durante la investigaci\u00f3n paralela. \u201cHay que ser muy hijo de puta, sabiendo que no pueden allanar la casa de un diputado nacional, querer sembrar una cuesti\u00f3n psicol\u00f3gica en la familia\u201d, afirm\u00f3.<\/strong><\/p>\n<p class=\"text-lg\">Cisneros asegur\u00f3 que ese procedimiento tuvo un fuerte impacto en su entorno familiar. \u201cEn mi casa hay una persona electrodependiente con enfermera las 24 horas. Ese temor psicol\u00f3gico que sembraron en la familia es un da\u00f1o\u201d, dijo.<\/p>\n<p class=\"text-lg\"><strong>Y agreg\u00f3 que no piensa olvidar ese episodio: \u201cEso no se lo voy a perdonar nunca a Pirincho Jim\u00e9nez\u201d.<\/strong><\/p>\n<blockquote><p>\u201cCosifican a la v\u00edctima\u201d<\/p><\/blockquote>\n<p class=\"text-lg\">El diputado tambi\u00e9n cuestion\u00f3 la l\u00ednea argumental utilizada en la causa para desacreditar a la denunciante. En particular, rechaz\u00f3 que se haya intentado instalar que la joven ejerc\u00eda la prostituci\u00f3n.<\/p>\n<p class=\"text-lg\"><strong>\u00bfTiene un prost\u00edbulo?, le pregunt\u00f3 TDN. \u201cNo, nada que ver. Quiere decir que todas las v\u00edctimas que son violadas son prostitutas\u201d, ironiz\u00f3. Y a\u00f1adi\u00f3: \u201cSi a una chica le pinta salir con un chico y ese chico la entrega con cuatro o cinco amigos, \u00bfeso es ejercer la prostituci\u00f3n?\u201d.<\/strong><\/p>\n<p class=\"text-lg\">Para Cisneros, ese enfoque desv\u00eda el eje del problema. \u201cAc\u00e1 est\u00e1n cambiando el eje de la discusi\u00f3n. Ac\u00e1 vos pod\u00e9s violar y salir tranquilamente\u201d, sostuvo.<\/p>\n<p class=\"text-lg\"><strong>El dirigente record\u00f3 adem\u00e1s que desde el gremio bancario impulsan pol\u00edticas de acompa\u00f1amiento a v\u00edctimas de violencia de g\u00e9nero. \u201cLa Bancaria tiene una secretar\u00eda especializada para tratar temas de g\u00e9nero y derechos humanos\u201d, explic\u00f3. \u201cTenemos un 0800 a nivel nacional para recibir denuncias\u201d, a\u00f1adi\u00f3.<\/strong><\/p>\n<blockquote><p>Su desembarco en los medios y la quema de una edici\u00f3n de La Gaceta<\/p><\/blockquote>\n<p class=\"text-lg\"><strong>Cisneros tambi\u00e9n se refiri\u00f3 a su participaci\u00f3n en el multimedios <em>Enterate<\/em>, una plataforma comunicacional que, seg\u00fan explic\u00f3, surgi\u00f3 como herramienta de difusi\u00f3n frente a lo que considera un cerco informativo en otros medios.<\/strong>\u201cYo tengo una participaci\u00f3n importante en\u00a0<em>Enterate<\/em>, que tiene que ver conmigo, con la Bancaria, con la secretaria general del gremio y con gente de Buenos Aires que se est\u00e1 asociando\u201d, afirm\u00f3.<\/p>\n<p class=\"text-lg\"><strong>El diputado aclar\u00f3 que no se considera un empresario de medios y que el proyecto surgi\u00f3 en un contexto pol\u00edtico espec\u00edfico. \u201cNosotros lo hicimos como instrumento de difusi\u00f3n para defendernos porque en el gobierno de Alperovich no nos defend\u00eda nadie. No sal\u00eda una nota, nadie publicaba nada por la presi\u00f3n que ejerc\u00eda el poder\u201d, sostuvo.<img loading=\"lazy\" decoding=\"async\" class=\"alignnone wp-image-14894 size-full\" src=\"https:\/\/cafeprensa.com.ar\/wp-content\/uploads\/2026\/03\/970x250-2.gif\" alt=\"\" width=\"970\" height=\"250\" \/><\/strong><\/p>\n<p class=\"text-lg\">Cisneros tambi\u00e9n respondi\u00f3 a versiones que lo vincularon hist\u00f3ricamente con la quema de ejemplares del diario\u00a0<em>La Gaceta<\/em> durante un conflicto con canillitas en los a\u00f1os 90. Seg\u00fan relat\u00f3, su participaci\u00f3n en aquel episodio se limit\u00f3 a respaldar el reclamo de los vendedores de diarios durante una disputa con la empresa por el precio de tapa.<\/p>\n<p class=\"text-lg\"><strong>\u201cLa Gaceta entra en conflicto con los canillitas porque el precio del diario se compart\u00eda mitad para el diario y mitad para los vendedores. Cuando el nuevo administrador baja el precio de tapa, los canillitas entran en conflicto\u201d, explic\u00f3. <\/strong>Cisneros afirm\u00f3 que en ese momento decidi\u00f3 acompa\u00f1ar a los trabajadores. \u201cYo voy a estar siempre al lado de los laburantes\u201d, dijo.<\/p>\n<p class=\"text-lg\"><strong>El legislador sostuvo que nunca fue acusado formalmente por aquel episodio. \u201cA m\u00ed nunca me presentaron una denuncia. Solamente hay un art\u00edculo de un diario nacional donde dice que Ricardo Fal\u00fa me hab\u00eda se\u00f1alado como responsable\u201d, se\u00f1al\u00f3.<img loading=\"lazy\" decoding=\"async\" class=\"alignnone wp-image-14695 size-full\" src=\"https:\/\/cafeprensa.com.ar\/wp-content\/uploads\/2026\/02\/8_260108110520.gif\" alt=\"\" width=\"970\" height=\"90\" \/><\/strong><\/p>\n<p class=\"text-lg\">Seg\u00fan su versi\u00f3n, el conflicto termin\u00f3 resolvi\u00e9ndose mediante una negociaci\u00f3n que involucr\u00f3 a dirigentes pol\u00edticos y sindicales. \u201cEra tanta la confianza que ten\u00edan los canillitas conmigo que cuando se firma el acuerdo delegan la responsabilidad en m\u00ed, en el administrador del diario, en el doctor Fal\u00fa y en el ex gobernador Julio Miranda\u201d, relat\u00f3. Para Cisneros, el episodio form\u00f3 parte de una disputa gremial m\u00e1s amplia.<strong> \u201cLos canillitas defend\u00edan su laburo\u201d, concluy\u00f3.<\/strong><\/p>\n<p><span style=\"font-size: 8pt;\"><strong>FUENTE:https:\/\/tendenciadenoticias.com.ar\/politica\/pirincho-jimenez-es-dueno-de-todo-lanzo-cisneros-sobre-la-justicia-penal-en-tucuman<\/strong><\/span><\/p>\n<\/div>\n<\/div>\n<\/div>\n<\/div>\n","protected":false},"excerpt":{"rendered":"<p>Cisneros sobre la Justicia Penal en Tucum\u00e1n.El diputado y referente bancario replic\u00f3 las denuncias en su contra y se refiri\u00f3 a su desembarco en los medios. El episodio de la quema de una edici\u00f3n de La Gaceta. El diputado nacional\u00a0Carlos Cisneros lanz\u00f3 duras cr\u00edticas contra el funcionamiento de la Justicia penal de Tucum\u00e1n y denunci\u00f3 &hellip;<\/p>\n","protected":false},"author":2,"featured_media":15121,"comment_status":"open","ping_status":"open","sticky":false,"template":"","format":"standard","meta":{"footnotes":""},"categories":[34,25],"tags":[545,2558],"class_list":["post-15120","post","type-post","status-publish","format-standard","has-post-thumbnail","hentry","category-locales","category-politica","tag-cisnero","tag-ministro-fiscal-pirincho-jimenez"],"_links":{"self":[{"href":"https:\/\/cafeprensa.com.ar\/index.php\/wp-json\/wp\/v2\/posts\/15120","targetHints":{"allow":["GET"]}}],"collection":[{"href":"https:\/\/cafeprensa.com.ar\/index.php\/wp-json\/wp\/v2\/posts"}],"about":[{"href":"https:\/\/cafeprensa.com.ar\/index.php\/wp-json\/wp\/v2\/types\/post"}],"author":[{"embeddable":true,"href":"https:\/\/cafeprensa.com.ar\/index.php\/wp-json\/wp\/v2\/users\/2"}],"replies":[{"embeddable":true,"href":"https:\/\/cafeprensa.com.ar\/index.php\/wp-json\/wp\/v2\/comments?post=15120"}],"version-history":[{"count":1,"href":"https:\/\/cafeprensa.com.ar\/index.php\/wp-json\/wp\/v2\/posts\/15120\/revisions"}],"predecessor-version":[{"id":15123,"href":"https:\/\/cafeprensa.com.ar\/index.php\/wp-json\/wp\/v2\/posts\/15120\/revisions\/15123"}],"wp:featuredmedia":[{"embeddable":true,"href":"https:\/\/cafeprensa.com.ar\/index.php\/wp-json\/wp\/v2\/media\/15121"}],"wp:attachment":[{"href":"https:\/\/cafeprensa.com.ar\/index.php\/wp-json\/wp\/v2\/media?parent=15120"}],"wp:term":[{"taxonomy":"category","embeddable":true,"href":"https:\/\/cafeprensa.com.ar\/index.php\/wp-json\/wp\/v2\/categories?post=15120"},{"taxonomy":"post_tag","embeddable":true,"href":"https:\/\/cafeprensa.com.ar\/index.php\/wp-json\/wp\/v2\/tags?post=15120"}],"curies":[{"name":"wp","href":"https:\/\/api.w.org\/{rel}","templated":true}]}}