{"id":15125,"date":"2026-03-09T09:52:59","date_gmt":"2026-03-09T12:52:59","guid":{"rendered":"https:\/\/cafeprensa.com.ar\/?p=15125"},"modified":"2026-03-09T09:52:59","modified_gmt":"2026-03-09T12:52:59","slug":"colalao-del-valle-celebro-la-vendimia","status":"publish","type":"post","link":"https:\/\/cafeprensa.com.ar\/index.php\/2026\/03\/09\/colalao-del-valle-celebro-la-vendimia\/","title":{"rendered":"Colalao del Valle celebr\u00f3 la Vendimia"},"content":{"rendered":"<div class=\"row ts-gutter-30 noticia\">\n<div class=\"col-lg-8 nota-left-section\">\n<div id=\"details-news-239825\" class=\"single-post\">\n<div class=\"post-content-area\">\n<div class=\"post-media\">\n<div class=\"post-header-area\">\n<p class=\"sumario\">Por primera vez, las bodegas que componen la emblem\u00e1tica ruta enotur\u00edstica de la provincia se reunieron en un mismo punto para celebrar la producci\u00f3n de una bebida que empieza a ganar terreno a nivel nacional e internacional.<img loading=\"lazy\" decoding=\"async\" class=\"alignnone wp-image-15129 size-large\" src=\"https:\/\/cafeprensa.com.ar\/wp-content\/uploads\/2026\/03\/VendimiaF22-1024x683.jpeg\" alt=\"\" width=\"1024\" height=\"683\" srcset=\"https:\/\/cafeprensa.com.ar\/wp-content\/uploads\/2026\/03\/VendimiaF22-1024x683.jpeg 1024w, https:\/\/cafeprensa.com.ar\/wp-content\/uploads\/2026\/03\/VendimiaF22-300x200.jpeg 300w, https:\/\/cafeprensa.com.ar\/wp-content\/uploads\/2026\/03\/VendimiaF22-768x512.jpeg 768w, https:\/\/cafeprensa.com.ar\/wp-content\/uploads\/2026\/03\/VendimiaF22-1536x1024.jpeg 1536w, https:\/\/cafeprensa.com.ar\/wp-content\/uploads\/2026\/03\/VendimiaF22.jpeg 1599w\" sizes=\"auto, (max-width: 1024px) 100vw, 1024px\" \/><\/p>\n<\/div>\n<\/div>\n<div class=\"articleBody\">\n<div>\n<p><strong>Bajo el cielo abierto de los Valles Calchaqu\u00edes y con la imponente geograf\u00eda de Colalao del Valle como tel\u00f3n de fondo, la Plaza Miguel Critto fue escenario de una noche inolvidable: la celebraci\u00f3n de la\u00a0Vendimia\u00a0que reuni\u00f3 a productores, artistas, vecinos y visitantes en torno a una de las expresiones m\u00e1s aut\u00e9nticas de la identidad tucumana.<\/strong><\/p>\n<p>Con una gran convocatoria de p\u00fablico que colm\u00f3 el espacio central de la localidad, la fiesta reafirm\u00f3 el crecimiento y la proyecci\u00f3n de la\u00a0<strong>Ruta del Vino de Altura<\/strong>, que por primera vez reuni\u00f3 a 16 bodegas en un mismo punto para compartir sus etiquetas con tucumanos y turistas en una experiencia pensada para celebrar el trabajo de los productores y el car\u00e1cter \u00fanico del vino nacido en los Valles.<\/p>\n<p><strong>Participaron: Finca Albarossa, Arcas del Tolomb\u00f3n, R\u00edo de Arena, Luna de Cuarzo, Finca La Churita, Vertientes Tintas, Vi\u00f1as del Cha\u00f1ar, Chico Zossi, Finca La Orilla, Altos La Ci\u00e9naga, Bodega Comunitaria Los Amaicha, Bodega Los Talas, Finca Don Eduardo, Cooperativa Agroindustrial Los Zasos, Bodega Los Quilmes y Bodega Fortaleza.\u00a0<\/strong><\/p>\n<p><img decoding=\"async\" class=\"img-responsive\" src=\"https:\/\/www.comunicaciontucuman.gob.ar\/fotos\/notas\/2026\/03\/09\/260309083611_83859.jpeg\" \/><\/p>\n<p>La celebraci\u00f3n cont\u00f3 con la presencia del presidente, la vicepresidenta y el secretario general del Ente Tucum\u00e1n Turismo,<strong>\u00a0Domingo Amaya, In\u00e9s Fr\u00edas Silva<\/strong>\u00a0y\u00a0<strong>Marcos D\u00edaz<\/strong>, quienes acompa\u00f1aron esta noche especial junto al ministro de Gobierno y Justicia,\u00a0<strong>Regino Amado<\/strong>; el intendente de Taf\u00ed del Valle,\u00a0<strong>Francisco Caliva<\/strong>; el vicepresidente del Instituto de Desarrollo Productivo (IDEP),\u00a0<strong>Juan Casa\u00f1as<\/strong>; el comisionado comunal de Colalao del Valle,\u00a0<strong>Gerardo Gustavo Morales<\/strong>; y el representante de la provincia ante el CFI,\u00a0<strong>Pedro Sandilli<\/strong>, entre otras autoridades.<\/p>\n<p><strong>Los representantes del Gobierno de Tucum\u00e1n, junto a productores y p\u00fablico en general, formaron parte de la solemne\u00a0Ofrenda a la Pachamama,\u00a0que dio el puntapi\u00e9 inicial de una jornada memorable, en agradecimiento a la responsable de brindar las virtudes que luego se transforman un trago de calidad: la Madre Tierra. <img loading=\"lazy\" decoding=\"async\" class=\"alignnone wp-image-15128 size-large\" src=\"https:\/\/cafeprensa.com.ar\/wp-content\/uploads\/2026\/03\/Colalao-del-Valle-celebra-la-Fiesta-Provincial-de-la-Vendimia-2026-1024x663.webp\" alt=\"\" width=\"1024\" height=\"663\" srcset=\"https:\/\/cafeprensa.com.ar\/wp-content\/uploads\/2026\/03\/Colalao-del-Valle-celebra-la-Fiesta-Provincial-de-la-Vendimia-2026-1024x663.webp 1024w, https:\/\/cafeprensa.com.ar\/wp-content\/uploads\/2026\/03\/Colalao-del-Valle-celebra-la-Fiesta-Provincial-de-la-Vendimia-2026-300x194.webp 300w, https:\/\/cafeprensa.com.ar\/wp-content\/uploads\/2026\/03\/Colalao-del-Valle-celebra-la-Fiesta-Provincial-de-la-Vendimia-2026-768x498.webp 768w, https:\/\/cafeprensa.com.ar\/wp-content\/uploads\/2026\/03\/Colalao-del-Valle-celebra-la-Fiesta-Provincial-de-la-Vendimia-2026-1536x995.webp 1536w, https:\/\/cafeprensa.com.ar\/wp-content\/uploads\/2026\/03\/Colalao-del-Valle-celebra-la-Fiesta-Provincial-de-la-Vendimia-2026.webp 1920w\" sizes=\"auto, (max-width: 1024px) 100vw, 1024px\" \/><\/strong><\/p>\n<p>\u201cAgradecer a quien nos impulsa a llevar a cabo este tipo de actividades que es el gobernador\u00a0<strong>Osvaldo Jaldo<\/strong>, y trabajamos todos juntos, ustedes ven que est\u00e1 todo el Gobierno presente. El ministro\u00a0<strong>Dar\u00edo Monteros<\/strong>, de Interior, tambi\u00e9n hizo un gran aporte para que pueda llevarse a cabo esto\u201d, dijo Amaya. \u00a0El titular de Turismo augura que esta \u201cno ser\u00e1 la \u00faltima, sino que ser\u00e1n muchas fiestas m\u00e1s, porque as\u00ed nos pide la gente con tanta alegr\u00eda, tanta felicidad, que hoy no es solo una Fiesta de la Vendimia, es mostrar nuestras ra\u00edces, nuestra cultura\u201d.<\/p>\n<p><strong><em>Experiencia completa<\/em><\/strong><\/p>\n<p><strong>Durante la jornada, el p\u00fablico pudo recorrer los stands de las bodegas participantes, degustar las distintas etiquetas del vino tucumano y descubrir de cerca el trabajo que sostiene la producci\u00f3n vitivin\u00edcola en altura, una actividad que en los \u00faltimos a\u00f1os se consolid\u00f3 como uno de los grandes emblemas tur\u00edsticos de la provincia. Tambi\u00e9n hubo juegos donde el p\u00fablico puso a prueba su conocimiento sobre el vino tucumano para ganar premios especiales. <img loading=\"lazy\" decoding=\"async\" class=\"alignnone wp-image-15110 size-full\" src=\"https:\/\/cafeprensa.com.ar\/wp-content\/uploads\/2026\/03\/8_260108111211-1.gif\" alt=\"\" width=\"970\" height=\"90\" \/><\/strong><\/p>\n<p>La experiencia se complet\u00f3 con la presencia de los productos regionales que integran la\u00a0<strong>Ruta del Artesano<\/strong>, otra de las insignias culturales de los Valles Calchaqu\u00edes, donde manos tucumanas transforman materia prima local en piezas \u00fanicas que reflejan la tradici\u00f3n y la identidad del territorio.<\/p>\n<p><strong>\u201cEste evento realmente es algo maravilloso y creo que es un sue\u00f1o cumplido. Hace un rato hablaba con un par de bodegueros y habl\u00e1bamos de esto, de que en este momento es un hecho hist\u00f3rico, pues estamos realmente plantando la piedra basal de esta primera, de esta Fiesta de la Vendimia que vino para quedarse\u201d, apunt\u00f3 Fr\u00edas Silva. <img loading=\"lazy\" decoding=\"async\" class=\"alignnone wp-image-15127 size-large\" src=\"https:\/\/cafeprensa.com.ar\/wp-content\/uploads\/2026\/03\/bodega-chico-zossi-230_bp9o5xy4_15-07-2025-1024x400.jpeg\" alt=\"\" width=\"1024\" height=\"400\" srcset=\"https:\/\/cafeprensa.com.ar\/wp-content\/uploads\/2026\/03\/bodega-chico-zossi-230_bp9o5xy4_15-07-2025-1024x400.jpeg 1024w, https:\/\/cafeprensa.com.ar\/wp-content\/uploads\/2026\/03\/bodega-chico-zossi-230_bp9o5xy4_15-07-2025-300x117.jpeg 300w, https:\/\/cafeprensa.com.ar\/wp-content\/uploads\/2026\/03\/bodega-chico-zossi-230_bp9o5xy4_15-07-2025-768x300.jpeg 768w, https:\/\/cafeprensa.com.ar\/wp-content\/uploads\/2026\/03\/bodega-chico-zossi-230_bp9o5xy4_15-07-2025-1536x600.jpeg 1536w, https:\/\/cafeprensa.com.ar\/wp-content\/uploads\/2026\/03\/bodega-chico-zossi-230_bp9o5xy4_15-07-2025.jpeg 1920w\" sizes=\"auto, (max-width: 1024px) 100vw, 1024px\" \/><\/strong><\/p>\n<p><strong><em>La noche tuvo ritmo<\/em><\/strong><\/p>\n<p><strong>La m\u00fasica y el espect\u00e1culo tambi\u00e9n tuvieron un lugar central en la celebraci\u00f3n. Sobre el escenario principal desfilaron artistas de gran convocatoria como La Yunta, Cecilia Paliz, Oscar Godoy, Los Papachos y CircusR40, quienes aportaron ritmo y emoci\u00f3n a una velada que se extendi\u00f3 hasta la medianoche entre brindis, encuentros y el inconfundible clima festivo del valle.<\/strong><\/p>\n<p>El evento fue fruto del trabajo conjunto entre el Gobierno de Tucum\u00e1n, el Ente Tucum\u00e1n Turismo, la comuna de Colalao del Valle, la C\u00e1mara de Bodegas y Vi\u00f1edos de Tucum\u00e1n y el Consejo Federal de Inversiones (CFI), consolidando una propuesta que busca fortalecer la cultura del vino tucumano y proyectarla hacia visitantes de todo el pa\u00eds.<\/p>\n<p><strong><em>Se ratific\u00f3 el convenio con Yocavil<\/em><\/strong><\/p>\n<p><strong>Por la noche, y en el escenario principal, las autoridades firmaron, junto a sus pares catamarque\u00f1os de los municipios de Santa Mar\u00eda, San Jos\u00e9, Hualf\u00edn y San Fernando,, la ratificaci\u00f3n del convenio que une la oferta del Valle Calchaqu\u00ed con la del Valle de Yocavil, d\u00e1ndole nacimiento a un nuevo producto que se denominar\u00e1 Corredor de los Valles M\u00edsticos. En ese sentido, Amaya se\u00f1al\u00f3 que \u201cla uni\u00f3n hace a la fuerza\u201d entre dos provincias hermanas, y que dentro de las opciones que ofrecer\u00e1 el flamante circuito, el vino cumplir\u00e1 un rol protag\u00f3nico.\u00a0<\/strong><\/p>\n<p><strong><em>Brindis solidario<\/em><\/strong><\/p>\n<p>Con un valor de $15.000, los asistentes accedieron a una copa oficial sublimada de la fiesta y a degustaciones de etiquetas de hasta cuatro bodegas, en una experiencia que combin\u00f3 turismo, producci\u00f3n local y cultura. Los fondos recaudados, adem\u00e1s, tendr\u00e1n un destino solidario: ser\u00e1n destinados a la reparaci\u00f3n de la c\u00fapula de la iglesia de Colalao del Valle, contribuyendo a preservar el patrimonio del pueblo y a seguir fortaleciendo el <strong>desarrollo tur\u00edstico de la regi\u00f3n.<img loading=\"lazy\" decoding=\"async\" class=\"alignnone wp-image-14990 size-full\" src=\"https:\/\/cafeprensa.com.ar\/wp-content\/uploads\/2026\/03\/730x473_260305081921_27749.jpeg\" alt=\"\" width=\"730\" height=\"473\" srcset=\"https:\/\/cafeprensa.com.ar\/wp-content\/uploads\/2026\/03\/730x473_260305081921_27749.jpeg 730w, https:\/\/cafeprensa.com.ar\/wp-content\/uploads\/2026\/03\/730x473_260305081921_27749-300x194.jpeg 300w\" sizes=\"auto, (max-width: 730px) 100vw, 730px\" \/><\/strong><\/p>\n<p><strong>La Vendimia en Colalao del Valle dej\u00f3 una huella profunda en el calendario festivo tucumano. Entre copas alzadas, m\u00fasica y paisajes imponentes, la celebraci\u00f3n confirm\u00f3 que el vino de altura no solo expresa el car\u00e1cter de la tierra que lo produce, sino que tambi\u00e9n construye comunidad, identidad y futuro.<\/strong><\/p>\n<\/div>\n<\/div>\n<\/div>\n<\/div>\n<\/div>\n<\/div>\n","protected":false},"excerpt":{"rendered":"<p>Por primera vez, las bodegas que componen la emblem\u00e1tica ruta enotur\u00edstica de la provincia se reunieron en un mismo punto para celebrar la producci\u00f3n de una bebida que empieza a ganar terreno a nivel nacional e internacional. Bajo el cielo abierto de los Valles Calchaqu\u00edes y con la imponente geograf\u00eda de Colalao del Valle como &hellip;<\/p>\n","protected":false},"author":2,"featured_media":15126,"comment_status":"open","ping_status":"open","sticky":false,"template":"","format":"standard","meta":{"footnotes":""},"categories":[34,170],"tags":[3039],"class_list":["post-15125","post","type-post","status-publish","format-standard","has-post-thumbnail","hentry","category-locales","category-turismo","tag-colalao-del-valle-viva-la-fiesta-de-la-vendimia"],"_links":{"self":[{"href":"https:\/\/cafeprensa.com.ar\/index.php\/wp-json\/wp\/v2\/posts\/15125","targetHints":{"allow":["GET"]}}],"collection":[{"href":"https:\/\/cafeprensa.com.ar\/index.php\/wp-json\/wp\/v2\/posts"}],"about":[{"href":"https:\/\/cafeprensa.com.ar\/index.php\/wp-json\/wp\/v2\/types\/post"}],"author":[{"embeddable":true,"href":"https:\/\/cafeprensa.com.ar\/index.php\/wp-json\/wp\/v2\/users\/2"}],"replies":[{"embeddable":true,"href":"https:\/\/cafeprensa.com.ar\/index.php\/wp-json\/wp\/v2\/comments?post=15125"}],"version-history":[{"count":1,"href":"https:\/\/cafeprensa.com.ar\/index.php\/wp-json\/wp\/v2\/posts\/15125\/revisions"}],"predecessor-version":[{"id":15130,"href":"https:\/\/cafeprensa.com.ar\/index.php\/wp-json\/wp\/v2\/posts\/15125\/revisions\/15130"}],"wp:featuredmedia":[{"embeddable":true,"href":"https:\/\/cafeprensa.com.ar\/index.php\/wp-json\/wp\/v2\/media\/15126"}],"wp:attachment":[{"href":"https:\/\/cafeprensa.com.ar\/index.php\/wp-json\/wp\/v2\/media?parent=15125"}],"wp:term":[{"taxonomy":"category","embeddable":true,"href":"https:\/\/cafeprensa.com.ar\/index.php\/wp-json\/wp\/v2\/categories?post=15125"},{"taxonomy":"post_tag","embeddable":true,"href":"https:\/\/cafeprensa.com.ar\/index.php\/wp-json\/wp\/v2\/tags?post=15125"}],"curies":[{"name":"wp","href":"https:\/\/api.w.org\/{rel}","templated":true}]}}