{"id":15131,"date":"2026-03-09T10:25:38","date_gmt":"2026-03-09T13:25:38","guid":{"rendered":"https:\/\/cafeprensa.com.ar\/?p=15131"},"modified":"2026-03-09T10:25:38","modified_gmt":"2026-03-09T13:25:38","slug":"record-de-expulsados-en-una-final-del-futbol-brasileno","status":"publish","type":"post","link":"https:\/\/cafeprensa.com.ar\/index.php\/2026\/03\/09\/record-de-expulsados-en-una-final-del-futbol-brasileno\/","title":{"rendered":"R\u00e9cord de expulsados en una final del f\u00fatbol brasile\u00f1o"},"content":{"rendered":"<div class=\"content-article-title\">\n<div class=\"wrapper-layout center-content center_story max-width\">\n<div class=\"col-content\">\n<p class=\"article__title font__display\">23 jugadores recibieron la tarjeta roja. Cruzeiro y Atl\u00e9tico Mineiro defin\u00edan al campe\u00f3n del Campeonato Mineiro cuando todo termin\u00f3 de la peor manera. <a title=\"https:\/\/tn.com.ar\/deportes\/futbol\/2026\/03\/08\/una-final-en-brasil-termino-con-una-batalla-campal-la-patada-de-un-futbolista-argentino-a-hulk\/\" href=\"https:\/\/tn.com.ar\/deportes\/futbol\/2026\/03\/08\/una-final-en-brasil-termino-con-una-batalla-campal-la-patada-de-un-futbolista-argentino-a-hulk\/\" target=\"_self\" rel=\"\"><b>La final del Campeonato Mineiro en Brasil termin\u00f3 en esc\u00e1ndalo<\/b><\/a>\u00a0despu\u00e9s de una\u00a0<b>brutal pelea entre los jugadores de Cruzeiro y Atl\u00e9tico Mineiro<\/b>\u00a0que dej\u00f3 un\u00a0<b>saldo hist\u00f3rico de 23 expulsados.<\/b> <img loading=\"lazy\" decoding=\"async\" class=\"alignnone wp-image-15134 size-full\" src=\"https:\/\/cafeprensa.com.ar\/wp-content\/uploads\/2026\/03\/brutalpitchedbattle_4834093.jpg\" alt=\"\" width=\"650\" height=\"366\" srcset=\"https:\/\/cafeprensa.com.ar\/wp-content\/uploads\/2026\/03\/brutalpitchedbattle_4834093.jpg 650w, https:\/\/cafeprensa.com.ar\/wp-content\/uploads\/2026\/03\/brutalpitchedbattle_4834093-300x169.jpg 300w, https:\/\/cafeprensa.com.ar\/wp-content\/uploads\/2026\/03\/brutalpitchedbattle_4834093-390x220.jpg 390w\" sizes=\"auto, (max-width: 650px) 100vw, 650px\" \/><\/p>\n<p class=\"article__title font__display\">El partido, disputado en el estadio Mineirao de Belo Horizonte, hab\u00eda terminado 1-0 a favor del Cruzeiro, pero\u00a0<b>el resultado qued\u00f3 completamente opacado\u00a0<\/b>por una batalla campal que recorri\u00f3 todo el campo de juego.<\/p>\n<\/div>\n<\/div>\n<\/div>\n<div class=\"common-layout wrapper-layout center-content center_story max-width story article\">\n<div class=\"col-content\"><main class=\"col-content\"><\/p>\n<div class=\"default-article-color article__body article__article\">\n<p class=\"paragraph font__body-regular\">Todo comenz\u00f3 en los minutos finales, cuando\u00a0<b>el mediocampista del Cruzeiro Christian protagoniz\u00f3 un fuerte cruce con el arquero del Atl\u00e9tico Mineiro, Everson<\/b>. El choque deriv\u00f3 r\u00e1pidamente en empujones y agresiones entre ambos jugadores, lo que provoc\u00f3 que futbolistas de los dos equipos se sumaran a la discusi\u00f3n hasta que la situaci\u00f3n se transform\u00f3 en una pelea generalizada.<img loading=\"lazy\" decoding=\"async\" class=\"alignnone wp-image-15057 size-full\" src=\"https:\/\/cafeprensa.com.ar\/wp-content\/uploads\/2026\/03\/8_260108111211.gif\" alt=\"\" width=\"970\" height=\"90\" \/><\/p>\n<div class=\"genoa_video raw relative\"><\/div>\n<p class=\"paragraph font__body-regular\">Las im\u00e1genes mostraron\u00a0<b>golpes, patadas y corridas por gran parte de la cancha<\/b>, con pr\u00e1cticamente todos los futbolistas involucrados en el conflicto. Incluso hubo acciones especialmente violentas, como\u00a0<b>una patada voladora del defensor argentino, Lucas Villalba, contra el delantero Hulk<\/b>\u00a0en medio del caos.<img loading=\"lazy\" decoding=\"async\" class=\"alignnone wp-image-15133 size-large\" src=\"https:\/\/cafeprensa.com.ar\/wp-content\/uploads\/2026\/03\/bf72b6ab-5dfc-4a0d-968b-a6147f6b9862-1024x538.webp\" alt=\"\" width=\"1024\" height=\"538\" srcset=\"https:\/\/cafeprensa.com.ar\/wp-content\/uploads\/2026\/03\/bf72b6ab-5dfc-4a0d-968b-a6147f6b9862-1024x538.webp 1024w, https:\/\/cafeprensa.com.ar\/wp-content\/uploads\/2026\/03\/bf72b6ab-5dfc-4a0d-968b-a6147f6b9862-300x158.webp 300w, https:\/\/cafeprensa.com.ar\/wp-content\/uploads\/2026\/03\/bf72b6ab-5dfc-4a0d-968b-a6147f6b9862-768x403.webp 768w, https:\/\/cafeprensa.com.ar\/wp-content\/uploads\/2026\/03\/bf72b6ab-5dfc-4a0d-968b-a6147f6b9862-1536x806.webp 1536w, https:\/\/cafeprensa.com.ar\/wp-content\/uploads\/2026\/03\/bf72b6ab-5dfc-4a0d-968b-a6147f6b9862.webp 1920w\" sizes=\"auto, (max-width: 1024px) 100vw, 1024px\" \/><\/p>\n<p class=\"paragraph font__body-regular\">El \u00e1rbitro Matheus Candacan no pudo controlar la situaci\u00f3n durante el partido y tampoco logr\u00f3 mostrar tarjetas en el momento por el desorden en el campo. Sin embargo, horas despu\u00e9s\u00a0<b>dej\u00f3 asentado en el acta 23 expulsiones, 12 del Cruzeiro y 11 del Atl\u00e9tico Mineiro<\/b>, en lo que se convirti\u00f3 en un r\u00e9cord negativo en la historia del f\u00fatbol brasile\u00f1o, superando a las 22 que se decretaron en Portuguesa-Botafogo del torneo R\u00edo-Sao Paulo en 1954.<\/p>\n<\/div>\n<p><\/main><\/div>\n<\/div>\n","protected":false},"excerpt":{"rendered":"<p>23 jugadores recibieron la tarjeta roja. Cruzeiro y Atl\u00e9tico Mineiro defin\u00edan al campe\u00f3n del Campeonato Mineiro cuando todo termin\u00f3 de la peor manera. La final del Campeonato Mineiro en Brasil termin\u00f3 en esc\u00e1ndalo\u00a0despu\u00e9s de una\u00a0brutal pelea entre los jugadores de Cruzeiro y Atl\u00e9tico Mineiro\u00a0que dej\u00f3 un\u00a0saldo hist\u00f3rico de 23 expulsados. El partido, disputado en el &hellip;<\/p>\n","protected":false},"author":2,"featured_media":15132,"comment_status":"open","ping_status":"open","sticky":false,"template":"","format":"standard","meta":{"footnotes":""},"categories":[294,35],"tags":[3068,3067],"class_list":["post-15131","post","type-post","status-publish","format-standard","has-post-thumbnail","hentry","category-futbol","category-internacionales","tag-atletico-mineiro","tag-cruzeiro"],"_links":{"self":[{"href":"https:\/\/cafeprensa.com.ar\/index.php\/wp-json\/wp\/v2\/posts\/15131","targetHints":{"allow":["GET"]}}],"collection":[{"href":"https:\/\/cafeprensa.com.ar\/index.php\/wp-json\/wp\/v2\/posts"}],"about":[{"href":"https:\/\/cafeprensa.com.ar\/index.php\/wp-json\/wp\/v2\/types\/post"}],"author":[{"embeddable":true,"href":"https:\/\/cafeprensa.com.ar\/index.php\/wp-json\/wp\/v2\/users\/2"}],"replies":[{"embeddable":true,"href":"https:\/\/cafeprensa.com.ar\/index.php\/wp-json\/wp\/v2\/comments?post=15131"}],"version-history":[{"count":1,"href":"https:\/\/cafeprensa.com.ar\/index.php\/wp-json\/wp\/v2\/posts\/15131\/revisions"}],"predecessor-version":[{"id":15135,"href":"https:\/\/cafeprensa.com.ar\/index.php\/wp-json\/wp\/v2\/posts\/15131\/revisions\/15135"}],"wp:featuredmedia":[{"embeddable":true,"href":"https:\/\/cafeprensa.com.ar\/index.php\/wp-json\/wp\/v2\/media\/15132"}],"wp:attachment":[{"href":"https:\/\/cafeprensa.com.ar\/index.php\/wp-json\/wp\/v2\/media?parent=15131"}],"wp:term":[{"taxonomy":"category","embeddable":true,"href":"https:\/\/cafeprensa.com.ar\/index.php\/wp-json\/wp\/v2\/categories?post=15131"},{"taxonomy":"post_tag","embeddable":true,"href":"https:\/\/cafeprensa.com.ar\/index.php\/wp-json\/wp\/v2\/tags?post=15131"}],"curies":[{"name":"wp","href":"https:\/\/api.w.org\/{rel}","templated":true}]}}