{"id":15137,"date":"2026-03-09T15:36:12","date_gmt":"2026-03-09T18:36:12","guid":{"rendered":"https:\/\/cafeprensa.com.ar\/?p=15137"},"modified":"2026-03-09T15:36:50","modified_gmt":"2026-03-09T18:36:50","slug":"el-banco-central-sanciono-a-la-caja-popular-de-tucuman","status":"publish","type":"post","link":"https:\/\/cafeprensa.com.ar\/index.php\/2026\/03\/09\/el-banco-central-sanciono-a-la-caja-popular-de-tucuman\/","title":{"rendered":"El Banco Central sancion\u00f3 a la Caja Popular de Tucum\u00e1n"},"content":{"rendered":"<div class=\"td_block_wrap tdb_title tdi_59 tdb-single-title td-pb-border-top td_block_template_1\" data-td-block-uid=\"tdi_59\">\n<div class=\"tdb-block-inner td-fix-index\">\n<p class=\"tdb-title-text\">Con una multa millonaria y orden\u00f3 frenar pr\u00e9stamos.<\/p>\n<p class=\"tdb-title-text\"><strong>La Caja Popular de Ahorros de Tucum\u00e1n recibi\u00f3 una dura sanci\u00f3n del Banco Central de la Rep\u00fablica Argentina (BCRA), que le impuso una multa millonaria y orden\u00f3 el cese inmediato de operaciones de intermediaci\u00f3n financiera.<\/strong>\u00a0La medida volvi\u00f3 a poner bajo la lupa el funcionamiento del organismo provincial y abri\u00f3 un nuevo foco de tensi\u00f3n institucional en torno al control de los fondos p\u00fablicos y las responsabilidades de su conducci\u00f3n.<img loading=\"lazy\" decoding=\"async\" class=\"alignnone wp-image-15141 size-large\" src=\"https:\/\/cafeprensa.com.ar\/wp-content\/uploads\/2026\/03\/C927D584-D02D-45FC-9F07-AF15FD9CB582-1068x712-1-1024x683.png\" alt=\"\" width=\"1024\" height=\"683\" srcset=\"https:\/\/cafeprensa.com.ar\/wp-content\/uploads\/2026\/03\/C927D584-D02D-45FC-9F07-AF15FD9CB582-1068x712-1-1024x683.png 1024w, https:\/\/cafeprensa.com.ar\/wp-content\/uploads\/2026\/03\/C927D584-D02D-45FC-9F07-AF15FD9CB582-1068x712-1-300x200.png 300w, https:\/\/cafeprensa.com.ar\/wp-content\/uploads\/2026\/03\/C927D584-D02D-45FC-9F07-AF15FD9CB582-1068x712-1-768x512.png 768w, https:\/\/cafeprensa.com.ar\/wp-content\/uploads\/2026\/03\/C927D584-D02D-45FC-9F07-AF15FD9CB582-1068x712-1.png 1068w\" sizes=\"auto, (max-width: 1024px) 100vw, 1024px\" \/><\/p>\n<\/div>\n<\/div>\n<div class=\"vc_row_inner tdi_72 vc_row vc_inner wpb_row td-pb-row\">\n<div class=\"vc_column_inner tdi_79 wpb_column vc_column_container tdc-inner-column td-pb-span8\">\n<div class=\"vc_column-inner\">\n<div class=\"wpb_wrapper\">\n<div class=\"td_block_wrap tdb_single_content tdi_80 td-pb-border-top td_block_template_1 td-post-content tagdiv-type\" data-td-block-uid=\"tdi_80\">\n<div class=\"tdb-block-inner td-fix-index\">\n<h2>Una sanci\u00f3n de alto impacto<\/h2>\n<p>De acuerdo con la resoluci\u00f3n difundida en las \u00faltimas horas, el BCRA resolvi\u00f3 aplicar una multa superior a los\u00a0<strong>$100 millones<\/strong>\u00a0a la\u00a0<strong>Caja Popular de Ahorros de Tucum\u00e1n<\/strong>\u00a0y dispuso el\u00a0<strong>cese de pr\u00e9stamos vinculados a actividades de intermediaci\u00f3n financiera<\/strong>. La decisi\u00f3n se origin\u00f3 en un sumario en el que el organismo nacional concluy\u00f3 que la entidad provincial incurri\u00f3 en operatorias incompatibles con la normativa vigente.<\/p>\n<p>El punto central observado por el Banco Central fue que la Caja habr\u00eda desarrollado actividades de intermediaci\u00f3n financiera sin ajustarse plenamente a las exigencias de la\u00a0<strong>Ley de Entidades Financieras<\/strong>. Entre las irregularidades se\u00f1aladas, se mencion\u00f3 la falta de una separaci\u00f3n contable clara entre\u00a0<strong>fondos propios<\/strong>\u00a0y\u00a0<strong>dep\u00f3sitos captados del p\u00fablico<\/strong>, una situaci\u00f3n que impidi\u00f3 determinar con precisi\u00f3n el origen del dinero utilizado para otorgar pr\u00e9stamos.<\/p>\n<h2>La gravedad de la observaci\u00f3n<\/h2>\n<p>Seg\u00fan la evaluaci\u00f3n del BCRA, se trata de una infracci\u00f3n de\u00a0<strong>\u201cgravedad muy alta\u201d<\/strong>, debido al impacto que este tipo de maniobras puede tener sobre el sistema financiero y sobre el esquema de control que regula la actividad crediticia en el pa\u00eds. La resoluci\u00f3n no s\u00f3lo implic\u00f3 una penalidad econ\u00f3mica, sino tambi\u00e9n un fuerte llamado de atenci\u00f3n a la estructura operativa de una de las entidades estatales m\u00e1s relevantes de Tucum\u00e1n.<\/p>\n<p><strong>La Caja Popular de Ahorros es un organismo hist\u00f3rico dentro de la provincia. Adem\u00e1s de administrar juegos oficiales, concentra distintas l\u00edneas de cr\u00e9ditos y herramientas financieras que le otorgan un peso pol\u00edtico e institucional significativo. Por eso, la sanci\u00f3n excede el plano t\u00e9cnico y se proyecta directamente sobre el debate por la transparencia y los controles en organismos aut\u00e1rquicos.<img loading=\"lazy\" decoding=\"async\" class=\"alignnone wp-image-15140 size-large\" src=\"https:\/\/cafeprensa.com.ar\/wp-content\/uploads\/2026\/03\/0000984717-1024x579.webp\" alt=\"\" width=\"1024\" height=\"579\" srcset=\"https:\/\/cafeprensa.com.ar\/wp-content\/uploads\/2026\/03\/0000984717-1024x579.webp 1024w, https:\/\/cafeprensa.com.ar\/wp-content\/uploads\/2026\/03\/0000984717-300x170.webp 300w, https:\/\/cafeprensa.com.ar\/wp-content\/uploads\/2026\/03\/0000984717-768x435.webp 768w, https:\/\/cafeprensa.com.ar\/wp-content\/uploads\/2026\/03\/0000984717-390x220.webp 390w, https:\/\/cafeprensa.com.ar\/wp-content\/uploads\/2026\/03\/0000984717.webp 1191w\" sizes=\"auto, (max-width: 1024px) 100vw, 1024px\" \/><\/strong><\/p>\n<h2>El rol del interventor Jos\u00e9 D\u00edaz<\/h2>\n<p>En este escenario, todas las miradas se posan sobre\u00a0<strong>Jos\u00e9 D\u00edaz<\/strong>, actual\u00a0<strong>interventor de la Caja Popular de Ahorros<\/strong>. Su nombre aparece en el centro de la discusi\u00f3n institucional por ser la m\u00e1xima autoridad del organismo en esta etapa, mientras crecen los pedidos de explicaciones sobre el funcionamiento administrativo, la trazabilidad de los fondos y las medidas que se adoptar\u00e1n para adecuar la actividad de la Caja a la normativa nacional.<\/p>\n<p>La situaci\u00f3n tambi\u00e9n deriv\u00f3 en la intervenci\u00f3n del\u00a0<strong>Tribunal de Cuentas de Tucum\u00e1n<\/strong>, que busca determinar posibles responsabilidades administrativas, conocer de d\u00f3nde salieron los recursos utilizados para afrontar la multa y exigir un plan de adecuaci\u00f3n para evitar nuevas observaciones.<img loading=\"lazy\" decoding=\"async\" class=\"alignnone wp-image-15143 size-large\" src=\"https:\/\/cafeprensa.com.ar\/wp-content\/uploads\/2026\/03\/Slider-tamano-oficial-web-caja-1024x267.png\" alt=\"\" width=\"1024\" height=\"267\" srcset=\"https:\/\/cafeprensa.com.ar\/wp-content\/uploads\/2026\/03\/Slider-tamano-oficial-web-caja-1024x267.png 1024w, https:\/\/cafeprensa.com.ar\/wp-content\/uploads\/2026\/03\/Slider-tamano-oficial-web-caja-300x78.png 300w, https:\/\/cafeprensa.com.ar\/wp-content\/uploads\/2026\/03\/Slider-tamano-oficial-web-caja-768x200.png 768w, https:\/\/cafeprensa.com.ar\/wp-content\/uploads\/2026\/03\/Slider-tamano-oficial-web-caja-1536x400.png 1536w, https:\/\/cafeprensa.com.ar\/wp-content\/uploads\/2026\/03\/Slider-tamano-oficial-web-caja.png 1920w\" sizes=\"auto, (max-width: 1024px) 100vw, 1024px\" \/><\/p>\n<h2>Un nuevo frente pol\u00edtico en Tucum\u00e1n<\/h2>\n<p>El caso reabre una discusi\u00f3n de fondo en la provincia:\u00a0<strong>qu\u00e9 controles reales existen sobre los organismos p\u00fablicos que manejan recursos millonarios<\/strong>. La sanci\u00f3n del Banco Central no s\u00f3lo afecta a la Caja Popular en t\u00e9rminos econ\u00f3micos, sino que adem\u00e1s instala un problema pol\u00edtico para la gesti\u00f3n provincial, en un contexto donde la demanda social por mayor transparencia y rendici\u00f3n de cuentas aparece cada vez con m\u00e1s fuerza.<img loading=\"lazy\" decoding=\"async\" class=\"alignnone wp-image-15140 size-large\" src=\"https:\/\/cafeprensa.com.ar\/wp-content\/uploads\/2026\/03\/0000984717-1024x579.webp\" alt=\"\" width=\"1024\" height=\"579\" srcset=\"https:\/\/cafeprensa.com.ar\/wp-content\/uploads\/2026\/03\/0000984717-1024x579.webp 1024w, https:\/\/cafeprensa.com.ar\/wp-content\/uploads\/2026\/03\/0000984717-300x170.webp 300w, https:\/\/cafeprensa.com.ar\/wp-content\/uploads\/2026\/03\/0000984717-768x435.webp 768w, https:\/\/cafeprensa.com.ar\/wp-content\/uploads\/2026\/03\/0000984717-390x220.webp 390w, https:\/\/cafeprensa.com.ar\/wp-content\/uploads\/2026\/03\/0000984717.webp 1191w\" sizes=\"auto, (max-width: 1024px) 100vw, 1024px\" \/><\/p>\n<p><strong>Con la multa ya confirmada y con el cese de determinadas operaciones ordenado por el BCRA, la Caja Popular qued\u00f3 frente a uno de los cuestionamientos institucionales m\u00e1s delicados de los \u00faltimos a\u00f1os. El foco ahora estar\u00e1 puesto en las respuestas oficiales, en el alcance de la revisi\u00f3n administrativa y en el costo pol\u00edtico que pueda tener un expediente que ya escal\u00f3 a nivel nacional.<\/strong><\/p>\n<p><span style=\"font-size: 8pt;\"><strong>FUENTE: https:\/\/quediario.com.ar\/2026\/03\/09\/el-banco-central-sanciono-a-la-caja-popular-de-tucuman-con-una-multa-millonaria-y-ordeno-frenar-prestamos\/<\/strong><\/span><\/p>\n<\/div>\n<\/div>\n<\/div>\n<\/div>\n<\/div>\n<\/div>\n","protected":false},"excerpt":{"rendered":"<p>Con una multa millonaria y orden\u00f3 frenar pr\u00e9stamos. La Caja Popular de Ahorros de Tucum\u00e1n recibi\u00f3 una dura sanci\u00f3n del Banco Central de la Rep\u00fablica Argentina (BCRA), que le impuso una multa millonaria y orden\u00f3 el cese inmediato de operaciones de intermediaci\u00f3n financiera.\u00a0La medida volvi\u00f3 a poner bajo la lupa el funcionamiento del organismo provincial &hellip;<\/p>\n","protected":false},"author":2,"featured_media":15142,"comment_status":"open","ping_status":"open","sticky":false,"template":"","format":"standard","meta":{"footnotes":""},"categories":[28,34],"tags":[898],"class_list":["post-15137","post","type-post","status-publish","format-standard","has-post-thumbnail","hentry","category-economia","category-locales","tag-caja-popular"],"_links":{"self":[{"href":"https:\/\/cafeprensa.com.ar\/index.php\/wp-json\/wp\/v2\/posts\/15137","targetHints":{"allow":["GET"]}}],"collection":[{"href":"https:\/\/cafeprensa.com.ar\/index.php\/wp-json\/wp\/v2\/posts"}],"about":[{"href":"https:\/\/cafeprensa.com.ar\/index.php\/wp-json\/wp\/v2\/types\/post"}],"author":[{"embeddable":true,"href":"https:\/\/cafeprensa.com.ar\/index.php\/wp-json\/wp\/v2\/users\/2"}],"replies":[{"embeddable":true,"href":"https:\/\/cafeprensa.com.ar\/index.php\/wp-json\/wp\/v2\/comments?post=15137"}],"version-history":[{"count":2,"href":"https:\/\/cafeprensa.com.ar\/index.php\/wp-json\/wp\/v2\/posts\/15137\/revisions"}],"predecessor-version":[{"id":15145,"href":"https:\/\/cafeprensa.com.ar\/index.php\/wp-json\/wp\/v2\/posts\/15137\/revisions\/15145"}],"wp:featuredmedia":[{"embeddable":true,"href":"https:\/\/cafeprensa.com.ar\/index.php\/wp-json\/wp\/v2\/media\/15142"}],"wp:attachment":[{"href":"https:\/\/cafeprensa.com.ar\/index.php\/wp-json\/wp\/v2\/media?parent=15137"}],"wp:term":[{"taxonomy":"category","embeddable":true,"href":"https:\/\/cafeprensa.com.ar\/index.php\/wp-json\/wp\/v2\/categories?post=15137"},{"taxonomy":"post_tag","embeddable":true,"href":"https:\/\/cafeprensa.com.ar\/index.php\/wp-json\/wp\/v2\/tags?post=15137"}],"curies":[{"name":"wp","href":"https:\/\/api.w.org\/{rel}","templated":true}]}}