{"id":15153,"date":"2026-03-09T20:26:25","date_gmt":"2026-03-09T23:26:25","guid":{"rendered":"https:\/\/cafeprensa.com.ar\/?p=15153"},"modified":"2026-03-09T20:26:37","modified_gmt":"2026-03-09T23:26:37","slug":"armo-un-minicolectivo-para-su-nieta-con-partes-de-un-fiat-600","status":"publish","type":"post","link":"https:\/\/cafeprensa.com.ar\/index.php\/2026\/03\/09\/armo-un-minicolectivo-para-su-nieta-con-partes-de-un-fiat-600\/","title":{"rendered":"Arm\u00f3 un minicolectivo para su nieta con partes de un Fiat 600"},"content":{"rendered":"<div class=\"content-article-title\">\n<div class=\"wrapper-layout center-content center_story max-width\">\n<div class=\"col-content\">\n<p class=\"article__title font__display\">\u00a0\u201cMe ofrecieron 6000 d\u00f3lares, pero no lo vendo\u201d<\/p>\n<p class=\"article__title font__display\"><strong>Jorge Ignacio fue mec\u00e1nico de la l\u00ednea 109<\/strong> y decidi\u00f3 construir un prototipo que se convirti\u00f3 en una fuente de ingreso para su vida. \u201cA veces me dan ganas de hacer otro, pero no es tan sencillo\u201d. En Villa Real, barrio porte\u00f1o que limita con la Avenida General Paz, <b>un proyecto de un abuelo y una nieta se convirti\u00f3 en un fen\u00f3meno local<\/b>\u00a0que ahora tiene a chicos y grandes maravillados con \u00e9l.<img loading=\"lazy\" decoding=\"async\" class=\"alignnone wp-image-15139 size-full\" src=\"https:\/\/cafeprensa.com.ar\/wp-content\/uploads\/2026\/03\/8_260108111211-2.gif\" alt=\"\" width=\"970\" height=\"90\" \/><\/p>\n<\/div>\n<\/div>\n<\/div>\n<div class=\"common-layout wrapper-layout center-content center_story max-width story article\">\n<div class=\"col-content\">\n<div class=\"default-article-color article__body article__article\">\n<p class=\"paragraph font__body-regular\">Se trata de un mini colectivo construido por\u00a0<b>Jorge \u201cBocha\u201d Ignacio<\/b>, un vecino jubilado de la zona,\u00a0<b>hist\u00f3rico mec\u00e1nico de la l\u00ednea 109<\/b>, que decidi\u00f3 armar desde cero un peque\u00f1o veh\u00edculo a escala para su nieta. El mini colectivo no solo se volvi\u00f3 una atracci\u00f3n en la plaza Juan B. Ter\u00e1n durante los fines de semana, sino tambi\u00e9n una fuente de ingresos para Jorge.<\/p>\n<p class=\"paragraph font__body-regular\">La historia comenz\u00f3 como un simple regalo para el D\u00eda del Ni\u00f1o. \u201cYo le regal\u00e9 un autito de Barbie para que anduviera por la plaza, y ella siempre ven\u00eda a contarme lo que hac\u00eda con \u00e9l\u201d, relat\u00f3 Jorge, con una sonrisa en su rostro. Pero su nieta ten\u00eda grandes aspiraciones: \u201cUn d\u00eda me dijo que quer\u00eda llevar un chico en el auto. Yo le respond\u00ed: \u2018<b>\u00bfC\u00f3mo voy a hacer una camioneta?\u2019 Y ella me contest\u00f3: \u2018Abuelo, mejor hacemos un colectivo<\/b>\u2019\u201d.<\/p>\n<p class=\"paragraph font__body-regular\">Ese fue el momento que encendi\u00f3 la chispa de lo que hoy es un mini colectivo que recorre la plaza cada fin de semana.\u00a0<b>Un prototipo creado con partes de Fiat 600, Fiat Duna y otros modelos<\/b>\u00a0que recrean algo at\u00edpico. \u201cComo siempre, le dije que s\u00ed, y empec\u00e9 a planificar c\u00f3mo lo iba a hacer\u201d, record\u00f3 Jorge, quien nunca pens\u00f3 que lo que comenz\u00f3 como un gesto de amor se transformar\u00eda en un \u00e9xito rotundo.<\/p>\n<figure class=\"\" data-testid=\"figure-testid\">\n<div class=\"aspect_ratio__container\"><picture class=\"responsive-image\"><source srcset=\"https:\/\/tn.com.ar\/resizer\/v2\/el-dueno-del-mini-colectivo-lo-exhibe-en-la-plaza-juan-b-teran-foto-nicolas-gonzaleztn-W2KQ3AT3PBBL7OJ73Q5CJYFN7I.jpg?auth=0c775ec3a7e0f4dde9d02d775d158303a0cc280e029051b557a03b9be0b16880&amp;width=767\" type=\"image\/jpg\" media=\"(max-width: 728px)\" \/><source srcset=\"https:\/\/tn.com.ar\/resizer\/v2\/el-dueno-del-mini-colectivo-lo-exhibe-en-la-plaza-juan-b-teran-foto-nicolas-gonzaleztn-W2KQ3AT3PBBL7OJ73Q5CJYFN7I.jpg?auth=0c775ec3a7e0f4dde9d02d775d158303a0cc280e029051b557a03b9be0b16880&amp;width=1023\" type=\"image\/jpg\" media=\"(max-width: 1023px)\" \/><source srcset=\"https:\/\/tn.com.ar\/resizer\/v2\/el-dueno-del-mini-colectivo-lo-exhibe-en-la-plaza-juan-b-teran-foto-nicolas-gonzaleztn-W2KQ3AT3PBBL7OJ73Q5CJYFN7I.jpg?auth=0c775ec3a7e0f4dde9d02d775d158303a0cc280e029051b557a03b9be0b16880&amp;width=1440\" type=\"image\/jpg\" \/><img loading=\"lazy\" decoding=\"async\" class=\"image content-image image_placeholder\" src=\"https:\/\/tn.com.ar\/resizer\/v2\/el-dueno-del-mini-colectivo-lo-exhibe-en-la-plaza-juan-b-teran-foto-nicolas-gonzaleztn-W2KQ3AT3PBBL7OJ73Q5CJYFN7I.jpg?auth=0c775ec3a7e0f4dde9d02d775d158303a0cc280e029051b557a03b9be0b16880&amp;width=767\" alt=\"El due\u00f1o del mini colectivo lo exhibe en la plaza Juan B. Ter\u00e1n (Foto: Nicol\u00e1s Gonz\u00e1lez\/TN).\" width=\"767\" height=\"431\" data-testid=\"loading-testid\" \/><\/picture><\/div><figcaption class=\"caption_image\" data-testid=\"figcaption-testid\">\n<div class=\"image_caption \"><em><strong>El due\u00f1o del mini colectivo lo exhibe en la plaza Juan B. Ter\u00e1n<\/strong><\/em><\/div>\n<\/figcaption><\/figure>\n<p class=\"paragraph font__body-regular\">Jorge no era un desconocido en el mundo de los colectivos. Durante a\u00f1os trabaj\u00f3 como mec\u00e1nico electricista en la 109, una experiencia que le dio los conocimientos necesarios para emprender su propio proyecto. \u201c<b>Me jubil\u00e9 trabajando en la cinta de ruedas y despu\u00e9s en un taller de mec\u00e1nico electricista<\/b>. Estuve a\u00f1os arreglando colectivos. Me conoc\u00eda todo el sistema\u201d, explic\u00f3.<\/p>\n<p class=\"paragraph font__body-regular\">El proceso de construcci\u00f3n del mini colectivo, identificado como el 125 (l\u00ednea que no existe m\u00e1s) fue desafiante. Jorge comenz\u00f3 con lo que ten\u00eda a mano: un chasis de tricargo, motor de triciclo y piezas recicladas de autos, como las campanas de un Fiat 600. \u201cLo primero que hice fue\u00a0<b>conseguir un chasis que tuviera papeles, porque ten\u00eda que estar todo en regla<\/b>. Despu\u00e9s, lo homologu\u00e9 y consegu\u00ed el seguro de transporte de personas\u201d, indic\u00f3.<\/p>\n<figure class=\"\" data-testid=\"figure-testid\">\n<div class=\"aspect_ratio__container\"><picture class=\"responsive-image\"><source srcset=\"https:\/\/tn.com.ar\/resizer\/v2\/jorge-construyo-el-mini-colectivo-con-partes-de-otros-vehiculos-foto-nicolas-gonzaleztn-Y6VYKF7PJBAIDGA76Q56MTZHOU.jpg?auth=679aec9dde6a19ff405e7c50e117a5e4341c483ddfe5017dd47d7dd412db9bf1&amp;width=767\" type=\"image\/jpg\" media=\"(max-width: 728px)\" \/><source srcset=\"https:\/\/tn.com.ar\/resizer\/v2\/jorge-construyo-el-mini-colectivo-con-partes-de-otros-vehiculos-foto-nicolas-gonzaleztn-Y6VYKF7PJBAIDGA76Q56MTZHOU.jpg?auth=679aec9dde6a19ff405e7c50e117a5e4341c483ddfe5017dd47d7dd412db9bf1&amp;width=1023\" type=\"image\/jpg\" media=\"(max-width: 1023px)\" \/><source srcset=\"https:\/\/tn.com.ar\/resizer\/v2\/jorge-construyo-el-mini-colectivo-con-partes-de-otros-vehiculos-foto-nicolas-gonzaleztn-Y6VYKF7PJBAIDGA76Q56MTZHOU.jpg?auth=679aec9dde6a19ff405e7c50e117a5e4341c483ddfe5017dd47d7dd412db9bf1&amp;width=1440\" type=\"image\/jpg\" \/><img loading=\"lazy\" decoding=\"async\" class=\"image content-image image_placeholder\" src=\"https:\/\/tn.com.ar\/resizer\/v2\/jorge-construyo-el-mini-colectivo-con-partes-de-otros-vehiculos-foto-nicolas-gonzaleztn-Y6VYKF7PJBAIDGA76Q56MTZHOU.jpg?auth=679aec9dde6a19ff405e7c50e117a5e4341c483ddfe5017dd47d7dd412db9bf1&amp;width=767\" alt=\"Jorge construy\u00f3 el mini colectivo con partes de otros veh\u00edculos (Foto: Nicol\u00e1s Gonz\u00e1lez\/TN).\" width=\"767\" height=\"431\" data-testid=\"loading-testid\" \/><\/picture><\/div><figcaption class=\"caption_image\" data-testid=\"figcaption-testid\">\n<div class=\"image_caption \"><span style=\"font-size: 12pt;\"><em><strong>Jorge construy\u00f3 el mini colectivo con partes de otros veh\u00edculos\u00a0<\/strong><\/em><\/span><\/div>\n<\/figcaption><\/figure>\n<p class=\"paragraph font__body-regular\">Cada parte del veh\u00edculo fue un reto, desde los frenos hasta los el\u00e1sticos de suspensi\u00f3n, que tuvo que ajustar en la f\u00e1brica de el\u00e1sticos. \u201cLo saqu\u00e9 unas diez veces hasta que consegu\u00ed la suspensi\u00f3n que quer\u00eda\u201d, coment\u00f3 el hombre, mostrando\u00a0<b>el detalle con el que cuid\u00f3 cada aspecto en el armado del mini colectivo<\/b>.<\/p>\n<h2 class=\"font--primary font__display\">El \u00e9xito en la plaza<\/h2>\n<p class=\"paragraph font__body-regular\">Una vez terminado, Jorge comenz\u00f3 a llevar el veh\u00edculo a la plaza Juan B. Ter\u00e1n, un parque concurrido en Villa Real, los fines de semana. All\u00ed, los ni\u00f1os y sus padres r\u00e1pidamente se enamoraron del peque\u00f1o mini bus.\u00a0<b>Las vueltas en el colectivo son un \u00e9xito rotundo<\/b>. \u201cLo que menos pens\u00e9 es que esto ser\u00eda tan emocionante para los chicos y para los padres. Gente que me dice que viajaba en esa l\u00ednea hace a\u00f1os, se emociona al ver el mini colectivo\u201d, expresa Jorge con humildad.<\/p>\n<p class=\"paragraph font__body-regular\">Adem\u00e1s, el negocio le permiti\u00f3 a Jorge mejorar su situaci\u00f3n econ\u00f3mica. \u201c<b>Con la plaza llena puedo llegar a hacer muchas vueltas<\/b>. Son muchas horas, pero la gente disfruta, y eso me hace sentir bien\u201d, explic\u00f3.<\/p>\n<figure class=\"\" data-testid=\"figure-testid\">\n<div class=\"aspect_ratio__container\"><picture class=\"responsive-image\"><source srcset=\"https:\/\/tn.com.ar\/resizer\/v2\/las-vueltas-por-el-parque-cuestan-1000-y-sale-los-sabados-y-domingos-por-la-tarde-foto-nicolas-gonzaleztn-F52T33M4KNGXZH2AKAN3EXHAEQ.jpg?auth=a8f5156dbb9d9490fe6f3dfe974e8552b32628a2577142851c3fc95449903283&amp;width=767\" type=\"image\/jpg\" media=\"(max-width: 728px)\" \/><source srcset=\"https:\/\/tn.com.ar\/resizer\/v2\/las-vueltas-por-el-parque-cuestan-1000-y-sale-los-sabados-y-domingos-por-la-tarde-foto-nicolas-gonzaleztn-F52T33M4KNGXZH2AKAN3EXHAEQ.jpg?auth=a8f5156dbb9d9490fe6f3dfe974e8552b32628a2577142851c3fc95449903283&amp;width=1023\" type=\"image\/jpg\" media=\"(max-width: 1023px)\" \/><source srcset=\"https:\/\/tn.com.ar\/resizer\/v2\/las-vueltas-por-el-parque-cuestan-1000-y-sale-los-sabados-y-domingos-por-la-tarde-foto-nicolas-gonzaleztn-F52T33M4KNGXZH2AKAN3EXHAEQ.jpg?auth=a8f5156dbb9d9490fe6f3dfe974e8552b32628a2577142851c3fc95449903283&amp;width=1440\" type=\"image\/jpg\" \/><img loading=\"lazy\" decoding=\"async\" class=\"image content-image image_placeholder\" src=\"https:\/\/tn.com.ar\/resizer\/v2\/las-vueltas-por-el-parque-cuestan-1000-y-sale-los-sabados-y-domingos-por-la-tarde-foto-nicolas-gonzaleztn-F52T33M4KNGXZH2AKAN3EXHAEQ.jpg?auth=a8f5156dbb9d9490fe6f3dfe974e8552b32628a2577142851c3fc95449903283&amp;width=767\" alt=\"Las vueltas por el parque cuestan $1000 y sale los s\u00e1bados y domingos por la tarde (Foto: Nicol\u00e1s Gonz\u00e1lez\/TN).\" width=\"767\" height=\"431\" data-testid=\"loading-testid\" \/><\/picture><\/div><figcaption class=\"caption_image\" data-testid=\"figcaption-testid\">\n<div class=\"image_caption \"><em><strong>Las vueltas por el parque cuestan $1000 y sale los s\u00e1bados y domingos por la tarde\u00a0<\/strong><\/em><\/div>\n<\/figcaption><\/figure>\n<p class=\"paragraph font__body-regular\">El mini colectivo no solo atrajo a los m\u00e1s chicos, sino que tambi\u00e9n uni\u00f3 a los vecinos del barrio. \u201cAl principio,\u00a0<b>muchos me miraban raro<\/b>, pero ahora todos me saludan y se acercan a preguntar. Los chicos disfrutan, pero los adultos tambi\u00e9n se acercan con nostalgia.\u00a0<b>Es un regalo que le di a mi nieta y al barrio<\/b>\u201d, comenta Jorge, mostrando c\u00f3mo su iniciativa se transform\u00f3 en un s\u00edmbolo de uni\u00f3n y alegr\u00eda en Villa Real.<\/p>\n<p class=\"paragraph font__body-regular\">El barrio no tard\u00f3 en reconocer el esfuerzo y la dedicaci\u00f3n de Jorge. \u201c<b>Es un tipo muy detallista, siempre est\u00e1 pendiente de todo<\/b>, hasta de la limpieza. Lo veo, lo cuida como si fuera un coche de lujo. Todo est\u00e1 impecable\u201d, coment\u00f3 un vecino al pasar, mientras Jorge limpiaba cuidadosamente los vidrios del mini colectivo.<\/p>\n<figure class=\"\" data-testid=\"figure-testid\">\n<div class=\"aspect_ratio__container\"><picture class=\"responsive-image\"><source srcset=\"https:\/\/tn.com.ar\/resizer\/v2\/el-motor-del-mini-colectivo-que-jorge-le-regalo-a-su-nieta-foto-nicolas-gonzaleztn-KXBD2SFO2VAHDMBMHRRBUB5HRQ.jpg?auth=f9104d9d407a97939a505997c92f1df1a87a8dc4c290ae29c00a5a9d0d2556c6&amp;width=767\" type=\"image\/jpg\" media=\"(max-width: 728px)\" \/><source srcset=\"https:\/\/tn.com.ar\/resizer\/v2\/el-motor-del-mini-colectivo-que-jorge-le-regalo-a-su-nieta-foto-nicolas-gonzaleztn-KXBD2SFO2VAHDMBMHRRBUB5HRQ.jpg?auth=f9104d9d407a97939a505997c92f1df1a87a8dc4c290ae29c00a5a9d0d2556c6&amp;width=1023\" type=\"image\/jpg\" media=\"(max-width: 1023px)\" \/><source srcset=\"https:\/\/tn.com.ar\/resizer\/v2\/el-motor-del-mini-colectivo-que-jorge-le-regalo-a-su-nieta-foto-nicolas-gonzaleztn-KXBD2SFO2VAHDMBMHRRBUB5HRQ.jpg?auth=f9104d9d407a97939a505997c92f1df1a87a8dc4c290ae29c00a5a9d0d2556c6&amp;width=1440\" type=\"image\/jpg\" \/><img loading=\"lazy\" decoding=\"async\" class=\"image content-image image_placeholder\" src=\"https:\/\/tn.com.ar\/resizer\/v2\/el-motor-del-mini-colectivo-que-jorge-le-regalo-a-su-nieta-foto-nicolas-gonzaleztn-KXBD2SFO2VAHDMBMHRRBUB5HRQ.jpg?auth=f9104d9d407a97939a505997c92f1df1a87a8dc4c290ae29c00a5a9d0d2556c6&amp;width=767\" alt=\"El motor del mini colectivo que Jorge le regal\u00f3 a su nieta (Foto: Nicol\u00e1s Gonz\u00e1lez\/TN).\" width=\"767\" height=\"431\" data-testid=\"loading-testid\" \/><\/picture><\/div><figcaption class=\"caption_image\" data-testid=\"figcaption-testid\">\n<div class=\"image_caption \"><em><strong>El motor del mini colectivo que Jorge le regal\u00f3 a su nieta<\/strong><\/em><\/div>\n<\/figcaption><\/figure>\n<p class=\"paragraph font__body-regular\">A pesar del \u00e9xito, Jorge asegura que no todo es f\u00e1cil. \u201cEs cansador, pero lo hago porque me gusta. A veces me preguntan si quiero hacer otro, o si me lo compran. Ya\u00a0<b>me ofrecieron hasta seis mil d\u00f3lares por este, pero no lo vendo<\/b>.<b>\u00a0<\/b>Lo hice con mis manos, y para m\u00ed tiene un valor sentimental que no tiene precio\u201d, confes\u00f3 Jorge, que continu\u00f3: \u201cPara m\u00ed, esto es un desahogo, un hobby. Me da fuerzas y me mantiene activo. Y ver la cara de los chicos cuando suben, me llena de alegr\u00eda\u201d, dijo Jorge.<\/p>\n<p class=\"paragraph font__body-regular\">De hecho, pens\u00f3 en crear otro mini colectivo, pero a\u00fan no se decidi\u00f3. \u201cA veces me dan ganas, pero no es tan sencillo.\u00a0<b>Cada mini colectivo es \u00fanico, no es algo que puedas hacer en serie<\/b>. Cada vez que construyo algo, tengo que adaptarlo, probarlo, hasta que funcione como quiero\u201d, dice Jorge, con la mirada fija en su obra.<\/p>\n<figure class=\"\" data-testid=\"figure-testid\">\n<div class=\"aspect_ratio__container\"><picture class=\"responsive-image\"><source srcset=\"https:\/\/tn.com.ar\/resizer\/v2\/jorge-esta-jubilado-y-aseguro-que-lo-que-obtiene-por-las-vueltas-le-permite-vivir-mas-comodo-foto-nicolas-gonzaleztn-2DGAT3K5GBATZECSJEBLYXNL7Q.jpg?auth=050c78dbb56a570164d8ec696b7d8625cef94ef31358ad98a8baeaf8db70cf1e&amp;width=767\" type=\"image\/jpg\" media=\"(max-width: 728px)\" \/><source srcset=\"https:\/\/tn.com.ar\/resizer\/v2\/jorge-esta-jubilado-y-aseguro-que-lo-que-obtiene-por-las-vueltas-le-permite-vivir-mas-comodo-foto-nicolas-gonzaleztn-2DGAT3K5GBATZECSJEBLYXNL7Q.jpg?auth=050c78dbb56a570164d8ec696b7d8625cef94ef31358ad98a8baeaf8db70cf1e&amp;width=1023\" type=\"image\/jpg\" media=\"(max-width: 1023px)\" \/><source srcset=\"https:\/\/tn.com.ar\/resizer\/v2\/jorge-esta-jubilado-y-aseguro-que-lo-que-obtiene-por-las-vueltas-le-permite-vivir-mas-comodo-foto-nicolas-gonzaleztn-2DGAT3K5GBATZECSJEBLYXNL7Q.jpg?auth=050c78dbb56a570164d8ec696b7d8625cef94ef31358ad98a8baeaf8db70cf1e&amp;width=1440\" type=\"image\/jpg\" \/><img loading=\"lazy\" decoding=\"async\" class=\"image content-image image_placeholder\" src=\"https:\/\/tn.com.ar\/resizer\/v2\/jorge-esta-jubilado-y-aseguro-que-lo-que-obtiene-por-las-vueltas-le-permite-vivir-mas-comodo-foto-nicolas-gonzaleztn-2DGAT3K5GBATZECSJEBLYXNL7Q.jpg?auth=050c78dbb56a570164d8ec696b7d8625cef94ef31358ad98a8baeaf8db70cf1e&amp;width=767\" alt=\"Jorge est\u00e1 jubilado y asegur\u00f3 que lo que obtiene por las vueltas le permite vivir m\u00e1s c\u00f3modo (Foto: Nicol\u00e1s Gonz\u00e1lez\/TN).\" width=\"767\" height=\"431\" data-testid=\"loading-testid\" \/><\/picture><\/div><figcaption class=\"caption_image\" data-testid=\"figcaption-testid\">\n<div class=\"image_caption \"><em><strong>Jorge est\u00e1 jubilado y asegur\u00f3 que lo que obtiene por las vueltas le permite vivir m\u00e1s c\u00f3modo<\/strong><\/em><\/div>\n<\/figcaption><\/figure>\n<p class=\"paragraph font__body-regular\">Hoy, el mini colectivo no es solo un veh\u00edculo; es un testimonio del amor de un abuelo por su nieta, de la dedicaci\u00f3n de\u00a0<b>un hombre que construy\u00f3 un sue\u00f1o con sus propias manos<\/b>. Y en la plaza de Villa Real, cada vuelta es m\u00e1s que un simple paseo: es una historia de perseverancia, creatividad y la satisfacci\u00f3n de haber logrado algo \u00fanico.<\/p>\n<p class=\"paragraph font__body-regular\"><em><span style=\"font-size: 8pt;\"><strong>FUENTE: TN<\/strong><\/span><\/em><\/p>\n<\/div>\n<p>&nbsp;<\/p>\n<\/div>\n<\/div>\n","protected":false},"excerpt":{"rendered":"<p>\u00a0\u201cMe ofrecieron 6000 d\u00f3lares, pero no lo vendo\u201d Jorge Ignacio fue mec\u00e1nico de la l\u00ednea 109 y decidi\u00f3 construir un prototipo que se convirti\u00f3 en una fuente de ingreso para su vida. \u201cA veces me dan ganas de hacer otro, pero no es tan sencillo\u201d. En Villa Real, barrio porte\u00f1o que limita con la Avenida &hellip;<\/p>\n","protected":false},"author":2,"featured_media":15154,"comment_status":"open","ping_status":"open","sticky":false,"template":"","format":"standard","meta":{"footnotes":""},"categories":[54,33],"tags":[356,127],"class_list":["post-15153","post","type-post","status-publish","format-standard","has-post-thumbnail","hentry","category-interes-ganeral","category-nacionales","tag-colectivo","tag-uta"],"_links":{"self":[{"href":"https:\/\/cafeprensa.com.ar\/index.php\/wp-json\/wp\/v2\/posts\/15153","targetHints":{"allow":["GET"]}}],"collection":[{"href":"https:\/\/cafeprensa.com.ar\/index.php\/wp-json\/wp\/v2\/posts"}],"about":[{"href":"https:\/\/cafeprensa.com.ar\/index.php\/wp-json\/wp\/v2\/types\/post"}],"author":[{"embeddable":true,"href":"https:\/\/cafeprensa.com.ar\/index.php\/wp-json\/wp\/v2\/users\/2"}],"replies":[{"embeddable":true,"href":"https:\/\/cafeprensa.com.ar\/index.php\/wp-json\/wp\/v2\/comments?post=15153"}],"version-history":[{"count":2,"href":"https:\/\/cafeprensa.com.ar\/index.php\/wp-json\/wp\/v2\/posts\/15153\/revisions"}],"predecessor-version":[{"id":15156,"href":"https:\/\/cafeprensa.com.ar\/index.php\/wp-json\/wp\/v2\/posts\/15153\/revisions\/15156"}],"wp:featuredmedia":[{"embeddable":true,"href":"https:\/\/cafeprensa.com.ar\/index.php\/wp-json\/wp\/v2\/media\/15154"}],"wp:attachment":[{"href":"https:\/\/cafeprensa.com.ar\/index.php\/wp-json\/wp\/v2\/media?parent=15153"}],"wp:term":[{"taxonomy":"category","embeddable":true,"href":"https:\/\/cafeprensa.com.ar\/index.php\/wp-json\/wp\/v2\/categories?post=15153"},{"taxonomy":"post_tag","embeddable":true,"href":"https:\/\/cafeprensa.com.ar\/index.php\/wp-json\/wp\/v2\/tags?post=15153"}],"curies":[{"name":"wp","href":"https:\/\/api.w.org\/{rel}","templated":true}]}}