{"id":15161,"date":"2026-03-09T21:02:57","date_gmt":"2026-03-10T00:02:57","guid":{"rendered":"https:\/\/cafeprensa.com.ar\/?p=15161"},"modified":"2026-03-09T21:03:23","modified_gmt":"2026-03-10T00:03:23","slug":"piden-interpelar-a-la-ministra-montaldo","status":"publish","type":"post","link":"https:\/\/cafeprensa.com.ar\/index.php\/2026\/03\/09\/piden-interpelar-a-la-ministra-montaldo\/","title":{"rendered":"Piden interpelar a la ministra Montaldo"},"content":{"rendered":"<div class=\"et_post_meta_wrapper\">\n<p class=\"entry-title\">Por la cr\u00edtica situaci\u00f3n edilicia y el posible cierre de escuelas en la provincia. <strong>La legisladora Silvia El\u00edas de P\u00e9rez exige que la titular de la cartera educativa explique el posible cierre de la Escuela N\u00b0 346 y aclare por qu\u00e9, tras cuatro a\u00f1os de inhabilitaci\u00f3n de la Escuela Zavaleta, se pag\u00f3 un alquiler por un edificio que jam\u00e1s fue utilizado.<\/strong><\/p>\n<\/div>\n<div class=\"entry-content\">\n<p>La legisladora<strong> Silvia El\u00edas de P\u00e9rez<\/strong>\u00a0present\u00f3 un proyecto de resoluci\u00f3n para citar a la ministra de Educaci\u00f3n,\u00a0<strong>Susana Montaldo<\/strong>, con el fin de que brinde informes detallados sobre la Escuela N\u00b0 346 \u201c\u00c1ngel Custodio Bustos\u201d y la Escuela Fray Pedro Zavaleta. La iniciativa surge ante la profunda preocupaci\u00f3n de las comunidades educativas por la falta de informaci\u00f3n oficial sobre cierres e inhabilitaciones que afectan el derecho a la educaci\u00f3n de cientos de alumnos.<img loading=\"lazy\" decoding=\"async\" class=\"alignnone wp-image-15163 size-large\" src=\"https:\/\/cafeprensa.com.ar\/wp-content\/uploads\/2026\/03\/WhatsApp-Image-2024-05-11-at-11.19.26-1024x683.jpg\" alt=\"\" width=\"1024\" height=\"683\" srcset=\"https:\/\/cafeprensa.com.ar\/wp-content\/uploads\/2026\/03\/WhatsApp-Image-2024-05-11-at-11.19.26-1024x683.jpg 1024w, https:\/\/cafeprensa.com.ar\/wp-content\/uploads\/2026\/03\/WhatsApp-Image-2024-05-11-at-11.19.26-300x200.jpg 300w, https:\/\/cafeprensa.com.ar\/wp-content\/uploads\/2026\/03\/WhatsApp-Image-2024-05-11-at-11.19.26-768x512.jpg 768w, https:\/\/cafeprensa.com.ar\/wp-content\/uploads\/2026\/03\/WhatsApp-Image-2024-05-11-at-11.19.26-1536x1024.jpg 1536w, https:\/\/cafeprensa.com.ar\/wp-content\/uploads\/2026\/03\/WhatsApp-Image-2024-05-11-at-11.19.26.jpg 1599w\" sizes=\"auto, (max-width: 1024px) 100vw, 1024px\" \/><\/p>\n<p><strong>El pedido de interpelaci\u00f3n se sustenta en la necesidad de que el Poder Ejecutivo rinda cuentas sobre decisiones que comprometen la accesibilidad escolar. Seg\u00fan el documento, se busca \u201cbrindar explicaciones precisas y documentadas respecto de la situaci\u00f3n institucional\u201d de los establecimientos. La legisladora fundamenta que \u201cen ambos casos, la comunidad educativa ha manifestado preocupaci\u00f3n ante decisiones o procesos que implicar\u00eda el cierre, inhabilitaci\u00f3n prolongada y reestructuraci\u00f3n de los establecimientos, sin que exista hasta el momento informaci\u00f3n oficial clara, p\u00fablica y fundada\u201d.<\/strong><\/p>\n<p>En el caso de la instituci\u00f3n ubicada en la localidad de La Iguana (Departamento Graneros), la preocupaci\u00f3n radica en un posible cierre o reestructuraci\u00f3n. El\u00edas de P\u00e9rez destaca que esta escuela \u201cpresta servicio educativo en una zona donde no existen alternativas cercanas y que, adem\u00e1s, cuenta con comedor escolar, cumpliendo una funci\u00f3n social insustituible\u201d.<\/p>\n<p><strong>Por ello, el cuestionario para la ministra incluye puntos cr\u00edticos como la matr\u00edcula actual, la evoluci\u00f3n de la misma en los \u00faltimos cinco a\u00f1os, el estado de la infraestructura edilicia y, fundamentalmente, el \u201cimpacto que la eventual medida tendr\u00eda sobre el servicio alimentario escolar que actualmente presta la instituci\u00f3n\u201d.<img loading=\"lazy\" decoding=\"async\" class=\"alignnone wp-image-15139 size-full\" src=\"https:\/\/cafeprensa.com.ar\/wp-content\/uploads\/2026\/03\/8_260108111211-2.gif\" alt=\"\" width=\"970\" height=\"90\" \/><\/strong><\/p>\n<p>La situaci\u00f3n de la Escuela Fray Pedro Zavaleta, en San Miguel de Tucum\u00e1n, reviste una gravedad mayor por el tiempo transcurrido. El documento se\u00f1ala que el establecimiento \u201cpermanece inhabilitado desde hace 4 a\u00f1os, con su comunidad educativa trasladada y fragmentada a otros establecimientos\u201d. Esta fragmentaci\u00f3n se dio en condiciones que han sido \u201creiteradamente cuestionadas por docentes y familias\u201d.<\/p>\n<blockquote><p><em><strong>Decreto de la discordia<\/strong><\/em><\/p><\/blockquote>\n<p><strong>Uno de los puntos m\u00e1s pol\u00e9micos que la ministra deber\u00e1 aclarar es el destino de los recursos para un alquiler que nunca se utiliz\u00f3. El proyecto menciona el Decreto N.\u00b0 2.923\/5 (MEd) de septiembre de 2023, que autoriz\u00f3 la contrataci\u00f3n directa de un inmueble en calle General Paz N.\u00b0 139 para el funcionamiento de la escuela. Sin embargo, la legisladora radical denuncia que, \u201cpese a haberse dispuesto formalmente dicha contrataci\u00f3n y a los recursos comprometidos para tal finalidad, el inmueble nunca fue utilizado para el traslado ni para el funcionamiento efectivo de la instituci\u00f3n educativa\u201d.<\/strong><\/p>\n<p>Finalmente, los fundamentos del pedido de interpelaci\u00f3n subrayan que la educaci\u00f3n es un derecho cuya garant\u00eda es \u201cresponsabilidad indelegable del Estado\u201d. En este sentido, El\u00edas de P\u00e9rez sostiene que las decisiones que impliquen el cierre o inhabilitaci\u00f3n de escuelas \u201cno pueden adoptarse ni sostenerse sin fundamentos t\u00e9cnicos transparentes, evaluaci\u00f3n de impacto territorial y previsi\u00f3n de alternativas reales que aseguren continuidad pedag\u00f3gica y accesibilidad material\u201d.<\/p>\n<p><em><span style=\"font-size: 8pt;\"><strong>Tendencia de Noticias<\/strong><\/span><\/em><\/p>\n<\/div>\n","protected":false},"excerpt":{"rendered":"<p>Por la cr\u00edtica situaci\u00f3n edilicia y el posible cierre de escuelas en la provincia. La legisladora Silvia El\u00edas de P\u00e9rez exige que la titular de la cartera educativa explique el posible cierre de la Escuela N\u00b0 346 y aclare por qu\u00e9, tras cuatro a\u00f1os de inhabilitaci\u00f3n de la Escuela Zavaleta, se pag\u00f3 un alquiler por &hellip;<\/p>\n","protected":false},"author":2,"featured_media":15162,"comment_status":"open","ping_status":"open","sticky":false,"template":"","format":"standard","meta":{"footnotes":""},"categories":[38,34],"tags":[92,397],"class_list":["post-15161","post","type-post","status-publish","format-standard","has-post-thumbnail","hentry","category-educacion","category-locales","tag-silvia-elias-de-perez","tag-susana-montaldo"],"_links":{"self":[{"href":"https:\/\/cafeprensa.com.ar\/index.php\/wp-json\/wp\/v2\/posts\/15161","targetHints":{"allow":["GET"]}}],"collection":[{"href":"https:\/\/cafeprensa.com.ar\/index.php\/wp-json\/wp\/v2\/posts"}],"about":[{"href":"https:\/\/cafeprensa.com.ar\/index.php\/wp-json\/wp\/v2\/types\/post"}],"author":[{"embeddable":true,"href":"https:\/\/cafeprensa.com.ar\/index.php\/wp-json\/wp\/v2\/users\/2"}],"replies":[{"embeddable":true,"href":"https:\/\/cafeprensa.com.ar\/index.php\/wp-json\/wp\/v2\/comments?post=15161"}],"version-history":[{"count":2,"href":"https:\/\/cafeprensa.com.ar\/index.php\/wp-json\/wp\/v2\/posts\/15161\/revisions"}],"predecessor-version":[{"id":15165,"href":"https:\/\/cafeprensa.com.ar\/index.php\/wp-json\/wp\/v2\/posts\/15161\/revisions\/15165"}],"wp:featuredmedia":[{"embeddable":true,"href":"https:\/\/cafeprensa.com.ar\/index.php\/wp-json\/wp\/v2\/media\/15162"}],"wp:attachment":[{"href":"https:\/\/cafeprensa.com.ar\/index.php\/wp-json\/wp\/v2\/media?parent=15161"}],"wp:term":[{"taxonomy":"category","embeddable":true,"href":"https:\/\/cafeprensa.com.ar\/index.php\/wp-json\/wp\/v2\/categories?post=15161"},{"taxonomy":"post_tag","embeddable":true,"href":"https:\/\/cafeprensa.com.ar\/index.php\/wp-json\/wp\/v2\/tags?post=15161"}],"curies":[{"name":"wp","href":"https:\/\/api.w.org\/{rel}","templated":true}]}}