{"id":15188,"date":"2026-03-11T08:16:59","date_gmt":"2026-03-11T11:16:59","guid":{"rendered":"https:\/\/cafeprensa.com.ar\/?p=15188"},"modified":"2026-03-11T08:32:37","modified_gmt":"2026-03-11T11:32:37","slug":"una-foto-que-vemos-hace-mas-de-35-anos-la-visita-de-funcionarios-de-turnos-a-los-inundados","status":"publish","type":"post","link":"https:\/\/cafeprensa.com.ar\/index.php\/2026\/03\/11\/una-foto-que-vemos-hace-mas-de-35-anos-la-visita-de-funcionarios-de-turnos-a-los-inundados\/","title":{"rendered":"Una foto que vemos hace m\u00e1s de 35 a\u00f1os, la visita de funcionarios de turnos a los inundados"},"content":{"rendered":"<div class=\"space-y-3\">\n<div class=\"max-w-4xl\">\n<p class=\"text-3xl md:text-4xl font-bold\">Jaldo envi\u00f3 ministros y equipos de emergencia al sur tucumano por el avance del r\u00edo Marapa. Por instrucciones del gobernador Osvaldo Jaldo, ministros, Defensa Civil y equipos de emergencia trabajan en el sur de la provincia para monitorear el impacto de las intensas lluvias y asistir a las familias de la zona.<\/p>\n<\/div>\n<\/div>\n<div class=\"flex flex-col md:flex-row mt-3 gap-4 relative\">\n<div class=\"grow md:w-[856px] relative\">\n<div>\n<div class=\"relative -top-2\"><img loading=\"lazy\" decoding=\"async\" class=\"rounded w-full\" src=\"https:\/\/res.cloudinary.com\/dut4yhfgk\/image\/upload\/v1773188953\/Noticias\/tendencias\/jaldo-envio-ministros-y-equipos-de-emergencia-al-sur-tucumano-por-el-avance-del-rio-marapa\/di1ht6jlxcbbzluy82ar.jpg\" alt=\"Jaldo envi\u00f3 ministros y equipos de emergencia al sur tucumano por el avance del r\u00edo Marapa\" width=\"856\" height=\"422\" data-nimg=\"1\" \/><\/div>\n<\/div>\n<div class=\"md:flex md:items-start md:justify-between md:gap-8 relative \">\n<div class=\"sticky left-0 top-44\">\n<div class=\"flex flex-col items-center gap-2 p-2 bg-white\/80 backdrop-blur-sm rounded-full shadow-lg border border-gray-200\"><span style=\"font-size: 8pt;\"><em><strong>Ministro del Interior, Dar\u00edo Monteros<\/strong>, junto al\u00a0<strong>ministro de Obras P\u00fablicas, Marcelo Nazur<\/strong>, el\u00a0<strong>director de Defensa Civil, Ram\u00f3n Imbert.<\/strong><\/em><\/span><\/div>\n<div class=\"flex flex-col items-center gap-2 p-2 bg-white\/80 backdrop-blur-sm rounded-full shadow-lg border border-gray-200\">Tras las intensas lluvias registradas en la cuenca del <strong>dique Escaba<\/strong>\u00a0y el aporte de los r\u00edos provenientes de\u00a0<strong>Catamarca<\/strong>, el Gobierno de Tucum\u00e1n despleg\u00f3 un operativo preventivo en el sur de la provincia para monitorear la crecida del\u00a0<strong>r\u00edo Marapa<\/strong> y evaluar posibles riesgos para la poblaci\u00f3n.<\/div>\n<\/div>\n<div class=\"pb-7 font-thin\">\n<p class=\"text-lg\">Por instrucci\u00f3n del gobernador\u00a0<strong>Osvaldo Jaldo<\/strong>, el\u00a0<strong>ministro del Interior, Dar\u00edo Monteros<\/strong>, junto al\u00a0<strong>ministro de Obras P\u00fablicas, Marcelo Nazur<\/strong>, el\u00a0<strong>director de Defensa Civil, Ram\u00f3n Imbert<\/strong>, y equipos de seguridad, salud y asistencia social recorrieron las zonas cr\u00edticas del\u00a0<strong>departamento Graneros<\/strong>, particularmente en la ciudad de\u00a0<strong>La Madrid<\/strong>.<\/p>\n<p class=\"text-lg\">El operativo se desarrolla en coordinaci\u00f3n con el\u00a0<strong>Comit\u00e9 de Emergencias<\/strong>, con el objetivo de supervisar las defensas h\u00eddricas, garantizar la seguridad de los vecinos y asistir a las familias ante el impacto de las precipitaciones.<\/p>\n<p class=\"text-lg\">\u201c<strong>Por instrucciones del gobernador, hemos venido con los ministerios de Obras P\u00fablicas, Seguridad, Salud y la Polic\u00eda para evaluar paso a paso lo que est\u00e1 pasando con el r\u00edo Marapa. Es un r\u00edo que depende directamente del dique Escaba, que hoy tiene su capacidad completa porque en Catamarca llovieron m\u00e1s de 200 mil\u00edmetros<\/strong>\u201d, explic\u00f3 Monteros.<\/p>\n<p><img decoding=\"async\" class=\"max-w-full h-auto object-contain\" title=\"260310202510_43840.jpeg\" src=\"https:\/\/res.cloudinary.com\/dut4yhfgk\/image\/upload\/v1773188948\/Noticias\/general\/imagen-contenido\/content\/content-image-26031020-1773188947737.jpg\" alt=\"260310202510_43840.jpeg\" \/><\/p>\n<p class=\"text-lg\">El funcionario tambi\u00e9n se refiri\u00f3 al estado de las defensas h\u00eddricas que protegen a la ciudad. \u201c<strong>Estamos viendo que el alteo todav\u00eda est\u00e1 soportando el caudal, eso es lo m\u00e1s importante en este momento porque no permite que el agua llegue a la poblaci\u00f3n de La Madrid. Vamos a hacer todo lo que material y humanamente se pueda hacer; esperamos que la naturaleza y Dios nos protejan<\/strong>\u201d, afirm\u00f3.<\/p>\n<p class=\"text-lg\">Por su parte, el\u00a0<strong>director de Defensa Civil, Ram\u00f3n Imbert<\/strong>, se\u00f1al\u00f3 que el operativo comenz\u00f3 durante la madrugada luego de registrarse anegamientos en algunos sectores de la ciudad.<\/p>\n<p class=\"text-lg\">\u201c<strong>Se registr\u00f3 una importante ca\u00edda de agua en la zona de monte que vino hacia La Madrid y eso aneg\u00f3 algunos barrios a la ma\u00f1ana. Ahora estamos esperando c\u00f3mo se desenvuelve el r\u00edo con el agua que llega desde el dique. Se comunic\u00f3 temprano a la poblaci\u00f3n que tome recaudos para resguardar sus bienes materiales y est\u00e9 atenta<\/strong>\u201d, indic\u00f3.<\/p>\n<p class=\"text-lg\">En la zona trabajan equipos del\u00a0<strong>SIPROSA<\/strong>, personal del\u00a0<strong>servicio de emergencias 107<\/strong>, efectivos de seguridad y cuadrillas viales con maquinaria pesada que realizan tareas sobre la\u00a0<strong>Ruta Nacional 157<\/strong> para garantizar la transitabilidad y brindar asistencia sanitaria en caso de ser necesario.<\/p>\n<p class=\"text-lg\">De acuerdo con las previsiones oficiales, se espera que el mayor caudal de agua pase por el sector de\u00a0<strong>La Madrid entre las 22 y las 23 horas<\/strong>, por lo que las autoridades permanecer\u00e1n en el lugar monitoreando la situaci\u00f3n durante toda la noche. Ante este escenario, las autoridades reiteraron la importancia de que la poblaci\u00f3n permanezca atenta a los <strong>comunicados oficiales de Defensa Civil<\/strong> y adopte medidas preventivas para resguardar sus bienes.<\/p>\n<p class=\"text-lg\">Como medida preventiva, adem\u00e1s,\u00a0<strong>se suspendieron las clases hasta el viernes en toda la provincia<\/strong>, en el marco del operativo desplegado por el Gobierno ante las condiciones clim\u00e1ticas adversas.<\/p>\n<\/div>\n<\/div>\n<\/div>\n<\/div>\n","protected":false},"excerpt":{"rendered":"<p>Jaldo envi\u00f3 ministros y equipos de emergencia al sur tucumano por el avance del r\u00edo Marapa. Por instrucciones del gobernador Osvaldo Jaldo, ministros, Defensa Civil y equipos de emergencia trabajan en el sur de la provincia para monitorear el impacto de las intensas lluvias y asistir a las familias de la zona. Ministro del Interior, &hellip;<\/p>\n","protected":false},"author":2,"featured_media":15189,"comment_status":"open","ping_status":"open","sticky":false,"template":"","format":"standard","meta":{"footnotes":""},"categories":[34,25],"tags":[2903],"class_list":["post-15188","post","type-post","status-publish","format-standard","has-post-thumbnail","hentry","category-locales","category-politica","tag-inundaciones-en-tucuman"],"_links":{"self":[{"href":"https:\/\/cafeprensa.com.ar\/index.php\/wp-json\/wp\/v2\/posts\/15188","targetHints":{"allow":["GET"]}}],"collection":[{"href":"https:\/\/cafeprensa.com.ar\/index.php\/wp-json\/wp\/v2\/posts"}],"about":[{"href":"https:\/\/cafeprensa.com.ar\/index.php\/wp-json\/wp\/v2\/types\/post"}],"author":[{"embeddable":true,"href":"https:\/\/cafeprensa.com.ar\/index.php\/wp-json\/wp\/v2\/users\/2"}],"replies":[{"embeddable":true,"href":"https:\/\/cafeprensa.com.ar\/index.php\/wp-json\/wp\/v2\/comments?post=15188"}],"version-history":[{"count":1,"href":"https:\/\/cafeprensa.com.ar\/index.php\/wp-json\/wp\/v2\/posts\/15188\/revisions"}],"predecessor-version":[{"id":15190,"href":"https:\/\/cafeprensa.com.ar\/index.php\/wp-json\/wp\/v2\/posts\/15188\/revisions\/15190"}],"wp:featuredmedia":[{"embeddable":true,"href":"https:\/\/cafeprensa.com.ar\/index.php\/wp-json\/wp\/v2\/media\/15189"}],"wp:attachment":[{"href":"https:\/\/cafeprensa.com.ar\/index.php\/wp-json\/wp\/v2\/media?parent=15188"}],"wp:term":[{"taxonomy":"category","embeddable":true,"href":"https:\/\/cafeprensa.com.ar\/index.php\/wp-json\/wp\/v2\/categories?post=15188"},{"taxonomy":"post_tag","embeddable":true,"href":"https:\/\/cafeprensa.com.ar\/index.php\/wp-json\/wp\/v2\/tags?post=15188"}],"curies":[{"name":"wp","href":"https:\/\/api.w.org\/{rel}","templated":true}]}}