{"id":15233,"date":"2026-03-12T09:44:06","date_gmt":"2026-03-12T12:44:06","guid":{"rendered":"https:\/\/cafeprensa.com.ar\/?p=15233"},"modified":"2026-03-12T09:44:19","modified_gmt":"2026-03-12T12:44:19","slug":"villarruel-se-despego-del-aumento-a-los-senadores-y-pidio-que-donen-la-suba-salarial","status":"publish","type":"post","link":"https:\/\/cafeprensa.com.ar\/index.php\/2026\/03\/12\/villarruel-se-despego-del-aumento-a-los-senadores-y-pidio-que-donen-la-suba-salarial\/","title":{"rendered":"Villarruel se despeg\u00f3 del aumento a los Senadores y pidi\u00f3 que donen la suba salarial"},"content":{"rendered":"<div class=\"post-content\">\n<p>En medio de la fuerte pol\u00e9mica por el incremento de las dietas en la C\u00e1mara alta, la vicepresidenta y titular del Senado public\u00f3 un mensaje en redes en el que aclar\u00f3 que no interviene en la definici\u00f3n de los salarios legislativos y sugiri\u00f3 que los senadores donen el aumento a una fundaci\u00f3n.<\/p>\n<p><strong>La controversia por el aumento en las dietas de los senadores sum\u00f3 este mi\u00e9rcoles un nuevo cap\u00edtulo, cuando la vicepresidenta Victoria Villarruel\u00a0utiliz\u00f3 su cuenta en X para marcar distancia de la decisi\u00f3n administrativa que habilit\u00f3 la suba y que gener\u00f3 malestar p\u00fablico y pol\u00edtico.<img loading=\"lazy\" decoding=\"async\" class=\"alignnone wp-image-15228 size-large\" src=\"https:\/\/cafeprensa.com.ar\/wp-content\/uploads\/2026\/03\/Senado-de-la-1024x683.jpg\" alt=\"\" width=\"1024\" height=\"683\" srcset=\"https:\/\/cafeprensa.com.ar\/wp-content\/uploads\/2026\/03\/Senado-de-la-1024x683.jpg 1024w, https:\/\/cafeprensa.com.ar\/wp-content\/uploads\/2026\/03\/Senado-de-la-300x200.jpg 300w, https:\/\/cafeprensa.com.ar\/wp-content\/uploads\/2026\/03\/Senado-de-la-768x512.jpg 768w, https:\/\/cafeprensa.com.ar\/wp-content\/uploads\/2026\/03\/Senado-de-la-1536x1025.jpg 1536w, https:\/\/cafeprensa.com.ar\/wp-content\/uploads\/2026\/03\/Senado-de-la.jpg 2048w\" sizes=\"auto, (max-width: 1024px) 100vw, 1024px\" \/><\/strong><\/p>\n<\/div>\n<div class=\"contenido-post\">\n<p><strong>\u201cComo Vicepresidente NO soy senador y no decido cu\u00e1nto cobran. Eso lo deciden ellos\u201d, expres\u00f3 Villarruel en un mensaje dirigido, seg\u00fan dijo, a \u201coperadores malintencionados\u201d. La titular del Senado tambi\u00e9n aclar\u00f3 que no tiene injerencia en la cantidad de asesores que cada despacho contrata ni en los salarios que perciben.<\/strong><\/p>\n<p>En su posteo, Villarruel propuso que los legisladores destinen el incremento correspondiente a paritarias a la Fundaci\u00f3n del Hospital de Ni\u00f1os Ricardo Guti\u00e9rrez, con la que \u2014record\u00f3\u2014 existe un convenio firmado. \u201cQueda a criterio de cada senador donar o cobrar el aumento\u201d, remarc\u00f3.<img loading=\"lazy\" decoding=\"async\" class=\"alignnone wp-image-15235 size-large\" src=\"https:\/\/cafeprensa.com.ar\/wp-content\/uploads\/2026\/03\/en-la-conmemoracion-del-43-aniversario-de-la-gesta-de-malvinas-victoria-villarruel-encabezo-una-ceremonia-en-la-camara-alta-foto-senado-de-la-nacion-67HW2WKBIVBLRMJG2SXJVQTKNA-1024x573.jpg\" alt=\"\" width=\"1024\" height=\"573\" srcset=\"https:\/\/cafeprensa.com.ar\/wp-content\/uploads\/2026\/03\/en-la-conmemoracion-del-43-aniversario-de-la-gesta-de-malvinas-victoria-villarruel-encabezo-una-ceremonia-en-la-camara-alta-foto-senado-de-la-nacion-67HW2WKBIVBLRMJG2SXJVQTKNA-1024x573.jpg 1024w, https:\/\/cafeprensa.com.ar\/wp-content\/uploads\/2026\/03\/en-la-conmemoracion-del-43-aniversario-de-la-gesta-de-malvinas-victoria-villarruel-encabezo-una-ceremonia-en-la-camara-alta-foto-senado-de-la-nacion-67HW2WKBIVBLRMJG2SXJVQTKNA-300x168.jpg 300w, https:\/\/cafeprensa.com.ar\/wp-content\/uploads\/2026\/03\/en-la-conmemoracion-del-43-aniversario-de-la-gesta-de-malvinas-victoria-villarruel-encabezo-una-ceremonia-en-la-camara-alta-foto-senado-de-la-nacion-67HW2WKBIVBLRMJG2SXJVQTKNA-768x430.jpg 768w, https:\/\/cafeprensa.com.ar\/wp-content\/uploads\/2026\/03\/en-la-conmemoracion-del-43-aniversario-de-la-gesta-de-malvinas-victoria-villarruel-encabezo-una-ceremonia-en-la-camara-alta-foto-senado-de-la-nacion-67HW2WKBIVBLRMJG2SXJVQTKNA.jpg 1440w\" sizes=\"auto, (max-width: 1024px) 100vw, 1024px\" \/><\/p>\n<p><strong>El mensaje se difundi\u00f3 en plena tensi\u00f3n interna y externa por la actualizaci\u00f3n de las dietas, que oblig\u00f3 incluso al bloque oficialista a fijar postura p\u00fablica, rechazando el aumento. La posici\u00f3n de Villarruel busca despegarse del costo pol\u00edtico y trasladar la responsabilidad a los propios senadores, mientras contin\u00faa el debate sobre los alcances y la oportunidad del aumento.<\/strong><\/p>\n<\/div>\n","protected":false},"excerpt":{"rendered":"<p>En medio de la fuerte pol\u00e9mica por el incremento de las dietas en la C\u00e1mara alta, la vicepresidenta y titular del Senado public\u00f3 un mensaje en redes en el que aclar\u00f3 que no interviene en la definici\u00f3n de los salarios legislativos y sugiri\u00f3 que los senadores donen el aumento a una fundaci\u00f3n. La controversia por &hellip;<\/p>\n","protected":false},"author":2,"featured_media":15234,"comment_status":"open","ping_status":"open","sticky":false,"template":"","format":"standard","meta":{"footnotes":""},"categories":[33,1612],"tags":[1183],"class_list":["post-15233","post","type-post","status-publish","format-standard","has-post-thumbnail","hentry","category-nacionales","category-senado-de-la-nacion","tag-victoria-villarruel"],"_links":{"self":[{"href":"https:\/\/cafeprensa.com.ar\/index.php\/wp-json\/wp\/v2\/posts\/15233","targetHints":{"allow":["GET"]}}],"collection":[{"href":"https:\/\/cafeprensa.com.ar\/index.php\/wp-json\/wp\/v2\/posts"}],"about":[{"href":"https:\/\/cafeprensa.com.ar\/index.php\/wp-json\/wp\/v2\/types\/post"}],"author":[{"embeddable":true,"href":"https:\/\/cafeprensa.com.ar\/index.php\/wp-json\/wp\/v2\/users\/2"}],"replies":[{"embeddable":true,"href":"https:\/\/cafeprensa.com.ar\/index.php\/wp-json\/wp\/v2\/comments?post=15233"}],"version-history":[{"count":2,"href":"https:\/\/cafeprensa.com.ar\/index.php\/wp-json\/wp\/v2\/posts\/15233\/revisions"}],"predecessor-version":[{"id":15237,"href":"https:\/\/cafeprensa.com.ar\/index.php\/wp-json\/wp\/v2\/posts\/15233\/revisions\/15237"}],"wp:featuredmedia":[{"embeddable":true,"href":"https:\/\/cafeprensa.com.ar\/index.php\/wp-json\/wp\/v2\/media\/15234"}],"wp:attachment":[{"href":"https:\/\/cafeprensa.com.ar\/index.php\/wp-json\/wp\/v2\/media?parent=15233"}],"wp:term":[{"taxonomy":"category","embeddable":true,"href":"https:\/\/cafeprensa.com.ar\/index.php\/wp-json\/wp\/v2\/categories?post=15233"},{"taxonomy":"post_tag","embeddable":true,"href":"https:\/\/cafeprensa.com.ar\/index.php\/wp-json\/wp\/v2\/tags?post=15233"}],"curies":[{"name":"wp","href":"https:\/\/api.w.org\/{rel}","templated":true}]}}