{"id":15238,"date":"2026-03-12T10:09:17","date_gmt":"2026-03-12T13:09:17","guid":{"rendered":"https:\/\/cafeprensa.com.ar\/?p=15238"},"modified":"2026-03-12T10:09:17","modified_gmt":"2026-03-12T13:09:17","slug":"que-dijo-dario-monteros-tras-la-agresion-al-diputado-libertario-federico-pelli","status":"publish","type":"post","link":"https:\/\/cafeprensa.com.ar\/index.php\/2026\/03\/12\/que-dijo-dario-monteros-tras-la-agresion-al-diputado-libertario-federico-pelli\/","title":{"rendered":"Qu\u00e9 dijo Dar\u00edo Monteros tras la agresi\u00f3n al diputado libertario Federico Pelli"},"content":{"rendered":"<div class=\"post-content titinterna\">\n<div class=\"catagory cat-actualidad interna \">\u00abRepudio la agresi\u00f3n sufrida por el diputado nacional Federico Pelli. La violencia nunca puede ser el camino en democracia\u00bb, escribi\u00f3 el ministro del Interior en su cuenta de X. <strong>Desde La Libertad Avanza vinculan al agresor con el exintendente de Banda del R\u00edo Sal\u00ed.<\/strong><\/div>\n<div class=\"entry-meta\"><\/div>\n<\/div>\n<div class=\"entry-header\">\n<div class=\"entry-thumbnail ftoint\"><img loading=\"lazy\" decoding=\"async\" class=\" img-responsive \" title=\"\" src=\"https:\/\/www.eltucumano.com\/fotos\/cache\/notas\/2026\/03\/12\/818x460_260312074203_75118.jpg\" alt=\"\" width=\"818\" height=\"460\" \/><\/p>\n<p class=\"fotoepigrafe\">Dar\u00edo Monteros<\/p>\n<p class=\"fotoepigrafe\"><strong>Tucum\u00e1n <\/strong>fue noticia nacional ayer jueves, no solo por las inundaciones que afectan gravemente el sur de la provincia,<a href=\"https:\/\/www.eltucumano.com\/noticia\/actualidad\/317770\/nooo-que-te-pasa-detenelo-ya-video-gritos-y-salvaje-pilazo-a-un-diputado-nacional-bajo-el-temporal-en-tucuman?dnd=secciona&amp;src=tit&amp;pos=7&amp;dis=desk\" target=\"_blank\" rel=\"noopener noreferrer\">\u00a0sino por la brutal agresi\u00f3n contra el diputado de La Libertad Avanza\u00a0<strong>Federico Pelli<\/strong><\/a>, por parte de un puntero pol\u00edtico que la oposici\u00f3n vincula a\u00a0<strong>Dar\u00edo Monteros. <\/strong>\u00ab\u00a1Nooo! \u00a1Qu\u00e9 te pasa! \u00a1Detenelo ya!\u00bb: video, gritos y salvaje pilazo a un diputado nacional bajo el temporal en Tucum\u00e1n<\/p>\n<\/div>\n<\/div>\n<div class=\"post-content contgral\">\n<div class=\"entry-content continterna\">\n<p>Minutos antes de las 22, el ministro del Interior utiliz\u00f3 las redes sociales para repudiar la agresi\u00f3n contra el parlamentario:\u00a0<strong>\u00abRepudio la agresi\u00f3n sufrida por el diputado nacional Federico Pelli. La violencia nunca puede ser el camino en democracia\u00bb<\/strong>.<\/p>\n<p><strong>Tras esa l\u00ednea de repudio, el funcionario provincial destac\u00f3 la dif\u00edcil situaci\u00f3n que atraviesa el sur de la provincia: \u00abHoy Tucum\u00e1n atraviesa una situaci\u00f3n muy dif\u00edcil por las inundaciones y lo que necesita nuestra gente es presencia, trabajo y solidaridad\u00bb.<\/strong><\/p>\n<p>\u00abDesde el Ministerio del Interior, junto a todo el equipo de Gobierno, por instrucciones de nuestro Gobernador (Osvaldo Jaldo) seguimos acompa\u00f1ando a cada municipio y comuna afectada, asistiendo a las familias y trabajando junto a las fuerzas de seguridad para garantizar tranquilidad en toda la provincia\u00bb, agreg\u00f3 el exintendente de Banda del R\u00edo Sal\u00ed.<\/p>\n<p><strong>En ese sentido, Monteros agradeci\u00f3 \u00abespecialmente a todas las personas que, de manera an\u00f3nima, est\u00e1n colaborando en cada localidad afectada: vecinos que acercaron art\u00edculos de limpieza y mercader\u00eda, productores que pusieron a disposici\u00f3n sus tractores, y quienes incluso ayudaron con lanchas para asistir a las familias\u00bb.<\/strong><\/p>\n<p>\u00abEse compromiso solidario demuestra que, al final del d\u00eda, los tucumanos somos mucho m\u00e1s que un episodio de violencia. Somos un pueblo que se une cuando m\u00e1s se lo necesita\u00bb, agreg\u00f3.<\/p>\n<p><strong>Y cerr\u00f3: \u00abA todos esos h\u00e9roes an\u00f3nimos que hoy est\u00e1n dando una mano, sin hacer cartel con fotos y videos mi profundo agradecimiento\u00bb.<\/strong><\/p>\n<div class=\"twitter-tweet twitter-tweet-rendered\"><iframe id=\"twitter-widget-0\" class=\"lazyloaded\" title=\"X Post\" src=\"https:\/\/platform.twitter.com\/embed\/Tweet.html?dnt=false&amp;embedId=twitter-widget-0&amp;features=eyJ0ZndfdGltZWxpbmVfbGlzdCI6eyJidWNrZXQiOltdLCJ2ZXJzaW9uIjpudWxsfSwidGZ3X2ZvbGxvd2VyX2NvdW50X3N1bnNldCI6eyJidWNrZXQiOnRydWUsInZlcnNpb24iOm51bGx9LCJ0ZndfdHdlZXRfZWRpdF9iYWNrZW5kIjp7ImJ1Y2tldCI6Im9uIiwidmVyc2lvbiI6bnVsbH0sInRmd19yZWZzcmNfc2Vzc2lvbiI6eyJidWNrZXQiOiJvbiIsInZlcnNpb24iOm51bGx9LCJ0ZndfZm9zbnJfc29mdF9pbnRlcnZlbnRpb25zX2VuYWJsZWQiOnsiYnVja2V0Ijoib24iLCJ2ZXJzaW9uIjpudWxsfSwidGZ3X21peGVkX21lZGlhXzE1ODk3Ijp7ImJ1Y2tldCI6InRyZWF0bWVudCIsInZlcnNpb24iOm51bGx9LCJ0ZndfZXhwZXJpbWVudHNfY29va2llX2V4cGlyYXRpb24iOnsiYnVja2V0IjoxMjA5NjAwLCJ2ZXJzaW9uIjpudWxsfSwidGZ3X3Nob3dfYmlyZHdhdGNoX3Bpdm90c19lbmFibGVkIjp7ImJ1Y2tldCI6Im9uIiwidmVyc2lvbiI6bnVsbH0sInRmd19kdXBsaWNhdGVfc2NyaWJlc190b19zZXR0aW5ncyI6eyJidWNrZXQiOiJvbiIsInZlcnNpb24iOm51bGx9LCJ0ZndfdXNlX3Byb2ZpbGVfaW1hZ2Vfc2hhcGVfZW5hYmxlZCI6eyJidWNrZXQiOiJvbiIsInZlcnNpb24iOm51bGx9LCJ0ZndfdmlkZW9faGxzX2R5bmFtaWNfbWFuaWZlc3RzXzE1MDgyIjp7ImJ1Y2tldCI6InRydWVfYml0cmF0ZSIsInZlcnNpb24iOm51bGx9LCJ0ZndfbGVnYWN5X3RpbWVsaW5lX3N1bnNldCI6eyJidWNrZXQiOnRydWUsInZlcnNpb24iOm51bGx9LCJ0ZndfdHdlZXRfZWRpdF9mcm9udGVuZCI6eyJidWNrZXQiOiJvbiIsInZlcnNpb24iOm51bGx9fQ%3D%3D&amp;frame=false&amp;hideCard=false&amp;hideThread=false&amp;id=2031894870340641146&amp;lang=es&amp;origin=https%3A%2F%2Fhitadmin.eltucumano.com%2Fnotas%2Fedit%2F317800&amp;sessionId=660e13eb5f41440034a9e4a116885b9d1c483328&amp;theme=light&amp;widgetsVersion=2615f7e52b7e0%3A1702314776716&amp;width=550px\" frameborder=\"0\" scrolling=\"no\" sandbox=\"allow-same-origin allow-scripts allow-popups allow-forms\" allowfullscreen=\"allowfullscreen\" data-src=\"https:\/\/platform.twitter.com\/embed\/Tweet.html?dnt=false&amp;embedId=twitter-widget-0&amp;features=eyJ0ZndfdGltZWxpbmVfbGlzdCI6eyJidWNrZXQiOltdLCJ2ZXJzaW9uIjpudWxsfSwidGZ3X2ZvbGxvd2VyX2NvdW50X3N1bnNldCI6eyJidWNrZXQiOnRydWUsInZlcnNpb24iOm51bGx9LCJ0ZndfdHdlZXRfZWRpdF9iYWNrZW5kIjp7ImJ1Y2tldCI6Im9uIiwidmVyc2lvbiI6bnVsbH0sInRmd19yZWZzcmNfc2Vzc2lvbiI6eyJidWNrZXQiOiJvbiIsInZlcnNpb24iOm51bGx9LCJ0ZndfZm9zbnJfc29mdF9pbnRlcnZlbnRpb25zX2VuYWJsZWQiOnsiYnVja2V0Ijoib24iLCJ2ZXJzaW9uIjpudWxsfSwidGZ3X21peGVkX21lZGlhXzE1ODk3Ijp7ImJ1Y2tldCI6InRyZWF0bWVudCIsInZlcnNpb24iOm51bGx9LCJ0ZndfZXhwZXJpbWVudHNfY29va2llX2V4cGlyYXRpb24iOnsiYnVja2V0IjoxMjA5NjAwLCJ2ZXJzaW9uIjpudWxsfSwidGZ3X3Nob3dfYmlyZHdhdGNoX3Bpdm90c19lbmFibGVkIjp7ImJ1Y2tldCI6Im9uIiwidmVyc2lvbiI6bnVsbH0sInRmd19kdXBsaWNhdGVfc2NyaWJlc190b19zZXR0aW5ncyI6eyJidWNrZXQiOiJvbiIsInZlcnNpb24iOm51bGx9LCJ0ZndfdXNlX3Byb2ZpbGVfaW1hZ2Vfc2hhcGVfZW5hYmxlZCI6eyJidWNrZXQiOiJvbiIsInZlcnNpb24iOm51bGx9LCJ0ZndfdmlkZW9faGxzX2R5bmFtaWNfbWFuaWZlc3RzXzE1MDgyIjp7ImJ1Y2tldCI6InRydWVfYml0cmF0ZSIsInZlcnNpb24iOm51bGx9LCJ0ZndfbGVnYWN5X3RpbWVsaW5lX3N1bnNldCI6eyJidWNrZXQiOnRydWUsInZlcnNpb24iOm51bGx9LCJ0ZndfdHdlZXRfZWRpdF9mcm9udGVuZCI6eyJidWNrZXQiOiJvbiIsInZlcnNpb24iOm51bGx9fQ%3D%3D&amp;frame=false&amp;hideCard=false&amp;hideThread=false&amp;id=2031894870340641146&amp;lang=es&amp;origin=https%3A%2F%2Fhitadmin.eltucumano.com%2Fnotas%2Fedit%2F317800&amp;sessionId=660e13eb5f41440034a9e4a116885b9d1c483328&amp;theme=light&amp;widgetsVersion=2615f7e52b7e0%3A1702314776716&amp;width=550px\" data-tweet-id=\"2031894870340641146\" data-mce-fragment=\"1\"><\/iframe><\/div>\n<p><strong>Una de las que respondi\u00f3 el comunicado de Dar\u00edo Monteros fue la diputada Libertaria Soledad Molinuevo, que le dijo \u00abcaradura, sinverg\u00fcenza\u00bb, al funcionario. \u00abEstabas a 20 metros de la agresi\u00f3n, mandaste a tu empleado a agredirnos. Y despu\u00e9s te me cagaste de risa en la cara. Deja de tomarnos el pelo a los tucumanos; est\u00e1s de turista en La Madrid, te vimos relajado a las carcajadas rodeado de tus custodios. \u00a1Encima nos amenazaste! Comportamiento t\u00edpico de la mafia. Desde ya te hago responsable a vos y a tu gente por cualquier cosa que pudiera ocurrirnos a m\u00ed, a mi familia o a cualquier miembro de nuestro equipo. Esta vez se te fue la mano. Si ten\u00e9s un poco de dignidad (que todos los tucumanos sabemos que no) deber\u00edas RENUNCIAR YA!\u00bb, escribi\u00f3 en su cuenta de X.<\/strong><\/p>\n<p>Otra de las que cuestion\u00f3 al ministro fue la exdiputada de CREO, Paula Omodeo, que se encontraba en el lugar al momento de la agresi\u00f3n, le respondi\u00f3: \u00abMinistro, no sea hip\u00f3crita. El agresor estaba cumpliendo sus ordenes de no dejarnos pasar\u00bb.<\/p>\n<div class=\"twitter-tweet twitter-tweet-rendered\"><iframe id=\"twitter-widget-0\" class=\"lazyloaded\" title=\"X Post\" src=\"https:\/\/platform.twitter.com\/embed\/Tweet.html?dnt=false&amp;embedId=twitter-widget-0&amp;features=eyJ0ZndfdGltZWxpbmVfbGlzdCI6eyJidWNrZXQiOltdLCJ2ZXJzaW9uIjpudWxsfSwidGZ3X2ZvbGxvd2VyX2NvdW50X3N1bnNldCI6eyJidWNrZXQiOnRydWUsInZlcnNpb24iOm51bGx9LCJ0ZndfdHdlZXRfZWRpdF9iYWNrZW5kIjp7ImJ1Y2tldCI6Im9uIiwidmVyc2lvbiI6bnVsbH0sInRmd19yZWZzcmNfc2Vzc2lvbiI6eyJidWNrZXQiOiJvbiIsInZlcnNpb24iOm51bGx9LCJ0ZndfZm9zbnJfc29mdF9pbnRlcnZlbnRpb25zX2VuYWJsZWQiOnsiYnVja2V0Ijoib24iLCJ2ZXJzaW9uIjpudWxsfSwidGZ3X21peGVkX21lZGlhXzE1ODk3Ijp7ImJ1Y2tldCI6InRyZWF0bWVudCIsInZlcnNpb24iOm51bGx9LCJ0ZndfZXhwZXJpbWVudHNfY29va2llX2V4cGlyYXRpb24iOnsiYnVja2V0IjoxMjA5NjAwLCJ2ZXJzaW9uIjpudWxsfSwidGZ3X3Nob3dfYmlyZHdhdGNoX3Bpdm90c19lbmFibGVkIjp7ImJ1Y2tldCI6Im9uIiwidmVyc2lvbiI6bnVsbH0sInRmd19kdXBsaWNhdGVfc2NyaWJlc190b19zZXR0aW5ncyI6eyJidWNrZXQiOiJvbiIsInZlcnNpb24iOm51bGx9LCJ0ZndfdXNlX3Byb2ZpbGVfaW1hZ2Vfc2hhcGVfZW5hYmxlZCI6eyJidWNrZXQiOiJvbiIsInZlcnNpb24iOm51bGx9LCJ0ZndfdmlkZW9faGxzX2R5bmFtaWNfbWFuaWZlc3RzXzE1MDgyIjp7ImJ1Y2tldCI6InRydWVfYml0cmF0ZSIsInZlcnNpb24iOm51bGx9LCJ0ZndfbGVnYWN5X3RpbWVsaW5lX3N1bnNldCI6eyJidWNrZXQiOnRydWUsInZlcnNpb24iOm51bGx9LCJ0ZndfdHdlZXRfZWRpdF9mcm9udGVuZCI6eyJidWNrZXQiOiJvbiIsInZlcnNpb24iOm51bGx9fQ%3D%3D&amp;frame=false&amp;hideCard=false&amp;hideThread=false&amp;id=2031910164429681140&amp;lang=es&amp;origin=https%3A%2F%2Fhitadmin.eltucumano.com%2Fnotas%2Fedit%2F317800&amp;sessionId=854b62bac6254f45206f614a4d52c7afcb900bbc&amp;theme=light&amp;widgetsVersion=2615f7e52b7e0%3A1702314776716&amp;width=550px\" frameborder=\"0\" scrolling=\"no\" sandbox=\"allow-same-origin allow-scripts allow-popups allow-forms\" allowfullscreen=\"allowfullscreen\" data-src=\"https:\/\/platform.twitter.com\/embed\/Tweet.html?dnt=false&amp;embedId=twitter-widget-0&amp;features=eyJ0ZndfdGltZWxpbmVfbGlzdCI6eyJidWNrZXQiOltdLCJ2ZXJzaW9uIjpudWxsfSwidGZ3X2ZvbGxvd2VyX2NvdW50X3N1bnNldCI6eyJidWNrZXQiOnRydWUsInZlcnNpb24iOm51bGx9LCJ0ZndfdHdlZXRfZWRpdF9iYWNrZW5kIjp7ImJ1Y2tldCI6Im9uIiwidmVyc2lvbiI6bnVsbH0sInRmd19yZWZzcmNfc2Vzc2lvbiI6eyJidWNrZXQiOiJvbiIsInZlcnNpb24iOm51bGx9LCJ0ZndfZm9zbnJfc29mdF9pbnRlcnZlbnRpb25zX2VuYWJsZWQiOnsiYnVja2V0Ijoib24iLCJ2ZXJzaW9uIjpudWxsfSwidGZ3X21peGVkX21lZGlhXzE1ODk3Ijp7ImJ1Y2tldCI6InRyZWF0bWVudCIsInZlcnNpb24iOm51bGx9LCJ0ZndfZXhwZXJpbWVudHNfY29va2llX2V4cGlyYXRpb24iOnsiYnVja2V0IjoxMjA5NjAwLCJ2ZXJzaW9uIjpudWxsfSwidGZ3X3Nob3dfYmlyZHdhdGNoX3Bpdm90c19lbmFibGVkIjp7ImJ1Y2tldCI6Im9uIiwidmVyc2lvbiI6bnVsbH0sInRmd19kdXBsaWNhdGVfc2NyaWJlc190b19zZXR0aW5ncyI6eyJidWNrZXQiOiJvbiIsInZlcnNpb24iOm51bGx9LCJ0ZndfdXNlX3Byb2ZpbGVfaW1hZ2Vfc2hhcGVfZW5hYmxlZCI6eyJidWNrZXQiOiJvbiIsInZlcnNpb24iOm51bGx9LCJ0ZndfdmlkZW9faGxzX2R5bmFtaWNfbWFuaWZlc3RzXzE1MDgyIjp7ImJ1Y2tldCI6InRydWVfYml0cmF0ZSIsInZlcnNpb24iOm51bGx9LCJ0ZndfbGVnYWN5X3RpbWVsaW5lX3N1bnNldCI6eyJidWNrZXQiOnRydWUsInZlcnNpb24iOm51bGx9LCJ0ZndfdHdlZXRfZWRpdF9mcm9udGVuZCI6eyJidWNrZXQiOiJvbiIsInZlcnNpb24iOm51bGx9fQ%3D%3D&amp;frame=false&amp;hideCard=false&amp;hideThread=false&amp;id=2031910164429681140&amp;lang=es&amp;origin=https%3A%2F%2Fhitadmin.eltucumano.com%2Fnotas%2Fedit%2F317800&amp;sessionId=854b62bac6254f45206f614a4d52c7afcb900bbc&amp;theme=light&amp;widgetsVersion=2615f7e52b7e0%3A1702314776716&amp;width=550px\" data-tweet-id=\"2031910164429681140\" data-mce-fragment=\"1\"><\/iframe><\/div>\n<div class=\"twitter-tweet twitter-tweet-rendered\"><iframe id=\"twitter-widget-1\" class=\"lazyloaded\" title=\"X Post\" src=\"https:\/\/platform.twitter.com\/embed\/Tweet.html?dnt=false&amp;embedId=twitter-widget-1&amp;features=eyJ0ZndfdGltZWxpbmVfbGlzdCI6eyJidWNrZXQiOltdLCJ2ZXJzaW9uIjpudWxsfSwidGZ3X2ZvbGxvd2VyX2NvdW50X3N1bnNldCI6eyJidWNrZXQiOnRydWUsInZlcnNpb24iOm51bGx9LCJ0ZndfdHdlZXRfZWRpdF9iYWNrZW5kIjp7ImJ1Y2tldCI6Im9uIiwidmVyc2lvbiI6bnVsbH0sInRmd19yZWZzcmNfc2Vzc2lvbiI6eyJidWNrZXQiOiJvbiIsInZlcnNpb24iOm51bGx9LCJ0ZndfZm9zbnJfc29mdF9pbnRlcnZlbnRpb25zX2VuYWJsZWQiOnsiYnVja2V0Ijoib24iLCJ2ZXJzaW9uIjpudWxsfSwidGZ3X21peGVkX21lZGlhXzE1ODk3Ijp7ImJ1Y2tldCI6InRyZWF0bWVudCIsInZlcnNpb24iOm51bGx9LCJ0ZndfZXhwZXJpbWVudHNfY29va2llX2V4cGlyYXRpb24iOnsiYnVja2V0IjoxMjA5NjAwLCJ2ZXJzaW9uIjpudWxsfSwidGZ3X3Nob3dfYmlyZHdhdGNoX3Bpdm90c19lbmFibGVkIjp7ImJ1Y2tldCI6Im9uIiwidmVyc2lvbiI6bnVsbH0sInRmd19kdXBsaWNhdGVfc2NyaWJlc190b19zZXR0aW5ncyI6eyJidWNrZXQiOiJvbiIsInZlcnNpb24iOm51bGx9LCJ0ZndfdXNlX3Byb2ZpbGVfaW1hZ2Vfc2hhcGVfZW5hYmxlZCI6eyJidWNrZXQiOiJvbiIsInZlcnNpb24iOm51bGx9LCJ0ZndfdmlkZW9faGxzX2R5bmFtaWNfbWFuaWZlc3RzXzE1MDgyIjp7ImJ1Y2tldCI6InRydWVfYml0cmF0ZSIsInZlcnNpb24iOm51bGx9LCJ0ZndfbGVnYWN5X3RpbWVsaW5lX3N1bnNldCI6eyJidWNrZXQiOnRydWUsInZlcnNpb24iOm51bGx9LCJ0ZndfdHdlZXRfZWRpdF9mcm9udGVuZCI6eyJidWNrZXQiOiJvbiIsInZlcnNpb24iOm51bGx9fQ%3D%3D&amp;frame=false&amp;hideCard=false&amp;hideThread=false&amp;id=2031902080831537421&amp;lang=es&amp;origin=https%3A%2F%2Fhitadmin.eltucumano.com%2Fnotas%2Fedit%2F317800&amp;sessionId=854b62bac6254f45206f614a4d52c7afcb900bbc&amp;theme=light&amp;widgetsVersion=2615f7e52b7e0%3A1702314776716&amp;width=550px\" frameborder=\"0\" scrolling=\"no\" sandbox=\"allow-same-origin allow-scripts allow-popups allow-forms\" allowfullscreen=\"allowfullscreen\" data-src=\"https:\/\/platform.twitter.com\/embed\/Tweet.html?dnt=false&amp;embedId=twitter-widget-1&amp;features=eyJ0ZndfdGltZWxpbmVfbGlzdCI6eyJidWNrZXQiOltdLCJ2ZXJzaW9uIjpudWxsfSwidGZ3X2ZvbGxvd2VyX2NvdW50X3N1bnNldCI6eyJidWNrZXQiOnRydWUsInZlcnNpb24iOm51bGx9LCJ0ZndfdHdlZXRfZWRpdF9iYWNrZW5kIjp7ImJ1Y2tldCI6Im9uIiwidmVyc2lvbiI6bnVsbH0sInRmd19yZWZzcmNfc2Vzc2lvbiI6eyJidWNrZXQiOiJvbiIsInZlcnNpb24iOm51bGx9LCJ0ZndfZm9zbnJfc29mdF9pbnRlcnZlbnRpb25zX2VuYWJsZWQiOnsiYnVja2V0Ijoib24iLCJ2ZXJzaW9uIjpudWxsfSwidGZ3X21peGVkX21lZGlhXzE1ODk3Ijp7ImJ1Y2tldCI6InRyZWF0bWVudCIsInZlcnNpb24iOm51bGx9LCJ0ZndfZXhwZXJpbWVudHNfY29va2llX2V4cGlyYXRpb24iOnsiYnVja2V0IjoxMjA5NjAwLCJ2ZXJzaW9uIjpudWxsfSwidGZ3X3Nob3dfYmlyZHdhdGNoX3Bpdm90c19lbmFibGVkIjp7ImJ1Y2tldCI6Im9uIiwidmVyc2lvbiI6bnVsbH0sInRmd19kdXBsaWNhdGVfc2NyaWJlc190b19zZXR0aW5ncyI6eyJidWNrZXQiOiJvbiIsInZlcnNpb24iOm51bGx9LCJ0ZndfdXNlX3Byb2ZpbGVfaW1hZ2Vfc2hhcGVfZW5hYmxlZCI6eyJidWNrZXQiOiJvbiIsInZlcnNpb24iOm51bGx9LCJ0ZndfdmlkZW9faGxzX2R5bmFtaWNfbWFuaWZlc3RzXzE1MDgyIjp7ImJ1Y2tldCI6InRydWVfYml0cmF0ZSIsInZlcnNpb24iOm51bGx9LCJ0ZndfbGVnYWN5X3RpbWVsaW5lX3N1bnNldCI6eyJidWNrZXQiOnRydWUsInZlcnNpb24iOm51bGx9LCJ0ZndfdHdlZXRfZWRpdF9mcm9udGVuZCI6eyJidWNrZXQiOiJvbiIsInZlcnNpb24iOm51bGx9fQ%3D%3D&amp;frame=false&amp;hideCard=false&amp;hideThread=false&amp;id=2031902080831537421&amp;lang=es&amp;origin=https%3A%2F%2Fhitadmin.eltucumano.com%2Fnotas%2Fedit%2F317800&amp;sessionId=854b62bac6254f45206f614a4d52c7afcb900bbc&amp;theme=light&amp;widgetsVersion=2615f7e52b7e0%3A1702314776716&amp;width=550px\" data-tweet-id=\"2031902080831537421\" data-mce-fragment=\"1\"><\/iframe><\/div>\n<div><strong>https:\/\/www.eltucumano.com\/noticia\/actualidad\/317800\/que-dijo-dario-monteros-tras-la-agresion-al-diputado-libertario-federico-pelli?dnd=cat&amp;tit=fb&amp;pos=1&amp;dis=desk<\/strong><\/div>\n<\/div>\n<\/div>\n","protected":false},"excerpt":{"rendered":"<p>\u00abRepudio la agresi\u00f3n sufrida por el diputado nacional Federico Pelli. La violencia nunca puede ser el camino en democracia\u00bb, escribi\u00f3 el ministro del Interior en su cuenta de X. Desde La Libertad Avanza vinculan al agresor con el exintendente de Banda del R\u00edo Sal\u00ed. Dar\u00edo Monteros Tucum\u00e1n fue noticia nacional ayer jueves, no solo por &hellip;<\/p>\n","protected":false},"author":2,"featured_media":15239,"comment_status":"open","ping_status":"open","sticky":false,"template":"","format":"standard","meta":{"footnotes":""},"categories":[34,25],"tags":[3034,3078],"class_list":["post-15238","post","type-post","status-publish","format-standard","has-post-thumbnail","hentry","category-locales","category-politica","tag-dario-monteros","tag-ministro-del-interior"],"_links":{"self":[{"href":"https:\/\/cafeprensa.com.ar\/index.php\/wp-json\/wp\/v2\/posts\/15238","targetHints":{"allow":["GET"]}}],"collection":[{"href":"https:\/\/cafeprensa.com.ar\/index.php\/wp-json\/wp\/v2\/posts"}],"about":[{"href":"https:\/\/cafeprensa.com.ar\/index.php\/wp-json\/wp\/v2\/types\/post"}],"author":[{"embeddable":true,"href":"https:\/\/cafeprensa.com.ar\/index.php\/wp-json\/wp\/v2\/users\/2"}],"replies":[{"embeddable":true,"href":"https:\/\/cafeprensa.com.ar\/index.php\/wp-json\/wp\/v2\/comments?post=15238"}],"version-history":[{"count":1,"href":"https:\/\/cafeprensa.com.ar\/index.php\/wp-json\/wp\/v2\/posts\/15238\/revisions"}],"predecessor-version":[{"id":15240,"href":"https:\/\/cafeprensa.com.ar\/index.php\/wp-json\/wp\/v2\/posts\/15238\/revisions\/15240"}],"wp:featuredmedia":[{"embeddable":true,"href":"https:\/\/cafeprensa.com.ar\/index.php\/wp-json\/wp\/v2\/media\/15239"}],"wp:attachment":[{"href":"https:\/\/cafeprensa.com.ar\/index.php\/wp-json\/wp\/v2\/media?parent=15238"}],"wp:term":[{"taxonomy":"category","embeddable":true,"href":"https:\/\/cafeprensa.com.ar\/index.php\/wp-json\/wp\/v2\/categories?post=15238"},{"taxonomy":"post_tag","embeddable":true,"href":"https:\/\/cafeprensa.com.ar\/index.php\/wp-json\/wp\/v2\/tags?post=15238"}],"curies":[{"name":"wp","href":"https:\/\/api.w.org\/{rel}","templated":true}]}}