{"id":15241,"date":"2026-03-12T11:31:54","date_gmt":"2026-03-12T14:31:54","guid":{"rendered":"https:\/\/cafeprensa.com.ar\/?p=15241"},"modified":"2026-03-12T11:32:07","modified_gmt":"2026-03-12T14:32:07","slug":"la-fabrica-de-termos-lumilagro-apago-sus-hornos-tras-83-anos-y-ahora-importa-todo-desde-china","status":"publish","type":"post","link":"https:\/\/cafeprensa.com.ar\/index.php\/2026\/03\/12\/la-fabrica-de-termos-lumilagro-apago-sus-hornos-tras-83-anos-y-ahora-importa-todo-desde-china\/","title":{"rendered":"la f\u00e1brica de termos Lumilagro apag\u00f3 sus hornos tras 83 a\u00f1os y ahora importa todo desde China"},"content":{"rendered":"<header class=\"article-top\">\n<div class=\"epigraph full padding-lr\">En los \u00faltimos 2 a\u00f1os, y tras una ca\u00edda de ventas del 50%, dio un giro en su negocio. Despidi\u00f3 a 170 trabajadores y comenz\u00f3 a fabricar en China. Desde 1941, la empresa <strong>Lumilagro se dedic\u00f3 a fabricar termos con sello argentino<\/strong>. En los \u00faltimos dos a\u00f1os, todo cambi\u00f3 y tras una ca\u00edda de\u00a0<strong>ventas<\/strong>\u00a0del 50% dieron un giro en su negocio. En los \u00faltimos dos a\u00f1os, desvincularon a 170 trabajadores. Comenz\u00f3 a fabricar en China, se reinvent\u00f3.<img loading=\"lazy\" decoding=\"async\" class=\"alignnone wp-image-15244 size-full\" src=\"https:\/\/cafeprensa.com.ar\/wp-content\/uploads\/2026\/03\/linea-armado.webp\" alt=\"\" width=\"800\" height=\"500\" srcset=\"https:\/\/cafeprensa.com.ar\/wp-content\/uploads\/2026\/03\/linea-armado.webp 800w, https:\/\/cafeprensa.com.ar\/wp-content\/uploads\/2026\/03\/linea-armado-300x188.webp 300w, https:\/\/cafeprensa.com.ar\/wp-content\/uploads\/2026\/03\/linea-armado-768x480.webp 768w\" sizes=\"auto, (max-width: 800px) 100vw, 800px\" \/><\/div>\n<\/header>\n<div class=\"article-content full padding-lr\">\n<p data-mrf-recirculation=\"Links art\u00edculo\">Lumilagro es una empresa creada por cuatro familias, hoy conducida por la cuarta generaci\u00f3n de los Nadler y los Suranyi. El fundador fue Eugenio Suranyi, t\u00edo bisabuelo de Mart\u00edn Nadler, quien conduce los destinos como director ejecutivo y due\u00f1o. Supo ser la \u00fanica f\u00e1brica de termos de vidrio de Am\u00e9rica.<\/p>\n<p data-mrf-recirculation=\"Links art\u00edculo\">Las pasaron todas, pero nunca imaginaron que en 2024 iban a tener que\u00a0<strong>apagar los hornos donde hac\u00edan los termos de vidrio<\/strong>, ahora traen las ampollas de vidrio de India y Vietnam y los termos de acero los fabrican en China.<img loading=\"lazy\" decoding=\"async\" class=\"alignnone wp-image-15243 size-large\" src=\"https:\/\/cafeprensa.com.ar\/wp-content\/uploads\/2026\/03\/fabrica-lumilagro-1024x681.jpg\" alt=\"\" width=\"1024\" height=\"681\" srcset=\"https:\/\/cafeprensa.com.ar\/wp-content\/uploads\/2026\/03\/fabrica-lumilagro-1024x681.jpg 1024w, https:\/\/cafeprensa.com.ar\/wp-content\/uploads\/2026\/03\/fabrica-lumilagro-300x200.jpg 300w, https:\/\/cafeprensa.com.ar\/wp-content\/uploads\/2026\/03\/fabrica-lumilagro-768x511.jpg 768w, https:\/\/cafeprensa.com.ar\/wp-content\/uploads\/2026\/03\/fabrica-lumilagro-1536x1021.jpg 1536w, https:\/\/cafeprensa.com.ar\/wp-content\/uploads\/2026\/03\/fabrica-lumilagro.jpg 1624w\" sizes=\"auto, (max-width: 1024px) 100vw, 1024px\" \/><\/p>\n<p data-mrf-recirculation=\"Links art\u00edculo\">Mart\u00edn Nadler, director ejecutivo y due\u00f1o de Lumilagro. \u00abHemos pasado malos momentos, en 1999 fue muy grave, nos salv\u00f3 la crisis del 2001 que devalu\u00f3 y el tipo de cambio hizo que todas las industrias sean muy competitivas. Desde el 2002 hasta el 2013 fue una muy buena \u00e9poca,\u00a0<strong>en 2012 batimos r\u00e9cord de ventas de termos de vidrio<\/strong>, que era nuestro producto estrella. En 2005 aparecieron los termos de acero trucho de China con t\u00f3xicos prohibidos.\u00a0En 2015 lleg\u00f3 el termo extranjero, hasta ese momento el termo de acero era 4 veces m\u00e1s caro que el de vidrio y la gente no lo aceptaba. Al llegar como aspiracional, nos ayud\u00f3 a que la gente aceptara los precios\u00bb.<img loading=\"lazy\" decoding=\"async\" class=\"alignnone wp-image-15246 size-full\" src=\"https:\/\/cafeprensa.com.ar\/wp-content\/uploads\/2026\/03\/Lumilagro.png\" alt=\"\" width=\"887\" height=\"586\" srcset=\"https:\/\/cafeprensa.com.ar\/wp-content\/uploads\/2026\/03\/Lumilagro.png 887w, https:\/\/cafeprensa.com.ar\/wp-content\/uploads\/2026\/03\/Lumilagro-300x198.png 300w, https:\/\/cafeprensa.com.ar\/wp-content\/uploads\/2026\/03\/Lumilagro-768x507.png 768w\" sizes=\"auto, (max-width: 887px) 100vw, 887px\" \/><\/p>\n<p><strong><span style=\"font-size: 14pt;\">De 300 empleados a 50: el doloroso ajuste de Lumilagro<\/span><\/strong><\/p>\n<p data-mrf-recirculation=\"Links art\u00edculo\">En 2013, Lumilagro supo tener 300 empleados directos m\u00e1s 50 indirectos. \u00abEn 2022 ten\u00edamos 220 trabajadores, pero\u00a0<strong>en los \u00faltimos dos a\u00f1os tuvimos que reducir el plantel y 170 personas se fueron con retiro voluntario<\/strong>, fue un proceso doloros\u00edsimo. Hoy nos quedamos con 50 personas directas y 50 indirectos. Todos ve\u00edan la situaci\u00f3n, hab\u00eda bajado mucho el volumen demandado. Llor\u00e9 al despedir a algunos trabajadores que me conoc\u00edan desde los 5 a\u00f1os, pero entendieron que era por el futuro de la empresa\u00bb, explic\u00f3 Nadler.<\/p>\n<div class=\"imagen\">\n<p><img loading=\"lazy\" decoding=\"async\" class=\"lazyload loaded\" src=\"https:\/\/resizer.iproimg.com\/unsafe\/filters:format(webp):quality(70)\/https:\/\/assets.iprofesional.com\/assets\/jpg\/2026\/03\/613210.jpg\" alt=\"image placeholder\" width=\"1280\" height=\"720\" data-src=\"https:\/\/assets.iprofesional.com\/assets\/jpg\/2026\/03\/613210.jpg\" \/><\/p>\n<div class=\"epigrafe\">De no querer entrar a la empresa, Mart\u00edn Nadler hoy es un influencer de la marca que en redes no para<\/div>\n<\/div>\n<p data-mrf-recirculation=\"Links art\u00edculo\">La ca\u00edda en las ventas y\u00a0la avalancha de termos que entran sin control\u00a0hicieron que Lumilagro tomara medidas urgentes.<\/p>\n<p data-mrf-recirculation=\"Links art\u00edculo\"><strong>\u00abSe consumen 4 millones de termos anuales en Argentina y s\u00f3lo de Paraguay ingresaron 4 millones, m\u00e1s lo que ingresa por el norte. Son termos t\u00f3xicos y truchos, cuando est\u00e1n en contacto con agua caliente desprenden metales cancer\u00edgenos\u00bb.\u00a0\u00abNos preocupa la salud de la gente, el Estado no dedica ni el m\u00ednimo esfuerzo para protegernos del contrabando, si bien sabemos que es una pol\u00edtica de Estado para bajar el precio de las cosas sea como sea\u00bb.<\/strong><\/p>\n<p data-mrf-recirculation=\"Links art\u00edculo\">La avalancha de termos que ingresan al pa\u00eds golpearon fuertemente al termo de vidrio, el m\u00e1s vendido por Lumilagro. \u00abEn ventas estamos 50 y 50 entre acero y vidrio, cuando el vidrio siempre fue tres veces m\u00e1s que el acero. Nos golpe\u00f3 mucho el contrabando.\u00a0<strong>La ca\u00edda de ventas es del 50%<\/strong>, pese a que cuando hay recesi\u00f3n aumenta la venta de termos porque el mate es de primera necesidad, no importa la situaci\u00f3n econ\u00f3mica. Por todo esto,\u00a0<strong>en nuestra planta de Tortuguitas ya no fabricamos termos de vidrio<\/strong> y bajamos a la mitad la fabricaci\u00f3n de termos de acero que hacemos desde hace 20 a\u00f1os\u00bb, explic\u00f3 Mart\u00edn Nadler.<\/p>\n<p><strong><span style=\"font-size: 14pt;\">La apuesta por China y el termo argentino que compite con el mundo<\/span><\/strong><\/p>\n<p data-mrf-recirculation=\"Links art\u00edculo\">Al principio, Mart\u00edn no quer\u00eda meterse en los negocios familiares, pero luego se obsesion\u00f3 pensando que un termo yankee no pod\u00eda ganarle a Lumilagro, el mejor termo argentino.\u00a0Empez\u00f3 a hacer grupos de 50 personas y comparaba Lumilagro vs la competencia, hasta que entendi\u00f3 qu\u00e9 buscaban a la hora de comprar un termo y empez\u00f3 a cranear lo que hoy es\u00a0<strong>Luminox Pampa<\/strong>. De no querer entrar a la empresa, hoy es un influencer de la marca que en redes no para.<img loading=\"lazy\" decoding=\"async\" class=\"alignnone wp-image-15245 size-full\" src=\"https:\/\/cafeprensa.com.ar\/wp-content\/uploads\/2026\/03\/lumilagro.jpg\" alt=\"\" width=\"800\" height=\"483\" srcset=\"https:\/\/cafeprensa.com.ar\/wp-content\/uploads\/2026\/03\/lumilagro.jpg 800w, https:\/\/cafeprensa.com.ar\/wp-content\/uploads\/2026\/03\/lumilagro-300x181.jpg 300w, https:\/\/cafeprensa.com.ar\/wp-content\/uploads\/2026\/03\/lumilagro-768x464.jpg 768w, https:\/\/cafeprensa.com.ar\/wp-content\/uploads\/2026\/03\/lumilagro-780x470.jpg 780w\" sizes=\"auto, (max-width: 800px) 100vw, 800px\" \/><\/p>\n<p data-mrf-recirculation=\"Links art\u00edculo\"><strong>\u00abHace 4 a\u00f1os decidimos fabricar en China, nos quisimos prevenir. Quer\u00edamos tener el mejor termo para mate del mundo. Tardamos un a\u00f1o en elegir la f\u00e1brica en China, en el medio la competencia fue y compr\u00f3 la f\u00e1brica y les prohibi\u00f3 que trabajen para nosotros. En China el 90% de las f\u00e1bricas no son buenas, por eso tardamos 6 meses m\u00e1s en encontrar la nueva planta.\u00a0Mandarlas a fabricar afuera es un salto en calidad por la econom\u00eda de escala y\u00a0el ahorro en el costo es de un 15%. En nuestro caso tuvimos que cerrar nuestra f\u00e1brica pero el argentino puede tener un termo m\u00e1s barato y de mejor calidad.\u00a0M\u00e1s all\u00e1 del dolor y la relaci\u00f3n afectiva que ten\u00edamos con los empleados. Si vuelve a ser conveniente fabricar en Argentina, lo volveremos a hacer. Si sube el d\u00f3lar me puede convenir volver a fabricar\u00bb, explic\u00f3 Nadler.<\/strong><\/p>\n<p data-mrf-recirculation=\"Links art\u00edculo\">Los planes de Lumilagro son muy ambiciosos, van a comenzar a abrir locales propios. Entusiasmado cont\u00f3: \u00abEl primer local lo abriremos en el shopping OH Buenos Aires, seguramente ser\u00e1 para el segundo semestre.\u00a0<strong>Tenemos un plan para abrir locales en todo el pa\u00eds<\/strong>\u00a0y que el consumidor tenga contacto con nuestro producto, en 2030 queremos tener 15 locales, uno en cada una de las principales ciudades del pa\u00eds. Otro plan es seguir exportando, nuestro termo Luminox Pampa es mejor que el extranjero que cuesta tres veces m\u00e1s. Con pico cebador y vertido celestial, liviano, resistente a los golpes y mantiene el agua a muy buena temperatura, por eso\u00a0<strong>ya duplicamos la venta con este lanzamiento<\/strong>. Adem\u00e1s ya lo vendemos al mercado latino de Estados Unidos en Florida, exportamos a Chile, Espa\u00f1a, Francia y Australia. Este a\u00f1o esperamos exportar el doble\u00bb.<\/p>\n<div class=\"imagen\">\n<p><img loading=\"lazy\" decoding=\"async\" class=\"lazyload loaded\" src=\"https:\/\/resizer.iproimg.com\/unsafe\/filters:format(webp):quality(70)\/https:\/\/assets.iprofesional.com\/assets\/jpg\/2026\/03\/613205.jpg\" alt=\"image placeholder\" width=\"1280\" height=\"720\" data-src=\"https:\/\/assets.iprofesional.com\/assets\/jpg\/2026\/03\/613205.jpg\" \/><\/p>\n<div class=\"epigrafe\">Los planes de Lumilagro son muy ambiciosos: comenzar\u00e1 a abrir locales propios<\/div>\n<\/div>\n<p data-mrf-recirculation=\"Links art\u00edculo\">En la planta de Tortuguitas, fabrican algunos termos de acero y se dedican a personalizar termos y botellas t\u00e9rmicas con serigraf\u00edas de cuadros de f\u00fatbol y con personajes de\u00a0<strong>Disney,<\/strong>\u00a0se asociaron hace un mes.<\/p>\n<p data-mrf-recirculation=\"Links art\u00edculo\"><strong>Est\u00e1n analizando si las botellas t\u00e9rmicas las fabrican ac\u00e1 o las siguen importando. Una planta que supo ser modelo, tuvo que cambiar su modelo de negocios.<\/strong><\/p>\n<\/div>\n","protected":false},"excerpt":{"rendered":"<p>En los \u00faltimos 2 a\u00f1os, y tras una ca\u00edda de ventas del 50%, dio un giro en su negocio. Despidi\u00f3 a 170 trabajadores y comenz\u00f3 a fabricar en China. Desde 1941, la empresa Lumilagro se dedic\u00f3 a fabricar termos con sello argentino. En los \u00faltimos dos a\u00f1os, todo cambi\u00f3 y tras una ca\u00edda de\u00a0ventas\u00a0del 50% &hellip;<\/p>\n","protected":false},"author":2,"featured_media":15247,"comment_status":"open","ping_status":"open","sticky":false,"template":"","format":"standard","meta":{"footnotes":""},"categories":[28,33],"tags":[3079],"class_list":["post-15241","post","type-post","status-publish","format-standard","has-post-thumbnail","hentry","category-economia","category-nacionales","tag-lumilagro"],"_links":{"self":[{"href":"https:\/\/cafeprensa.com.ar\/index.php\/wp-json\/wp\/v2\/posts\/15241","targetHints":{"allow":["GET"]}}],"collection":[{"href":"https:\/\/cafeprensa.com.ar\/index.php\/wp-json\/wp\/v2\/posts"}],"about":[{"href":"https:\/\/cafeprensa.com.ar\/index.php\/wp-json\/wp\/v2\/types\/post"}],"author":[{"embeddable":true,"href":"https:\/\/cafeprensa.com.ar\/index.php\/wp-json\/wp\/v2\/users\/2"}],"replies":[{"embeddable":true,"href":"https:\/\/cafeprensa.com.ar\/index.php\/wp-json\/wp\/v2\/comments?post=15241"}],"version-history":[{"count":2,"href":"https:\/\/cafeprensa.com.ar\/index.php\/wp-json\/wp\/v2\/posts\/15241\/revisions"}],"predecessor-version":[{"id":15249,"href":"https:\/\/cafeprensa.com.ar\/index.php\/wp-json\/wp\/v2\/posts\/15241\/revisions\/15249"}],"wp:featuredmedia":[{"embeddable":true,"href":"https:\/\/cafeprensa.com.ar\/index.php\/wp-json\/wp\/v2\/media\/15247"}],"wp:attachment":[{"href":"https:\/\/cafeprensa.com.ar\/index.php\/wp-json\/wp\/v2\/media?parent=15241"}],"wp:term":[{"taxonomy":"category","embeddable":true,"href":"https:\/\/cafeprensa.com.ar\/index.php\/wp-json\/wp\/v2\/categories?post=15241"},{"taxonomy":"post_tag","embeddable":true,"href":"https:\/\/cafeprensa.com.ar\/index.php\/wp-json\/wp\/v2\/tags?post=15241"}],"curies":[{"name":"wp","href":"https:\/\/api.w.org\/{rel}","templated":true}]}}