{"id":15250,"date":"2026-03-12T20:08:04","date_gmt":"2026-03-12T23:08:04","guid":{"rendered":"https:\/\/cafeprensa.com.ar\/?p=15250"},"modified":"2026-03-12T20:08:04","modified_gmt":"2026-03-12T23:08:04","slug":"el-ministro-monteros-intimo-a-la-diputada-soledad-molinuevo","status":"publish","type":"post","link":"https:\/\/cafeprensa.com.ar\/index.php\/2026\/03\/12\/el-ministro-monteros-intimo-a-la-diputada-soledad-molinuevo\/","title":{"rendered":"El ministro Monteros intim\u00f3 a la Diputada Soledad Molinuevo"},"content":{"rendered":"<div class=\"space-y-3\">\n<div class=\"max-w-4xl\">\n<p class=\"text-3xl md:text-4xl font-bold\">Para exigirle que se retracte por acusarlo de manejar una \u201cmafia tucumana\u201d. El funcionario provincial le envi\u00f3 una carta documento a la diputada libertaria tras sus declaraciones en medios y redes sociales. Le exige que se retracte y advierte que, si no lo hace, iniciar\u00e1 acciones penales y civiles.<\/p>\n<\/div>\n<\/div>\n<div class=\"flex flex-col md:flex-row mt-3 gap-4 relative\">\n<div class=\"grow md:w-[856px] relative\">\n<div>\n<div class=\"relative -top-2\"><img loading=\"lazy\" decoding=\"async\" class=\"rounded w-full\" src=\"https:\/\/res.cloudinary.com\/dut4yhfgk\/image\/upload\/v1773353486\/Noticias\/politica\/monteros-intimo-a-soledad-molinuevo-para-exigirle-que-se-retracte-por-acusarlo-de-manejar-una-mafia-tucumana\/xvzbh0x1oxgtzivtbpq4.jpg\" alt=\"Monteros intim\u00f3 a Soledad Molinuevo para exigirle que se retracte por acusarlo de manejar una \u201cmafia tucumana\u201d\" width=\"856\" height=\"422\" data-nimg=\"1\" \/><\/div>\n<\/div>\n<div class=\"md:flex md:items-start md:justify-between md:gap-8 relative \">\n<div class=\"pb-7 font-thin\">\n<p class=\"text-lg\">El ministro del Interior de Tucum\u00e1n,\u00a0<strong>Dar\u00edo Monteros<\/strong>, le envi\u00f3 una carta documento a la diputada nacional de La Libertad Avanza<strong>\u00a0Soledad Molinuevo<\/strong>\u00a0para exigirle que se retracte p\u00fablicamente de las acusaciones que realiz\u00f3 en su contra en medios de comunicaci\u00f3n y redes sociales, donde lo vincul\u00f3 con el ataque sufrido por el diputado\u00a0<strong>Federico Pelli\u00a0<\/strong>en La Madrid.<img loading=\"lazy\" decoding=\"async\" class=\"alignnone wp-image-15139 size-full\" src=\"https:\/\/cafeprensa.com.ar\/wp-content\/uploads\/2026\/03\/8_260108111211-2.gif\" alt=\"\" width=\"970\" height=\"90\" \/><\/p>\n<p class=\"text-lg\"><strong>En el documento, fechado este 12 de marzo, Monteros intim\u00f3 a la legisladora a cesar con lo que calific\u00f3 como una \u201ccampa\u00f1a de hostigamiento y desprestigio basada en falsedades delictivas\u201d. El funcionario provincial sostuvo que las declaraciones de Molinuevo lo responsabilizan por la agresi\u00f3n sufrida por Pelli el 11 de marzo y cit\u00f3 como ejemplo expresiones que la diputada habr\u00eda pronunciado en el canal LN+, donde afirm\u00f3 que \u201ctoda la mafia tucumana est\u00e1 manejada por el ministro del Interior\u201d.<\/strong><\/p>\n<p class=\"text-lg\">Seg\u00fan Monteros, la legisladora tambi\u00e9n reiter\u00f3 esas acusaciones en una publicaci\u00f3n en su cuenta oficial de la red social X y durante una entrevista en Radio La Red. En la carta documento afirma que, adem\u00e1s de utilizar \u201capelativos grav\u00edsimos\u201d, lo imput\u00f3 de forma directa por la agresi\u00f3n contra el diputado. \u201cSituaci\u00f3n que rechazo y lamento, pero que resulta completamente ajena a mi voluntad\u201d, se\u00f1al\u00f3 el funcionario, quien asegur\u00f3 que las declaraciones de la diputada \u201cmanchan mi nombre y honor\u201d.<\/p>\n<p class=\"text-lg\"><strong>En el escrito, al que TDN tuvo acceso, Monteros sostiene adem\u00e1s que las afirmaciones de la legisladora \u201cexceden cualquier l\u00edmite de la inmunidad de opini\u00f3n parlamentaria y de la libertad de expresi\u00f3n\u201d y afirma que lo estar\u00eda acusando \u201cde forma directa y maliciosa de la comisi\u00f3n del delito de asociaci\u00f3n il\u00edcita\u201d.<\/strong><\/p>\n<p class=\"text-lg\">El ministro del Interior tambi\u00e9n cuestion\u00f3 el momento en que se realizaron esas declaraciones. \u201cEn momentos tan dif\u00edciles para nuestra provincia, donde junto al equipo de gobierno me encuentro coordinando de forma ininterrumpida la asistencia a las familias damnificadas por el temporal y la evacuaci\u00f3n de familias en situaci\u00f3n de riesgo, ning\u00fan acto de violencia es tolerable, tampoco el suyo\u201d, expres\u00f3.<\/p>\n<p class=\"text-lg\"><strong>En la carta documento, Monteros le otorg\u00f3 a la diputada un plazo de 24 horas para que \u201ccese con las acusaciones, se retracte p\u00fablicamente en los mismos medios donde realiz\u00f3 las declaraciones y elimine las publicaciones que contengan referencias descalificantes\u201d hacia su persona.<img loading=\"lazy\" decoding=\"async\" class=\"alignnone wp-image-15138 size-full\" src=\"https:\/\/cafeprensa.com.ar\/wp-content\/uploads\/2026\/03\/8_260108110520.gif\" alt=\"\" width=\"970\" height=\"90\" \/><\/strong><\/p>\n<p class=\"text-lg\">En caso de no hacerlo, advirti\u00f3 que avanzar\u00e1 con acciones judiciales. Entre ellas, mencion\u00f3 la posibilidad de presentar \u201cuna querella criminal por calumnias e injurias y solicitar a la C\u00e1mara de Diputados de la Naci\u00f3n el desafuero\u201d de la legisladora.<\/p>\n<p class=\"text-lg\"><strong>Adem\u00e1s, anticip\u00f3 que iniciar\u00e1 una demanda civil por da\u00f1os y perjuicios por la afectaci\u00f3n a su honor e imagen p\u00fablica. Seg\u00fan indic\u00f3 en la carta, la eventual indemnizaci\u00f3n ser\u00e1 destinada \u201c\u00edntegramente a las familias afectadas por las inundaciones en la localidad de La Madrid, provincia de Tucum\u00e1n\u201d.<\/strong><\/p>\n<p class=\"text-lg\">\u201cUsted deber\u00e1 probar sus dichos ante la Justicia o hacerse cargo de las consecuencias legales de sus falsedades\u201d, concluy\u00f3 el funcionario en la intimaci\u00f3n formal.<\/p>\n<p><img decoding=\"async\" class=\"max-w-full h-auto object-contain\" title=\"Captura de pantalla 2026-03-12 190543.jpg\" src=\"https:\/\/res.cloudinary.com\/dut4yhfgk\/image\/upload\/v1773353331\/Noticias\/general\/imagen-contenido\/content\/content-image-Captura%20-1773353331031.jpg\" alt=\"Captura de pantalla 2026-03-12 190543.jpg\" \/><\/p>\n<p class=\"text-lg\">\n<\/div>\n<\/div>\n<div class=\"col-start-1 col-span-12 mb-10 hidden md:block\">\n<div class=\"flex justify-center bg-publicidad items-center w-full\"><span style=\"font-size: 8pt;\"><strong>https:\/\/tendenciadenoticias.com.ar\/politica\/monteros-intimo-a-soledad-molinuevo-para-exigirle-que-se-retracte-por-acusarlo-de-manejar-una-mafia-tucumana<\/strong><\/span><\/div>\n<\/div>\n<div class=\"w-full bg-white rounded border py-3 my-4 px-3 text-sm\"><\/div>\n<\/div>\n<\/div>\n","protected":false},"excerpt":{"rendered":"<p>Para exigirle que se retracte por acusarlo de manejar una \u201cmafia tucumana\u201d. El funcionario provincial le envi\u00f3 una carta documento a la diputada libertaria tras sus declaraciones en medios y redes sociales. Le exige que se retracte y advierte que, si no lo hace, iniciar\u00e1 acciones penales y civiles. El ministro del Interior de Tucum\u00e1n,\u00a0Dar\u00edo &hellip;<\/p>\n","protected":false},"author":2,"featured_media":15251,"comment_status":"open","ping_status":"open","sticky":false,"template":"","format":"standard","meta":{"footnotes":""},"categories":[34,25],"tags":[3080],"class_list":["post-15250","post","type-post","status-publish","format-standard","has-post-thumbnail","hentry","category-locales","category-politica","tag-ministro-monteros"],"_links":{"self":[{"href":"https:\/\/cafeprensa.com.ar\/index.php\/wp-json\/wp\/v2\/posts\/15250","targetHints":{"allow":["GET"]}}],"collection":[{"href":"https:\/\/cafeprensa.com.ar\/index.php\/wp-json\/wp\/v2\/posts"}],"about":[{"href":"https:\/\/cafeprensa.com.ar\/index.php\/wp-json\/wp\/v2\/types\/post"}],"author":[{"embeddable":true,"href":"https:\/\/cafeprensa.com.ar\/index.php\/wp-json\/wp\/v2\/users\/2"}],"replies":[{"embeddable":true,"href":"https:\/\/cafeprensa.com.ar\/index.php\/wp-json\/wp\/v2\/comments?post=15250"}],"version-history":[{"count":1,"href":"https:\/\/cafeprensa.com.ar\/index.php\/wp-json\/wp\/v2\/posts\/15250\/revisions"}],"predecessor-version":[{"id":15252,"href":"https:\/\/cafeprensa.com.ar\/index.php\/wp-json\/wp\/v2\/posts\/15250\/revisions\/15252"}],"wp:featuredmedia":[{"embeddable":true,"href":"https:\/\/cafeprensa.com.ar\/index.php\/wp-json\/wp\/v2\/media\/15251"}],"wp:attachment":[{"href":"https:\/\/cafeprensa.com.ar\/index.php\/wp-json\/wp\/v2\/media?parent=15250"}],"wp:term":[{"taxonomy":"category","embeddable":true,"href":"https:\/\/cafeprensa.com.ar\/index.php\/wp-json\/wp\/v2\/categories?post=15250"},{"taxonomy":"post_tag","embeddable":true,"href":"https:\/\/cafeprensa.com.ar\/index.php\/wp-json\/wp\/v2\/tags?post=15250"}],"curies":[{"name":"wp","href":"https:\/\/api.w.org\/{rel}","templated":true}]}}