{"id":15253,"date":"2026-03-12T20:18:11","date_gmt":"2026-03-12T23:18:11","guid":{"rendered":"https:\/\/cafeprensa.com.ar\/?p=15253"},"modified":"2026-03-12T20:18:11","modified_gmt":"2026-03-12T23:18:11","slug":"operan-a-federico-pelli","status":"publish","type":"post","link":"https:\/\/cafeprensa.com.ar\/index.php\/2026\/03\/12\/operan-a-federico-pelli\/","title":{"rendered":"Operan a Federico Pelli"},"content":{"rendered":"<p class=\"page-header fw-semibold d-none d-md-block d-lg-block mb-3 px-2\">La primera foto del diputado en la Cl\u00ednica Mayo. <b>Este jueves operan en la Cl\u00ednica Mayo al diputado nacional Federico Pelli, de La Libertad Avanza, que fue agredido por un militante peronista identificado con el alias de Pich\u00f3n cuando intentaba pasar colchones y otras ayudas por una ruta en Tucum\u00e1n, en el marco de las inundaciones que sufre el sur de la provincia por el temporal de las \u00faltimas horas.<\/b><\/p>\n<p class=\"page-header fw-semibold d-none d-md-block d-lg-block mb-3 px-2\">La agresi\u00f3n se conoci\u00f3 ayer por la tarde, cuando un video del momento fue difundido en redes sociales. Esta ma\u00f1ana, otro usuario de la plataforma X comparti\u00f3 una imagen del diputado internado e inform\u00f3 que \u00abse encuentra estable\u00bb y ser\u00e1 intervenido quir\u00fargicamente en las pr\u00f3ximas horas.<img loading=\"lazy\" decoding=\"async\" class=\"alignnone wp-image-13765 size-full\" src=\"https:\/\/cafeprensa.com.ar\/wp-content\/uploads\/2026\/01\/SANTA-ANA-TUCUMAN.jpg\" alt=\"\" width=\"780\" height=\"210\" srcset=\"https:\/\/cafeprensa.com.ar\/wp-content\/uploads\/2026\/01\/SANTA-ANA-TUCUMAN.jpg 780w, https:\/\/cafeprensa.com.ar\/wp-content\/uploads\/2026\/01\/SANTA-ANA-TUCUMAN-300x81.jpg 300w, https:\/\/cafeprensa.com.ar\/wp-content\/uploads\/2026\/01\/SANTA-ANA-TUCUMAN-768x207.jpg 768w\" sizes=\"auto, (max-width: 780px) 100vw, 780px\" \/><\/p>\n<p><strong>Sin intenciones de bajar el tono de la discusi\u00f3n partidaria que dej\u00f3 a un diputado en el hospital, el usuario identificado como @nuevoimperioarg expres\u00f3 un pol\u00e9mico mensaje: \u00abLes aviso no les tenemos miedo simios, vamos a seguir. La libertad avanza!\u00bb. El mensaje fue reposteado por el presidente Javier Milei.<\/strong><\/p>\n<p>Por su parte, otra diputada de LLA, Soledad Molinuevo, habl\u00f3 con medios locales sobre el momento de la agresi\u00f3n y dio detalles sobre el estado de salud de Pelli.<\/p>\n<p><strong>\u201cCre\u00edamos que hab\u00eda sido mucho peor por c\u00f3mo son\u00f3 el golpe\u201d, afirm\u00f3 y se\u00f1al\u00f3 que el golpe le provoc\u00f3 una importante p\u00e9rdida de sangre.<\/strong><\/p>\n<div class=\"col-md-12 col-12 col-lg-12 post-content p-lg-2\">\n<div>Molinuevo dijo adem\u00e1s que su compa\u00f1ero de banca \u00abse desangr\u00f3 mucho. Lo tienen que operar por la quebradura de la nariz. Est\u00e1 internado, muy dolorido\u00bb.<\/div>\n<div><\/div>\n<div>\n<div class=\"twitter-tweet twitter-tweet-rendered\"><iframe id=\"twitter-widget-0\" class=\"\" title=\"X Post\" src=\"https:\/\/platform.twitter.com\/embed\/Tweet.html?creatorScreenName=contextotuc&amp;dnt=false&amp;embedId=twitter-widget-0&amp;features=eyJ0ZndfdGltZWxpbmVfbGlzdCI6eyJidWNrZXQiOltdLCJ2ZXJzaW9uIjpudWxsfSwidGZ3X2ZvbGxvd2VyX2NvdW50X3N1bnNldCI6eyJidWNrZXQiOnRydWUsInZlcnNpb24iOm51bGx9LCJ0ZndfdHdlZXRfZWRpdF9iYWNrZW5kIjp7ImJ1Y2tldCI6Im9uIiwidmVyc2lvbiI6bnVsbH0sInRmd19yZWZzcmNfc2Vzc2lvbiI6eyJidWNrZXQiOiJvbiIsInZlcnNpb24iOm51bGx9LCJ0ZndfZm9zbnJfc29mdF9pbnRlcnZlbnRpb25zX2VuYWJsZWQiOnsiYnVja2V0Ijoib24iLCJ2ZXJzaW9uIjpudWxsfSwidGZ3X21peGVkX21lZGlhXzE1ODk3Ijp7ImJ1Y2tldCI6InRyZWF0bWVudCIsInZlcnNpb24iOm51bGx9LCJ0ZndfZXhwZXJpbWVudHNfY29va2llX2V4cGlyYXRpb24iOnsiYnVja2V0IjoxMjA5NjAwLCJ2ZXJzaW9uIjpudWxsfSwidGZ3X3Nob3dfYmlyZHdhdGNoX3Bpdm90c19lbmFibGVkIjp7ImJ1Y2tldCI6Im9uIiwidmVyc2lvbiI6bnVsbH0sInRmd19kdXBsaWNhdGVfc2NyaWJlc190b19zZXR0aW5ncyI6eyJidWNrZXQiOiJvbiIsInZlcnNpb24iOm51bGx9LCJ0ZndfdXNlX3Byb2ZpbGVfaW1hZ2Vfc2hhcGVfZW5hYmxlZCI6eyJidWNrZXQiOiJvbiIsInZlcnNpb24iOm51bGx9LCJ0ZndfdmlkZW9faGxzX2R5bmFtaWNfbWFuaWZlc3RzXzE1MDgyIjp7ImJ1Y2tldCI6InRydWVfYml0cmF0ZSIsInZlcnNpb24iOm51bGx9LCJ0ZndfbGVnYWN5X3RpbWVsaW5lX3N1bnNldCI6eyJidWNrZXQiOnRydWUsInZlcnNpb24iOm51bGx9LCJ0ZndfdHdlZXRfZWRpdF9mcm9udGVuZCI6eyJidWNrZXQiOiJvbiIsInZlcnNpb24iOm51bGx9fQ%3D%3D&amp;frame=false&amp;hideCard=false&amp;hideThread=false&amp;id=2032079451110945033&amp;lang=es&amp;origin=https%3A%2F%2Fwww.contextotucuman.com%2Fnota%2F376698%2Foperan-a-federico-pelli-la-primera-foto-del-diputado-en-la-clinica-mayo.html&amp;sessionId=c9cd334bd1666d0359d8fdda483306bdd9665dee&amp;siteScreenName=contextotuc&amp;theme=light&amp;widgetsVersion=2615f7e52b7e0%3A1702314776716&amp;width=550px\" frameborder=\"0\" scrolling=\"no\" allowfullscreen=\"allowfullscreen\" data-tweet-id=\"2032079451110945033\" data-mce-fragment=\"1\"><\/iframe><\/div>\n<\/div>\n<\/div>\n","protected":false},"excerpt":{"rendered":"<p>La primera foto del diputado en la Cl\u00ednica Mayo. Este jueves operan en la Cl\u00ednica Mayo al diputado nacional Federico Pelli, de La Libertad Avanza, que fue agredido por un militante peronista identificado con el alias de Pich\u00f3n cuando intentaba pasar colchones y otras ayudas por una ruta en Tucum\u00e1n, en el marco de las &hellip;<\/p>\n","protected":false},"author":2,"featured_media":15254,"comment_status":"open","ping_status":"open","sticky":false,"template":"","format":"standard","meta":{"footnotes":""},"categories":[34,25],"tags":[3074],"class_list":["post-15253","post","type-post","status-publish","format-standard","has-post-thumbnail","hentry","category-locales","category-politica","tag-diputado-pelli"],"_links":{"self":[{"href":"https:\/\/cafeprensa.com.ar\/index.php\/wp-json\/wp\/v2\/posts\/15253","targetHints":{"allow":["GET"]}}],"collection":[{"href":"https:\/\/cafeprensa.com.ar\/index.php\/wp-json\/wp\/v2\/posts"}],"about":[{"href":"https:\/\/cafeprensa.com.ar\/index.php\/wp-json\/wp\/v2\/types\/post"}],"author":[{"embeddable":true,"href":"https:\/\/cafeprensa.com.ar\/index.php\/wp-json\/wp\/v2\/users\/2"}],"replies":[{"embeddable":true,"href":"https:\/\/cafeprensa.com.ar\/index.php\/wp-json\/wp\/v2\/comments?post=15253"}],"version-history":[{"count":1,"href":"https:\/\/cafeprensa.com.ar\/index.php\/wp-json\/wp\/v2\/posts\/15253\/revisions"}],"predecessor-version":[{"id":15255,"href":"https:\/\/cafeprensa.com.ar\/index.php\/wp-json\/wp\/v2\/posts\/15253\/revisions\/15255"}],"wp:featuredmedia":[{"embeddable":true,"href":"https:\/\/cafeprensa.com.ar\/index.php\/wp-json\/wp\/v2\/media\/15254"}],"wp:attachment":[{"href":"https:\/\/cafeprensa.com.ar\/index.php\/wp-json\/wp\/v2\/media?parent=15253"}],"wp:term":[{"taxonomy":"category","embeddable":true,"href":"https:\/\/cafeprensa.com.ar\/index.php\/wp-json\/wp\/v2\/categories?post=15253"},{"taxonomy":"post_tag","embeddable":true,"href":"https:\/\/cafeprensa.com.ar\/index.php\/wp-json\/wp\/v2\/tags?post=15253"}],"curies":[{"name":"wp","href":"https:\/\/api.w.org\/{rel}","templated":true}]}}