{"id":15256,"date":"2026-03-12T20:48:02","date_gmt":"2026-03-12T23:48:02","guid":{"rendered":"https:\/\/cafeprensa.com.ar\/?p=15256"},"modified":"2026-03-12T20:48:36","modified_gmt":"2026-03-12T23:48:36","slug":"cisneros-se-defiende-de-las-acusaciones","status":"publish","type":"post","link":"https:\/\/cafeprensa.com.ar\/index.php\/2026\/03\/12\/cisneros-se-defiende-de-las-acusaciones\/","title":{"rendered":"Cisneros se defiende de las acusaciones"},"content":{"rendered":"<div class=\"post-content\">\n<p class=\"title-post\">\u00abNos inventaron una causa y vamos a aclarar la cosa\u00bb.\u00a0El diputado de Uni\u00f3n por la Patria se refiri\u00f3 a la investigaci\u00f3n en su contra sobre presunta trata de personas, derivada de una acusaci\u00f3n de uno de los jugadores de V\u00e9lez absuelto por violaci\u00f3n.<\/p>\n<\/div>\n<div class=\"box-img\"><img loading=\"lazy\" decoding=\"async\" class=\"attachment-post-thumbnail size-post-thumbnail wp-post-image\" src=\"https:\/\/www.parlamentario.com\/wp-content\/uploads\/2024\/01\/Carlos-Cisneros-UP-Tucuman.webp\" sizes=\"auto, (max-width: 750px) 100vw, 750px\" srcset=\"https:\/\/www.parlamentario.com\/wp-content\/uploads\/2024\/01\/Carlos-Cisneros-UP-Tucuman.webp 750w, https:\/\/www.parlamentario.com\/wp-content\/uploads\/2024\/01\/Carlos-Cisneros-UP-Tucuman-300x200.webp 300w\" alt=\"\" width=\"750\" height=\"500\" \/><\/div>\n<div class=\"contenido-post\">\n<p><strong>El diputado nacional\u00a0Carlos Cisneros\u00a0(Uni\u00f3n por la Patria) respondi\u00f3 este jueves sobre las acusaciones en su contra por supuesta trata de personas, a ra\u00edz de una denuncia realizada por uno de los cuatro jugadores de V\u00e9lez Sarfield que fue acusado y luego sobrese\u00eddo por el delito de violaci\u00f3n en manada.<\/strong><\/p>\n<p>El legislador tucumano qued\u00f3 en la mira en las \u00faltimas horas, luego que se conociera que el juez federal\u00a0<strong>Guillermo D\u00edaz Mart\u00ednez<\/strong>\u00a0notific\u00f3 a la C\u00e1mara de Diputados sobre su situaci\u00f3n judicial. Esto deriv\u00f3 en que miembros de La Libertad Avanza\u00a0salgan a reclamar que se trate su desafuero.<\/p>\n<p><strong>\u00abNo hay ning\u00fan pedido de indagatoria, como hizo circular\u00a0Mart\u00edn Menem\u00a0equivocadamente. Al ser diputado de la Naci\u00f3n, el juez federal tiene la obligaci\u00f3n de comunicar a la C\u00e1mara de Diputados que tengo una denuncia. No me pueden apartar porque no hay ninguna indagatoria\u00bb, afirm\u00f3 en declaraciones a radio\u00a0Mitre.<\/strong><\/p>\n<p>El diputado, l\u00edder del gremio La Bancaria en su provincia, cont\u00f3 que la joven que denunci\u00f3 a los jugadores de V\u00e9lez en 2024 era, adem\u00e1s de periodista, empleada bancaria, y que fue asistida desde el sindicato ante esta situaci\u00f3n. En esa l\u00ednea, se\u00f1al\u00f3 que \u00abde ser defensor de una v\u00edctima de violaci\u00f3n en manada por parte de cuatro jugadores de V\u00e9lez\u00bb pas\u00f3 a estar acusado en una causa.<img loading=\"lazy\" decoding=\"async\" class=\"alignnone wp-image-15139 size-full\" src=\"https:\/\/cafeprensa.com.ar\/wp-content\/uploads\/2026\/03\/8_260108111211-2.gif\" alt=\"\" width=\"970\" height=\"90\" \/><\/p>\n<p><strong>Esto lo adjudic\u00f3 a \u00abla justicia penal de Tucum\u00e1n que funciona p\u00e9simo y ha permitido que los cuatro acusados sean sobrese\u00eddos\u201d. Sobre la denuncia en su contra, dijo: \u00abSer\u00e1 por enojo con La Bancaria, conmigo, porque nosotros protegimos a la v\u00edctima. Fuimos lo que la acompa\u00f1amos y contuvimos, cosa que no hace el Estado\u00bb.<\/strong><\/p>\n<p>\u00abNuestro estatuto dice claramente que la Secretar\u00eda de Derechos Humanos, G\u00e9nero e Igualdad se dedica a las v\u00edctimas y, si se acerca a denunciar, nosotros tenemos que contenerla y asesorarla\u00bb, agreg\u00f3.<\/p>\n<p><strong>Para el diputado, \u00abtodo ven\u00eda bien en Tucum\u00e1n en cuanto a la sanci\u00f3n que deb\u00edan recibir, hasta que aparentemente hubo algunas motivaciones para que, de un d\u00eda para el otro, la orientaci\u00f3n de la causa inicial en los juzgados que maneja (el jefe de los fiscales)\u00a0Edmundo &#8216;Pirincho&#8217; Jim\u00e9nez, tome otro rumbo\u00bb. \u00abNos inventan una causa donde nosotros \u00e9ramos los armadores, el 30 de diciembre sobreseen a los cuatro personajes y eso les da valor para presentar esta denuncia en la Justicia Federal\u00bb, relat\u00f3.<\/strong><\/p>\n<p>\u00abCuando nos convoquen vamos a concurrir, y vamos a aclarar la cosa\u201d, asegur\u00f3 Cisneros, quien consider\u00f3 que \u00abdeber\u00edan escuchar a la v\u00edctima y no seguir haci\u00e9ndole da\u00f1o y revictimizando\u00bb. \u00abLa trata de personas es otra cosa, es una actitud maliciosa por parte del jugador\u00bb, apunt\u00f3 sobre\u00a0<strong>Jos\u00e9 Florent\u00edn Bobadill<\/strong>, quien lo denunci\u00f3.<\/p>\n<\/div>\n","protected":false},"excerpt":{"rendered":"<p>\u00abNos inventaron una causa y vamos a aclarar la cosa\u00bb.\u00a0El diputado de Uni\u00f3n por la Patria se refiri\u00f3 a la investigaci\u00f3n en su contra sobre presunta trata de personas, derivada de una acusaci\u00f3n de uno de los jugadores de V\u00e9lez absuelto por violaci\u00f3n. El diputado nacional\u00a0Carlos Cisneros\u00a0(Uni\u00f3n por la Patria) respondi\u00f3 este jueves sobre las &hellip;<\/p>\n","protected":false},"author":2,"featured_media":15257,"comment_status":"open","ping_status":"open","sticky":false,"template":"","format":"standard","meta":{"footnotes":""},"categories":[1636,34],"tags":[2199,101],"class_list":["post-15256","post","type-post","status-publish","format-standard","has-post-thumbnail","hentry","category-diputados","category-locales","tag-carlos-cisnero","tag-dipuados"],"_links":{"self":[{"href":"https:\/\/cafeprensa.com.ar\/index.php\/wp-json\/wp\/v2\/posts\/15256","targetHints":{"allow":["GET"]}}],"collection":[{"href":"https:\/\/cafeprensa.com.ar\/index.php\/wp-json\/wp\/v2\/posts"}],"about":[{"href":"https:\/\/cafeprensa.com.ar\/index.php\/wp-json\/wp\/v2\/types\/post"}],"author":[{"embeddable":true,"href":"https:\/\/cafeprensa.com.ar\/index.php\/wp-json\/wp\/v2\/users\/2"}],"replies":[{"embeddable":true,"href":"https:\/\/cafeprensa.com.ar\/index.php\/wp-json\/wp\/v2\/comments?post=15256"}],"version-history":[{"count":1,"href":"https:\/\/cafeprensa.com.ar\/index.php\/wp-json\/wp\/v2\/posts\/15256\/revisions"}],"predecessor-version":[{"id":15258,"href":"https:\/\/cafeprensa.com.ar\/index.php\/wp-json\/wp\/v2\/posts\/15256\/revisions\/15258"}],"wp:featuredmedia":[{"embeddable":true,"href":"https:\/\/cafeprensa.com.ar\/index.php\/wp-json\/wp\/v2\/media\/15257"}],"wp:attachment":[{"href":"https:\/\/cafeprensa.com.ar\/index.php\/wp-json\/wp\/v2\/media?parent=15256"}],"wp:term":[{"taxonomy":"category","embeddable":true,"href":"https:\/\/cafeprensa.com.ar\/index.php\/wp-json\/wp\/v2\/categories?post=15256"},{"taxonomy":"post_tag","embeddable":true,"href":"https:\/\/cafeprensa.com.ar\/index.php\/wp-json\/wp\/v2\/tags?post=15256"}],"curies":[{"name":"wp","href":"https:\/\/api.w.org\/{rel}","templated":true}]}}