{"id":15259,"date":"2026-03-13T07:23:21","date_gmt":"2026-03-13T10:23:21","guid":{"rendered":"https:\/\/cafeprensa.com.ar\/?p=15259"},"modified":"2026-03-13T07:23:21","modified_gmt":"2026-03-13T10:23:21","slug":"la-avalancha-de-autos-chinos-no-se-detiene","status":"publish","type":"post","link":"https:\/\/cafeprensa.com.ar\/index.php\/2026\/03\/13\/la-avalancha-de-autos-chinos-no-se-detiene\/","title":{"rendered":"La avalancha de autos chinos no se detiene"},"content":{"rendered":"<header class=\"article-top\">\n<p class=\"title full padding-lr fsize-xl\">Grupo Antelo lanza en Argentina la marca Deepal. El mercado argentino sumar\u00e1 propuestas h\u00edbridas y el\u00e9ctricas de origen chino con la llegada de nuevas marcas y modelos innovadores en 2026<\/p>\n<div class=\"category padding-lr\"><\/div>\n<div class=\"image-container img-wide padding-b\"><picture><source srcset=\"https:\/\/resizer.iproimg.com\/unsafe\/384x\/filters:format(webp):quality(75):max_bytes(102400)\/https:\/\/assets.iprofesional.com\/assets\/jpg\/2026\/03\/613327.jpg 384w, https:\/\/resizer.iproimg.com\/unsafe\/512x\/filters:format(webp):quality(75):max_bytes(102400)\/https:\/\/assets.iprofesional.com\/assets\/jpg\/2026\/03\/613327.jpg 512w, https:\/\/resizer.iproimg.com\/unsafe\/640x\/filters:format(webp):quality(75):max_bytes(102400)\/https:\/\/assets.iprofesional.com\/assets\/jpg\/2026\/03\/613327.jpg 640w\" type=\"image\/webp\" media=\"(max-width: 642px)\" sizes=\"100vw\" \/><source srcset=\"https:\/\/resizer.iproimg.com\/unsafe\/614x\/filters:format(webp):quality(75):max_bytes(102400)\/https:\/\/assets.iprofesional.com\/assets\/jpg\/2026\/03\/613327.jpg 614w\" type=\"image\/webp\" media=\"(min-width: 642.01px) and (max-width: 1270px)\" sizes=\"614px\" \/><source srcset=\"https:\/\/resizer.iproimg.com\/unsafe\/928x\/filters:format(webp):quality(75):max_bytes(102400)\/https:\/\/assets.iprofesional.com\/assets\/jpg\/2026\/03\/613327.jpg 928w\" type=\"image\/webp\" media=\"(min-width: 1270.01px) and (max-width: 1898px)\" sizes=\"928px\" \/><source srcset=\"https:\/\/resizer.iproimg.com\/unsafe\/1270x\/filters:format(webp):quality(75):max_bytes(102400)\/https:\/\/assets.iprofesional.com\/assets\/jpg\/2026\/03\/613327.jpg 1270w\" type=\"image\/webp\" media=\"(min-width: 1898.01px)\" sizes=\"1270px\" \/><img loading=\"lazy\" decoding=\"async\" class=\"\" src=\"https:\/\/resizer.iproimg.com\/unsafe\/768x\/filters:format(webp):quality(75):max_bytes(102400)\/https:\/\/assets.iprofesional.com\/assets\/jpg\/2026\/03\/613327.jpg\" sizes=\"auto, 100vw\" alt=\"La avalancha de autos chinos no se detiene: Grupo Antelo lanza en Argentina la marca Deepal\" width=\"768\" height=\"432\" \/><\/picture><\/div>\n<\/header>\n<div class=\"article-content full padding-lr\">\n<p data-mrf-recirculation=\"Links art\u00edculo\">El avance de las automotrices chinas en la Argentina suma un nuevo cap\u00edtulo. En el marco de Expoagro 2026, el\u00a0<a href=\"https:\/\/www.iprofesional.com\/autos\/425983-grupo-antelo-busca-vender-5-modelos-chinos-sin-aranceles-argentina\" target=\"_blank\" rel=\"noopener noreferrer\" data-mrf-link=\"https:\/\/www.iprofesional.com\/autos\/425983-grupo-antelo-busca-vender-5-modelos-chinos-sin-aranceles-argentina\"><strong>Grupo Antelo anunci\u00f3 la llegada de Deepal<\/strong><\/a>, una marca del conglomerado chino Changan especializada en veh\u00edculos electrificados, que comenzar\u00e1 a operar en el pa\u00eds hacia fines de 2026.<\/p>\n<p data-mrf-recirculation=\"Links art\u00edculo\">Si bien Deepal es t\u00e9cnicamente un modelo del grupo Changan, seguramente terminar\u00e1 conformando una nueva marca con el desembarco de nuevas unidades. La presentaci\u00f3n se realiz\u00f3 como un \u00abavant premiere\u00bb dentro del stand que el grupo mont\u00f3 en la muestra agroindustrial de San Nicol\u00e1s, donde expuso toda su oferta de marcas y anticip\u00f3 dos nuevos modelos que forman parte de su estrategia de electrificaci\u00f3n: el\u00a0<strong>Deepal S05 y el Changan Eado Plus PHEV<\/strong>.<img loading=\"lazy\" decoding=\"async\" class=\"alignnone wp-image-15261 size-large\" src=\"https:\/\/cafeprensa.com.ar\/wp-content\/uploads\/2026\/03\/575772-1024x576.jpg\" alt=\"\" width=\"1024\" height=\"576\" srcset=\"https:\/\/cafeprensa.com.ar\/wp-content\/uploads\/2026\/03\/575772-1024x576.jpg 1024w, https:\/\/cafeprensa.com.ar\/wp-content\/uploads\/2026\/03\/575772-300x169.jpg 300w, https:\/\/cafeprensa.com.ar\/wp-content\/uploads\/2026\/03\/575772-768x432.jpg 768w, https:\/\/cafeprensa.com.ar\/wp-content\/uploads\/2026\/03\/575772-390x220.jpg 390w, https:\/\/cafeprensa.com.ar\/wp-content\/uploads\/2026\/03\/575772.jpg 1280w\" sizes=\"auto, (max-width: 1024px) 100vw, 1024px\" \/><\/p>\n<p data-mrf-recirculation=\"Links art\u00edculo\">La incorporaci\u00f3n de Deepal ampliar\u00e1 el portafolio automotor del grupo en el pa\u00eds, que actualmente ya comercializa marcas como Changan, GWM, Haval, Tank, Ora, JMEV y Mitsubishi. El movimiento refleja una tendencia cada vez m\u00e1s visible en el mercado automotor local: el\u00a0<strong>desembarco progresivo de nuevas marcas chinas<\/strong>, muchas de ellas enfocadas en tecnolog\u00edas h\u00edbridas o el\u00e9ctricas.<\/p>\n<p><strong><span style=\"font-size: 14pt;\">Deepal S05: el primer modelo que llegar\u00e1 al pa\u00eds<\/span><\/strong><\/p>\n<p data-mrf-recirculation=\"Links art\u00edculo\">El primer modelo de Deepal que llegar\u00e1 a la Argentina ser\u00e1 el S05, un\u00a0<strong>SUV del segmento C que se ofrecer\u00e1 con motorizaciones electrificadas<\/strong>, entre ellas\u00a0versiones h\u00edbridas enchufables\u00a0y el\u00e9ctricas.<\/p>\n<p data-mrf-recirculation=\"Links art\u00edculo\">El veh\u00edculo que se expuso durante la muestra agropecuaria se destaca por su dise\u00f1o aerodin\u00e1mico y por un interior orientado a la tecnolog\u00eda, con una\u00a0<strong>pantalla central de 15,4 pulgadas<\/strong> y un conjunto de asistencias a la conducci\u00f3n que incluye frenado aut\u00f3nomo de emergencia y mantenimiento de carril.<img loading=\"lazy\" decoding=\"async\" class=\"alignnone wp-image-15262 size-full\" src=\"https:\/\/cafeprensa.com.ar\/wp-content\/uploads\/2026\/03\/baic-x55-II.jpg\" alt=\"\" width=\"1024\" height=\"683\" srcset=\"https:\/\/cafeprensa.com.ar\/wp-content\/uploads\/2026\/03\/baic-x55-II.jpg 1024w, https:\/\/cafeprensa.com.ar\/wp-content\/uploads\/2026\/03\/baic-x55-II-300x200.jpg 300w, https:\/\/cafeprensa.com.ar\/wp-content\/uploads\/2026\/03\/baic-x55-II-768x512.jpg 768w\" sizes=\"auto, (max-width: 1024px) 100vw, 1024px\" \/><\/p>\n<p data-mrf-recirculation=\"Links art\u00edculo\">En t\u00e9rminos de dimensiones, el S05 tiene\u00a0<strong>4,62 metros de largo y una distancia entre ejes de 2,88 metros<\/strong>, lo que lo ubica en el coraz\u00f3n del segmento de SUV medianos. Tambi\u00e9n ofrece un ba\u00fal de 462 litros y un paquete de seguridad con seis airbags y sistemas avanzados de asistencia al conductor (ADAS).<\/p>\n<p data-mrf-recirculation=\"Links art\u00edculo\"><strong>Deepal es la divisi\u00f3n del grupo Changan dedicada exclusivamente a los llamados veh\u00edculos de \u00abnueva energ\u00eda\u00bb, una categor\u00eda que incluye autos el\u00e9ctricos puros, h\u00edbridos enchufables y sistemas de autonom\u00eda extendida. En China, la marca suele posicionarse como competidora directa de fabricantes como BYD, uno de los l\u00edderes globales en electrificaci\u00f3n. Los detalles de equipamiento, versiones y precios para el mercado argentino se conocer\u00e1n reci\u00e9n al momento del lanzamiento oficial.<\/strong><\/p>\n<p><strong><span style=\"font-size: 14pt;\">Otra novedad: un sed\u00e1n h\u00edbrido enchufable<\/span><\/strong><\/p>\n<p data-mrf-recirculation=\"Links art\u00edculo\">Adem\u00e1s del SUV Deepal, el Grupo Antelo mostr\u00f3 en Expoagro el nuevo\u00a0<strong>Changan Eado Plus PHEV<\/strong>, un sed\u00e1n mediano que tambi\u00e9n forma parte de su estrategia de electrificaci\u00f3n.<\/p>\n<p data-mrf-recirculation=\"Links art\u00edculo\">Este modelo incorpora el sistema de propulsi\u00f3n iDD (Intelligent Dual Drive) y ofrece un interior con\u00a0<strong>tablero digital de 10 pulgadas y pantalla t\u00e1ctil central de 13,2 pulgadas<\/strong>. El veh\u00edculo tiene 4,77 metros de largo, una distancia entre ejes de 2,76 metros y un ba\u00fal de 500 litros. Al igual que el Deepal S05, el Eado Plus PHEV incluye seis airbags y un paquete de asistencias a la conducci\u00f3n con c\u00e1maras de visi\u00f3n 540 grados.<\/p>\n<p><span style=\"font-size: 14pt;\"><strong>Expoagro, una vidriera para el negocio automotor<\/strong><\/span><\/p>\n<p data-mrf-recirculation=\"Links art\u00edculo\">La presentaci\u00f3n se realiz\u00f3 dentro del stand de\u00a0<strong>m\u00e1s de 9.000 metros cuadrados<\/strong> que el Grupo Antelo mont\u00f3 en Expoagro, donde exhibi\u00f3 su oferta completa de veh\u00edculos y permiti\u00f3 realizar pruebas din\u00e1micas en pista. El espacio incluy\u00f3 modelos de todas las marcas que el grupo comercializa en el pa\u00eds, desde SUV y pickups hasta veh\u00edculos el\u00e9ctricos urbanos, adem\u00e1s de pistas off road y on road para testear prestaciones en condiciones reales.<\/p>\n<p data-mrf-recirculation=\"Links art\u00edculo\">Durante la exposici\u00f3n tambi\u00e9n se ofreci\u00f3 una l\u00ednea de financiaci\u00f3n especial para los visitantes, con\u00a0<strong>cr\u00e9ditos prendarios a 18 meses y tasa fija del 0%<\/strong>\u00a0para la compra de veh\u00edculos del grupo.<\/p>\n<div class=\"imagen\"><img loading=\"lazy\" decoding=\"async\" class=\"lazyload loaded\" src=\"https:\/\/resizer.iproimg.com\/unsafe\/filters:format(webp):quality(70)\/https:\/\/assets.iprofesional.com\/assets\/jpg\/2026\/03\/613328.jpg\" alt=\"image placeholder\" width=\"1280\" height=\"720\" data-src=\"https:\/\/assets.iprofesional.com\/assets\/jpg\/2026\/03\/613328.jpg\" \/><\/p>\n<div class=\"epigrafe\">Grupo Antelo ya comercializa marcas como Changan, GWM, Haval, Tank, Ora, JMEV y Mitsubishi<\/div>\n<div><\/div>\n<\/div>\n<p><span style=\"font-size: 14pt;\"><strong>El avance de las marcas chinas en el mercado argentino<\/strong><\/span><\/p>\n<p data-mrf-recirculation=\"Links art\u00edculo\">La llegada de Deepal se da en un momento en el que las automotrices chinas comienzan a ganar visibilidad en el mercado local. Si bien su participaci\u00f3n todav\u00eda es reducida, el crecimiento es sostenido. Actualmente representan\u00a0<strong>alrededor de 4,6% de las ventas de veh\u00edculos nuevos en Argentina<\/strong>, con marcas como BAIC, Haval, Chery o JAC entre las m\u00e1s activas en el mercado.<\/p>\n<p data-mrf-recirculation=\"Links art\u00edculo\">A ese escenario se sum\u00f3 recientemente el desembarco de BYD, que comenz\u00f3 a vender autos el\u00e9ctricos en el pa\u00eds aprovechando un esquema de incentivos para veh\u00edculos electrificados importados.<img loading=\"lazy\" decoding=\"async\" class=\"alignnone wp-image-15263 size-full\" src=\"https:\/\/cafeprensa.com.ar\/wp-content\/uploads\/2026\/03\/xev-yoyo-pro-3-auto-chino-electrico-argentina-1-jpg.webp\" alt=\"\" width=\"720\" height=\"540\" srcset=\"https:\/\/cafeprensa.com.ar\/wp-content\/uploads\/2026\/03\/xev-yoyo-pro-3-auto-chino-electrico-argentina-1-jpg.webp 720w, https:\/\/cafeprensa.com.ar\/wp-content\/uploads\/2026\/03\/xev-yoyo-pro-3-auto-chino-electrico-argentina-1-jpg-300x225.webp 300w\" sizes=\"auto, (max-width: 720px) 100vw, 720px\" \/><\/p>\n<p data-mrf-recirculation=\"Links art\u00edculo\"><strong>Adem\u00e1s, el Gobierno habilit\u00f3 un cupo de hasta\u00a050.000 veh\u00edculos el\u00e9ctricos e h\u00edbridos con beneficios arancelarios para 2026, una medida que apunta a acelerar la penetraci\u00f3n de este tipo de tecnolog\u00edas en el parque automotor local. En ese contexto, las nuevas marcas provenientes de China ven una oportunidad para expandirse en un mercado que, aunque todav\u00eda tiene baja adopci\u00f3n de autos el\u00e9ctricos, empieza a abrirse a la electrificaci\u00f3n.<\/strong><\/p>\n<p data-mrf-recirculation=\"Links art\u00edculo\">Con la llegada de Deepal, el Grupo Antelo apuesta a posicionarse en ese segmento emergente y a ampliar su presencia en el mercado local con una\u00a0<strong>oferta cada vez m\u00e1s orientada a veh\u00edculos h\u00edbridos y el\u00e9ctricos<\/strong>.<\/p>\n<\/div>\n","protected":false},"excerpt":{"rendered":"<p>Grupo Antelo lanza en Argentina la marca Deepal. El mercado argentino sumar\u00e1 propuestas h\u00edbridas y el\u00e9ctricas de origen chino con la llegada de nuevas marcas y modelos innovadores en 2026 El avance de las automotrices chinas en la Argentina suma un nuevo cap\u00edtulo. En el marco de Expoagro 2026, el\u00a0Grupo Antelo anunci\u00f3 la llegada de &hellip;<\/p>\n","protected":false},"author":2,"featured_media":15260,"comment_status":"open","ping_status":"open","sticky":false,"template":"","format":"standard","meta":{"footnotes":""},"categories":[28,33],"tags":[2904],"class_list":["post-15259","post","type-post","status-publish","format-standard","has-post-thumbnail","hentry","category-economia","category-nacionales","tag-autos-chinos"],"_links":{"self":[{"href":"https:\/\/cafeprensa.com.ar\/index.php\/wp-json\/wp\/v2\/posts\/15259","targetHints":{"allow":["GET"]}}],"collection":[{"href":"https:\/\/cafeprensa.com.ar\/index.php\/wp-json\/wp\/v2\/posts"}],"about":[{"href":"https:\/\/cafeprensa.com.ar\/index.php\/wp-json\/wp\/v2\/types\/post"}],"author":[{"embeddable":true,"href":"https:\/\/cafeprensa.com.ar\/index.php\/wp-json\/wp\/v2\/users\/2"}],"replies":[{"embeddable":true,"href":"https:\/\/cafeprensa.com.ar\/index.php\/wp-json\/wp\/v2\/comments?post=15259"}],"version-history":[{"count":1,"href":"https:\/\/cafeprensa.com.ar\/index.php\/wp-json\/wp\/v2\/posts\/15259\/revisions"}],"predecessor-version":[{"id":15264,"href":"https:\/\/cafeprensa.com.ar\/index.php\/wp-json\/wp\/v2\/posts\/15259\/revisions\/15264"}],"wp:featuredmedia":[{"embeddable":true,"href":"https:\/\/cafeprensa.com.ar\/index.php\/wp-json\/wp\/v2\/media\/15260"}],"wp:attachment":[{"href":"https:\/\/cafeprensa.com.ar\/index.php\/wp-json\/wp\/v2\/media?parent=15259"}],"wp:term":[{"taxonomy":"category","embeddable":true,"href":"https:\/\/cafeprensa.com.ar\/index.php\/wp-json\/wp\/v2\/categories?post=15259"},{"taxonomy":"post_tag","embeddable":true,"href":"https:\/\/cafeprensa.com.ar\/index.php\/wp-json\/wp\/v2\/tags?post=15259"}],"curies":[{"name":"wp","href":"https:\/\/api.w.org\/{rel}","templated":true}]}}