{"id":15265,"date":"2026-03-13T07:35:44","date_gmt":"2026-03-13T10:35:44","guid":{"rendered":"https:\/\/cafeprensa.com.ar\/?p=15265"},"modified":"2026-03-13T07:35:44","modified_gmt":"2026-03-13T10:35:44","slug":"la-abogada-argentina-detenida-en-brasil-por-racismo-enfrenta-un-juicio-que-podria-llevarla-a-15-anos-de-carcel","status":"publish","type":"post","link":"https:\/\/cafeprensa.com.ar\/index.php\/2026\/03\/13\/la-abogada-argentina-detenida-en-brasil-por-racismo-enfrenta-un-juicio-que-podria-llevarla-a-15-anos-de-carcel\/","title":{"rendered":"La abogada argentina detenida en Brasil por racismo enfrenta un juicio que podr\u00eda llevarla a 15 a\u00f1os de c\u00e1rcel"},"content":{"rendered":"<header class=\"article-top\">\n<div class=\"epigraph full padding-lr\">La argentina Agostina P\u00e1ez, detenida en R\u00edo de Janeiro por injuria racial, ser\u00e1 juzgada el 24 de marzo. La Fiscal\u00eda podr\u00eda pedir penas de hasta 15 a\u00f1os<\/div>\n<div class=\"category padding-lr\"><\/div>\n<div class=\"image-container img-wide padding-b\"><img loading=\"lazy\" decoding=\"async\" class=\"alignnone wp-image-15267 size-large\" src=\"https:\/\/cafeprensa.com.ar\/wp-content\/uploads\/2026\/03\/720-1-1024x577.jpeg\" alt=\"\" width=\"1024\" height=\"577\" srcset=\"https:\/\/cafeprensa.com.ar\/wp-content\/uploads\/2026\/03\/720-1-1024x577.jpeg 1024w, https:\/\/cafeprensa.com.ar\/wp-content\/uploads\/2026\/03\/720-1-300x169.jpeg 300w, https:\/\/cafeprensa.com.ar\/wp-content\/uploads\/2026\/03\/720-1-768x433.jpeg 768w, https:\/\/cafeprensa.com.ar\/wp-content\/uploads\/2026\/03\/720-1-390x220.jpeg 390w, https:\/\/cafeprensa.com.ar\/wp-content\/uploads\/2026\/03\/720-1.jpeg 1278w\" sizes=\"auto, (max-width: 1024px) 100vw, 1024px\" \/><\/div>\n<div class=\"social padding-lr padding-b\">\n<div class=\"ul\">La abogada argentina Agostina P\u00e1ez, de 29 a\u00f1os, acusada de\u00a0<strong>injuria racial en Brasil\u00a0<\/strong>y actualmente bajo arresto domiciliario en R\u00edo de Janeiro, podr\u00eda enfrentar una\u00a0<strong>condena de hasta 15 a\u00f1os de prisi\u00f3n<\/strong>\u00a0si prospera el planteo de la Fiscal\u00eda brasile\u00f1a.<\/div>\n<div class=\"ul\"><strong>El juicio contra la joven est\u00e1 previsto para comenzar el 24 de marzo, en una causa que gener\u00f3 fuerte repercusi\u00f3n p\u00fablica tras la difusi\u00f3n de un video del episodio que origin\u00f3 la denuncia.<\/strong><\/div>\n<\/div>\n<\/header>\n<div class=\"article-content full padding-lr\">\n<p data-mrf-recirculation=\"Links art\u00edculo\"><strong>La advertencia sobre la posible pena fue realizada por Carla Junqueira, actual defensora de P\u00e1ez, quien explic\u00f3 que el Ministerio P\u00fablico podr\u00eda solicitar un concurso material de delitos, lo que implicar\u00eda la suma de varias penas por hechos considerados independientes.<\/strong><\/p>\n<p data-mrf-recirculation=\"Links art\u00edculo\">\u00abLa estrategia ahora es preparar el juicio, que arranca el 24 de marzo, para evitar el peor escenario, que es el planteado por la Fiscal\u00eda de pedir un concurso material, que ser\u00eda\u00a0<strong>una sumatoria de tres delitos, tres penas, 15 a\u00f1os<\/strong>\u00ab, explic\u00f3 Junqueira. Mientras avanza la preparaci\u00f3n del proceso judicial, la abogada argentina permanece en Brasil con tobillera electr\u00f3nica, sin posibilidad de regresar al pa\u00eds hasta que se resuelva su situaci\u00f3n.<\/p>\n<h2>Abogada argentina acusada de racismo complicada en Brasil<\/h2>\n<p data-mrf-recirculation=\"Links art\u00edculo\">Seg\u00fan detall\u00f3 la defensa, la Fiscal\u00eda brasile\u00f1a podr\u00eda sostener que el hecho investigado no constituye un solo delito, sino tres episodios distintos de injuria racial, cada uno con v\u00edctimas diferentes. Bajo esa interpretaci\u00f3n, las penas podr\u00edan acumularse.<\/p>\n<p data-mrf-recirculation=\"Links art\u00edculo\"><strong>\u00abEl concurso material es una exageraci\u00f3n, porque lo que dice el juez es que en vez de haber habido un solo\u00a0delito de racismo, hubo tres, porque fueron tres v\u00edctimas distintas en tres momentos distintos\u00bb, explic\u00f3 Junqueira durante una entrevista con Infobae a las Nueve. La letrada tambi\u00e9n cuestion\u00f3 la proporcionalidad de las medidas adoptadas en el caso y consider\u00f3 que existen alternativas menos severas dentro del sistema judicial brasile\u00f1o.<\/strong><\/p>\n<p data-mrf-recirculation=\"Links art\u00edculo\">\u00abHay una desproporcionalidad entre la reacci\u00f3n cautelar y la definici\u00f3n del concurso material\u00bb, sostuvo. De acuerdo con su planteo, el proceso judicial podr\u00eda haberse desarrollado con medidas cautelares menos restrictivas, sin necesidad de aplicar sanciones potencialmente tan severas.<\/p>\n<h2>Un caso que gener\u00f3 repercusi\u00f3n p\u00fablica<\/h2>\n<p data-mrf-recirculation=\"Links art\u00edculo\">El caso tom\u00f3 notoriedad p\u00fablica en enero de este a\u00f1o, cuando se viraliz\u00f3 un video que muestra a la abogada argentina realizando gestos hacia un ciudadano brasile\u00f1o a la salida de un boliche en el barrio de Ipanema, en R\u00edo de Janeiro. Las im\u00e1genes, registradas por c\u00e1maras de seguridad y por tel\u00e9fonos m\u00f3viles de testigos, circularon r\u00e1pidamente en redes sociales y derivaron en una\u00a0<strong>denuncia penal por injuria racial<\/strong>, figura contemplada en la legislaci\u00f3n brasile\u00f1a.<\/p>\n<p data-mrf-recirculation=\"Links art\u00edculo\">A partir de ese momento, las autoridades judiciales iniciaron una investigaci\u00f3n que termin\u00f3 con la<strong>\u00a0imputaci\u00f3n formal de P\u00e1ez\u00a0<\/strong>y la imposici\u00f3n de arresto domiciliario mientras avanza el proceso. Desde entonces, la joven permanece en Brasil y su situaci\u00f3n judicial se convirti\u00f3 en un caso seguido de cerca tanto por la prensa brasile\u00f1a como argentina.<\/p>\n<h2>Cambio de estrategia en la defensa de la abogada argentina<\/h2>\n<p data-mrf-recirculation=\"Links art\u00edculo\">La defensa actual de P\u00e1ez decidi\u00f3 modificar el enfoque jur\u00eddico que hab\u00eda adoptado el equipo legal anterior. Seg\u00fan explic\u00f3 Junqueira, la estrategia inicial inclu\u00eda cuestionar el rol de las v\u00edctimas, una l\u00ednea que la nueva defensa considera poco efectiva en este tipo de causas.<\/p>\n<p data-mrf-recirculation=\"Links art\u00edculo\"><strong>\u00abM\u00e1s all\u00e1 de ser un caso de derecho penal, es un caso de derechos humanos, y en esos casos la estrategia de responsabilizar a la v\u00edctima no suele funcionar en ning\u00fan pa\u00eds del mundo\u00bb, afirm\u00f3 la abogada. Por ese motivo, el nuevo planteo apunta a centrar la defensa en aspectos procesales y en la proporcionalidad de las acusaciones, con el objetivo de evitar que el tribunal adopte la interpretaci\u00f3n m\u00e1s severa del caso.<\/strong><\/p>\n<p data-mrf-recirculation=\"Links art\u00edculo\">La expectativa de la defensa es que el juicio permita revisar la calificaci\u00f3n legal de los hechos y, eventualmente,\u00a0<strong>reducir el alcance de las acusaciones<\/strong>.<\/p>\n<h2>El pedido de disculpas p\u00fablico: por qu\u00e9 no se hab\u00edan hecho antes<\/h2>\n<p data-mrf-recirculation=\"Links art\u00edculo\">En paralelo con la preparaci\u00f3n del juicio, P\u00e1ez public\u00f3 recientemente un video en Instagram en el que pidi\u00f3\u00a0<strong>disculpas p\u00fablicas por lo ocurrido<\/strong>. \u00abHola, soy Agostina P\u00e1ez, acusada de racismo en Brasil por una reacci\u00f3n muy grave que he tenido. Por eso ahora quiero pedir disculpas p\u00fablicamente\u00bb, expres\u00f3 en el mensaje.<\/p>\n<p data-mrf-recirculation=\"Links art\u00edculo\"><strong>En el video, la abogada reconoci\u00f3 la gravedad de su conducta y asegur\u00f3 que asume la responsabilidad por el episodio que la mantiene desde hace casi dos meses involucrada en el proceso judicial. \u00abMe equivoqu\u00e9 y asumo la responsabilidad\u00bb, afirm\u00f3. Adem\u00e1s, ofreci\u00f3 disculpas \u00abde todo coraz\u00f3n a todas aquellas personas que se han sentido ofendidas, heridas o humilladas\u00bb por su comportamiento.<\/strong><\/p>\n<p data-mrf-recirculation=\"Links art\u00edculo\">\u00abLo lamento profundamente. Lamento haber contribuido a ese dolor por ignorancia.\u00a0<strong>Desconoc\u00eda lo que era el racismo<\/strong>\u00ab, agreg\u00f3. Seg\u00fan explic\u00f3 Junqueira, P\u00e1ez hab\u00eda querido pedir disculpas anteriormente, pero su equipo legal anterior le recomend\u00f3 no hacerlo. La raz\u00f3n era evitar que un pedido p\u00fablico de perd\u00f3n pudiera interpretarse como una\u00a0<strong>admisi\u00f3n de culpabilidad que agravara su situaci\u00f3n judicial<\/strong>. \u00abElla quer\u00eda haber pedido disculpas antes, pero ten\u00eda este temor jur\u00eddico de hacerlo\u00bb, se\u00f1al\u00f3 la abogada.<\/p>\n<p data-mrf-recirculation=\"Links art\u00edculo\">La defensora tambi\u00e9n reconoci\u00f3 que existe un video que muestra el momento del episodio discriminatorio, algo que consider\u00f3 dif\u00edcil de negar en el proceso.<\/p>\n<p data-mrf-recirculation=\"Links art\u00edculo\"><strong>\u00abHay un video y eso es innegable\u00bb, admiti\u00f3.<\/strong><\/p>\n<h2>Lo que viene en el juicio<\/h2>\n<p data-mrf-recirculation=\"Links art\u00edculo\">El pedido de disculpas todav\u00eda no fue incorporado formalmente al expediente, aunque la defensa planea notificarlo al juez antes de que comience el juicio. La expectativa del equipo legal es que esta nueva estrategia \u2014que incluye el reconocimiento del error y el intento de reparaci\u00f3n\u2014 pueda influir en la evaluaci\u00f3n del tribunal y evitar una condena m\u00e1xima.<\/p>\n<p data-mrf-recirculation=\"Links art\u00edculo\">El\u00a0<strong>proceso judicial comenzar\u00e1 el 24 de marzo<\/strong>\u00a0y marcar\u00e1 una etapa decisiva para el futuro de la joven abogada argentina.<\/p>\n<p data-mrf-recirculation=\"Links art\u00edculo\"><strong>En ese escenario, la principal preocupaci\u00f3n de la defensa es impedir que prospere el planteo de la Fiscal\u00eda que podr\u00eda derivar en una pena acumulada de hasta 15 a\u00f1os de prisi\u00f3n, uno de los escenarios m\u00e1s severos previstos dentro del sistema penal brasile\u00f1o para este tipo de delitos.<\/strong><\/p>\n<\/div>\n","protected":false},"excerpt":{"rendered":"<p>La argentina Agostina P\u00e1ez, detenida en R\u00edo de Janeiro por injuria racial, ser\u00e1 juzgada el 24 de marzo. La Fiscal\u00eda podr\u00eda pedir penas de hasta 15 a\u00f1os La abogada argentina Agostina P\u00e1ez, de 29 a\u00f1os, acusada de\u00a0injuria racial en Brasil\u00a0y actualmente bajo arresto domiciliario en R\u00edo de Janeiro, podr\u00eda enfrentar una\u00a0condena de hasta 15 a\u00f1os &hellip;<\/p>\n","protected":false},"author":2,"featured_media":15266,"comment_status":"open","ping_status":"open","sticky":false,"template":"","format":"standard","meta":{"footnotes":""},"categories":[35,47],"tags":[3081,592],"class_list":["post-15265","post","type-post","status-publish","format-standard","has-post-thumbnail","hentry","category-internacionales","category-justicia","tag-agostina-paez","tag-brasil"],"_links":{"self":[{"href":"https:\/\/cafeprensa.com.ar\/index.php\/wp-json\/wp\/v2\/posts\/15265","targetHints":{"allow":["GET"]}}],"collection":[{"href":"https:\/\/cafeprensa.com.ar\/index.php\/wp-json\/wp\/v2\/posts"}],"about":[{"href":"https:\/\/cafeprensa.com.ar\/index.php\/wp-json\/wp\/v2\/types\/post"}],"author":[{"embeddable":true,"href":"https:\/\/cafeprensa.com.ar\/index.php\/wp-json\/wp\/v2\/users\/2"}],"replies":[{"embeddable":true,"href":"https:\/\/cafeprensa.com.ar\/index.php\/wp-json\/wp\/v2\/comments?post=15265"}],"version-history":[{"count":1,"href":"https:\/\/cafeprensa.com.ar\/index.php\/wp-json\/wp\/v2\/posts\/15265\/revisions"}],"predecessor-version":[{"id":15268,"href":"https:\/\/cafeprensa.com.ar\/index.php\/wp-json\/wp\/v2\/posts\/15265\/revisions\/15268"}],"wp:featuredmedia":[{"embeddable":true,"href":"https:\/\/cafeprensa.com.ar\/index.php\/wp-json\/wp\/v2\/media\/15266"}],"wp:attachment":[{"href":"https:\/\/cafeprensa.com.ar\/index.php\/wp-json\/wp\/v2\/media?parent=15265"}],"wp:term":[{"taxonomy":"category","embeddable":true,"href":"https:\/\/cafeprensa.com.ar\/index.php\/wp-json\/wp\/v2\/categories?post=15265"},{"taxonomy":"post_tag","embeddable":true,"href":"https:\/\/cafeprensa.com.ar\/index.php\/wp-json\/wp\/v2\/tags?post=15265"}],"curies":[{"name":"wp","href":"https:\/\/api.w.org\/{rel}","templated":true}]}}