{"id":15269,"date":"2026-03-13T07:50:51","date_gmt":"2026-03-13T10:50:51","guid":{"rendered":"https:\/\/cafeprensa.com.ar\/?p=15269"},"modified":"2026-03-13T07:51:01","modified_gmt":"2026-03-13T10:51:01","slug":"por-el-agua-que-baja-de-tucuman-desbordo-el-rio-dulce-inundando-calles-en-termas-de-rio-hondo-video","status":"publish","type":"post","link":"https:\/\/cafeprensa.com.ar\/index.php\/2026\/03\/13\/por-el-agua-que-baja-de-tucuman-desbordo-el-rio-dulce-inundando-calles-en-termas-de-rio-hondo-video\/","title":{"rendered":"Por el agua que baja de Tucum\u00e1n, desbord\u00f3 el r\u00edo Dulce inundando calles en Termas de R\u00edo Hondo (video)"},"content":{"rendered":"<p><b>La crecida del R\u00edo Dulce comenz\u00f3 a generar serias complicaciones en la ciudad santiague\u00f1a de Las Termas de R\u00edo Hondo, donde durante la noche se realizaron evacuaciones preventivas de vecinos ante el avance del agua en sectores cercanos a la ribera.<\/b><\/p>\n<div class=\"col-md-12 col-12 col-lg-12 post-content p-lg-2\">\n<div>Un reporte period\u00edstico muestra la magnitud de la situaci\u00f3n: varias calles aparecen completamente cubiertas por agua turbia, con un nivel que ocupa pr\u00e1cticamente toda la calzada e incluso llega hasta los cordones y veredas. <img loading=\"lazy\" decoding=\"async\" class=\"alignnone wp-image-15271 size-full\" src=\"https:\/\/cafeprensa.com.ar\/wp-content\/uploads\/2026\/03\/basura_320x100.gif\" alt=\"\" width=\"320\" height=\"100\" \/><\/div>\n<div><\/div>\n<div><strong>En las im\u00e1genes tambi\u00e9n se observa a vecinos que permanecen en las puertas de sus viviendas mientras se desarrollan los operativos. <\/strong><b>El video fue registrado durante la noche y evidencia c\u00f3mo el agua avanz\u00f3 sobre sectores urbanos, obligando a interrumpir la circulaci\u00f3n y asistir a familias que debieron abandonar sus hogares de manera preventiva.\u00a0<\/b><\/div>\n<div><\/div>\n<div>La iluminaci\u00f3n de la calle refleja el nivel del agua que transform\u00f3 la zona en una gran laguna.<\/div>\n<div><iframe id=\"instagram-embed-0\" class=\"instagram-media instagram-media-rendered\" src=\"https:\/\/www.instagram.com\/reel\/DVz1NfLCVv0\/embed\/captioned\/?cr=1&amp;v=14&amp;wp=675&amp;rd=https%3A%2F%2Fwww.contextotucuman.com&amp;rp=%2Fnota%2F376782%2Fel-agua-que-baja-de-tucuman-a-santiago-del-estero-desbordo-el-rio-dulce-inundando-calles-en-termas-de-rio-hondo-video.html#%7B%22ci%22%3A0%2C%22os%22%3A1549.1000000000931%2C%22ls%22%3A805.1000000000931%2C%22le%22%3A1056.1000000000931%7D\" height=\"1203\" frameborder=\"0\" scrolling=\"no\" sandbox=\"allow-same-origin allow-scripts allow-popups allow-forms\" allowfullscreen=\"allowfullscreen\" data-instgrm-payload-id=\"instagram-media-payload-0\" data-mce-fragment=\"1\"><\/iframe><\/div>\n<p><strong>La situaci\u00f3n se produce en medio del fuerte aumento del caudal del R\u00edo Dulce, que en las \u00faltimas horas registr\u00f3 importantes erogaciones desde el Dique Frontal de R\u00edo Hondo, debido al gran volumen de agua que ingresa al embalse por las lluvias registradas en la cuenca.<\/strong><\/p>\n<div>Las autoridades mantienen un monitoreo permanente del comportamiento del r\u00edo y no descartan que puedan adoptarse nuevas medidas preventivas si el nivel del agua contin\u00faa en ascenso.<\/div>\n<div><b>Mientras tanto, equipos municipales y de organismos de emergencia trabajan en la asistencia a las familias afectadas y en el control de los sectores m\u00e1s comprometidos.\u00a0<\/b>\/<a href=\"https:\/\/www.elliberal.com.ar\/nota\/74372\/2026\/03\/video--evacuaciones-en-las-termas-por-la-crecida-del-rio-dulce--el-agua-inundo-calles-y-obligo-a-retirar-familias\">El Liberal<\/a><\/div>\n<\/div>\n","protected":false},"excerpt":{"rendered":"<p>La crecida del R\u00edo Dulce comenz\u00f3 a generar serias complicaciones en la ciudad santiague\u00f1a de Las Termas de R\u00edo Hondo, donde durante la noche se realizaron evacuaciones preventivas de vecinos ante el avance del agua en sectores cercanos a la ribera. Un reporte period\u00edstico muestra la magnitud de la situaci\u00f3n: varias calles aparecen completamente cubiertas &hellip;<\/p>\n","protected":false},"author":2,"featured_media":15270,"comment_status":"open","ping_status":"open","sticky":false,"template":"","format":"standard","meta":{"footnotes":""},"categories":[33,170],"tags":[2944,1574],"class_list":["post-15269","post","type-post","status-publish","format-standard","has-post-thumbnail","hentry","category-nacionales","category-turismo","tag-inundados","tag-termas-de-rio-hondo"],"_links":{"self":[{"href":"https:\/\/cafeprensa.com.ar\/index.php\/wp-json\/wp\/v2\/posts\/15269","targetHints":{"allow":["GET"]}}],"collection":[{"href":"https:\/\/cafeprensa.com.ar\/index.php\/wp-json\/wp\/v2\/posts"}],"about":[{"href":"https:\/\/cafeprensa.com.ar\/index.php\/wp-json\/wp\/v2\/types\/post"}],"author":[{"embeddable":true,"href":"https:\/\/cafeprensa.com.ar\/index.php\/wp-json\/wp\/v2\/users\/2"}],"replies":[{"embeddable":true,"href":"https:\/\/cafeprensa.com.ar\/index.php\/wp-json\/wp\/v2\/comments?post=15269"}],"version-history":[{"count":2,"href":"https:\/\/cafeprensa.com.ar\/index.php\/wp-json\/wp\/v2\/posts\/15269\/revisions"}],"predecessor-version":[{"id":15273,"href":"https:\/\/cafeprensa.com.ar\/index.php\/wp-json\/wp\/v2\/posts\/15269\/revisions\/15273"}],"wp:featuredmedia":[{"embeddable":true,"href":"https:\/\/cafeprensa.com.ar\/index.php\/wp-json\/wp\/v2\/media\/15270"}],"wp:attachment":[{"href":"https:\/\/cafeprensa.com.ar\/index.php\/wp-json\/wp\/v2\/media?parent=15269"}],"wp:term":[{"taxonomy":"category","embeddable":true,"href":"https:\/\/cafeprensa.com.ar\/index.php\/wp-json\/wp\/v2\/categories?post=15269"},{"taxonomy":"post_tag","embeddable":true,"href":"https:\/\/cafeprensa.com.ar\/index.php\/wp-json\/wp\/v2\/tags?post=15269"}],"curies":[{"name":"wp","href":"https:\/\/api.w.org\/{rel}","templated":true}]}}