{"id":15282,"date":"2026-03-14T11:36:50","date_gmt":"2026-03-14T14:36:50","guid":{"rendered":"https:\/\/cafeprensa.com.ar\/?p=15282"},"modified":"2026-03-14T14:04:16","modified_gmt":"2026-03-14T17:04:16","slug":"duran-si-lla-quiere-pelearle-fuerte-al-gobierno-en-2027-tendra-que-empezar-a-abrir-las-puertas","status":"publish","type":"post","link":"https:\/\/cafeprensa.com.ar\/index.php\/2026\/03\/14\/duran-si-lla-quiere-pelearle-fuerte-al-gobierno-en-2027-tendra-que-empezar-a-abrir-las-puertas\/","title":{"rendered":"Dur\u00e1n: \u00abSi LLA quiere pelearle fuerte al gobierno en 2027, tendr\u00e1 que empezar a abrir las puertas\u00bb"},"content":{"rendered":"<p data-start=\"165\" data-end=\"516\">El director de la consultora <strong data-start=\"194\" data-end=\"204\">Nyborg<\/strong>, <strong data-start=\"206\" data-end=\"226\">Juan Pablo Dur\u00e1n<\/strong>, en di\u00e1logo con <em data-start=\"243\" data-end=\"256\">Caf\u00e9 Prensa<\/em> analiz\u00f3 el contexto pol\u00edtico tanto a nivel nacional como local. El consultor se detuvo especialmente en la situaci\u00f3n provincial, tras la agresi\u00f3n que sufri\u00f3 el diputado <strong data-start=\"426\" data-end=\"444\">Federico Pelli<\/strong> y los posibles escenarios que podr\u00edan impactar en la pol\u00edtica tucumana.<\/p>\n<p data-start=\"518\" data-end=\"936\">\u201cCada vez nos sorprendemos m\u00e1s en muy poco tiempo. Basta ver lo que pas\u00f3 en el gobierno nacional con <strong data-start=\"619\" data-end=\"636\">Manuel Adorni<\/strong>. Esto tiene tanta repercusi\u00f3n porque <strong data-start=\"674\" data-end=\"696\">La Libertad Avanza<\/strong> hizo de la moral su bandera y dej\u00f3 la vara tan alta que, cuando sale a la luz que llev\u00f3 a su mujer dentro de la comitiva, son cuestiones que terminan embarrando la situaci\u00f3n. En lugar de pedir disculpas, redobla la apuesta\u201d, comenz\u00f3 Dur\u00e1n.<\/p>\n<p data-start=\"938\" data-end=\"1244\">Luego explic\u00f3 que este fen\u00f3meno responde a dos realidades paralelas. \u201cPor un lado est\u00e1 lo que ocurre en la sociedad y, por otro, lo que pasa en las redes sociales, donde este \u00faltimo aspecto termina predominando por encima de la sociedad. No se sabe d\u00f3nde termina uno y d\u00f3nde comienza cada faceta\u201d, sostuvo.<\/p>\n<p data-start=\"1246\" data-end=\"1786\">En ese sentido, consider\u00f3 que \u201chaga lo que haga este gobierno, siempre que no tenga que ver con la inflaci\u00f3n o la econom\u00eda, se le viene perdonando a <strong data-start=\"1395\" data-end=\"1411\">Javier Milei<\/strong>. Estos microhechos de corrupci\u00f3n no le estar\u00edan afectando. Pero si se complica la econom\u00eda, van a empezar a molestar\u201d. No obstante, advirti\u00f3 que \u201choy no alcanza con decir \u2018hemos eliminado al kirchnerismo\u2019; la sociedad espera otras respuestas. Es inadmisible un gobierno donde al trabajador no le alcance para llegar a fin de mes, con un contexto de recesi\u00f3n y estanflaci\u00f3n\u201d.<\/p>\n<h3 data-section-id=\"14mexlf\" data-start=\"1788\" data-end=\"1828\">El impacto del caso Pelli en Tucum\u00e1n<\/h3>\n<p data-start=\"1830\" data-end=\"2253\">En el plano local, tras lo ocurrido con el diputado nacional, Dur\u00e1n consider\u00f3 que el episodio podr\u00eda tener efectos pol\u00edticos. \u201cA nivel de exposici\u00f3n p\u00fablica, quien no conoc\u00eda a Pelli hoy lo conoce y relaciona su apellido con el de su t\u00edo abuelo. Es un capital que quiz\u00e1 cuestiona el exceso de capitalizaci\u00f3n del espacio de <strong data-start=\"2149\" data-end=\"2169\">Lisandro Catal\u00e1n<\/strong>, una manera verticalista de conducir donde no hay discusi\u00f3n dentro de LLA\u201d, afirm\u00f3.<\/p>\n<p data-start=\"2255\" data-end=\"2513\">\u201cNadie esperaba lo que pas\u00f3. Si bien lo perjudic\u00f3 f\u00edsicamente a Pelli, creo que le genera un beneficio desde lo pol\u00edtico. Porque, aunque es un ataque, no es \u2018Pich\u00f3n\u2019 Segura el que le pega, sino que aparece como si fuera el peronismo el que golpea\u201d, continu\u00f3.<\/p>\n<p data-start=\"2515\" data-end=\"3042\">Adem\u00e1s, Dur\u00e1n se mostr\u00f3 sorprendido por el clima que gener\u00f3 el episodio. \u201cMe llam\u00f3 la atenci\u00f3n el nivel de violencia de los comentarios. No se puede comparar un golpe ni considerarlo una provocaci\u00f3n. Las personas pueden llevar donaciones si quieren y cualquiera es libre de circular por el territorio. Esto termina apareciendo como un golpe institucional del peronismo hacia LLA, y hay un beneficio personal hacia Pelli, que podr\u00eda proyectarse como un eventual candidato a gobernador si La Libertad Avanza lo permite\u201d, analiz\u00f3.<\/p>\n<p data-start=\"3044\" data-end=\"3424\">Tambi\u00e9n cuestion\u00f3 algunas reacciones pol\u00edticas posteriores al hecho. \u201cMe hubiese gustado ver una mayor defensa de <strong data-start=\"3158\" data-end=\"3167\">Milei<\/strong> a Pelli, que fue bastante light. Incluso a nivel provincial, tanto la de <strong data-start=\"3241\" data-end=\"3258\">Osvaldo Jaldo<\/strong> como la de <strong data-start=\"3270\" data-end=\"3288\">Dar\u00edo Monteros<\/strong> fue bastante liviana. Luego s\u00ed comenzaron a activarse los resortes institucionales, lo que termin\u00f3 con la detenci\u00f3n de Segura\u201d, se\u00f1al\u00f3.<\/p>\n<p data-start=\"3426\" data-end=\"3703\">En ese sentido, advirti\u00f3 que habr\u00e1 que observar si el episodio no afecta la relaci\u00f3n pol\u00edtica entre la provincia y la Naci\u00f3n. \u201cHay que ver si esta situaci\u00f3n no desvirt\u00faa la relaci\u00f3n con el gobierno nacional, porque podr\u00eda impactar en el v\u00ednculo de Jaldo con la Naci\u00f3n\u201d, agreg\u00f3.<\/p>\n<h3 data-section-id=\"c7dp08\" data-start=\"3705\" data-end=\"3736\">El peronismo y la oposici\u00f3n<\/h3>\n<p data-start=\"3738\" data-end=\"4005\">En cuanto al peronismo tucumano, Dur\u00e1n sostuvo que \u201clo veo hu\u00e9rfano de dirigentes y sin descendencia pol\u00edtica. Hoy la militancia pasa m\u00e1s por el tel\u00e9fono que por el m\u00edtin pol\u00edtico. No veo nueva dirigencia; solo se nombran a los mismos, con sus familiares o cercanos\u201d.<\/p>\n<p data-start=\"4007\" data-end=\"4440\">Sobre el liderazgo de Jaldo dentro del espacio, lo defini\u00f3 como \u201cun pragm\u00e1tico\u201d. \u201cNo cumple con las formas tradicionales del peronismo, pero es muy p\u00edcaro en entender que hoy no suman tanto los s\u00edmbolos ni los bombos de la m\u00edstica peronista. Comprende que la comunicaci\u00f3n pasa por otro lado, como la presencia en redes sociales\u201d, se\u00f1al\u00f3, aunque advirti\u00f3 que el mandatario provincial \u201ces muy conservador en su estilo de comunicaci\u00f3n\u201d.<\/p>\n<p data-start=\"4442\" data-end=\"4698\">Finalmente, respecto a los referentes opositores en la provincia, Dur\u00e1n mencion\u00f3 al diputado <strong data-start=\"4535\" data-end=\"4554\">Mariano Campero<\/strong>. \u201cPuede cumplir el rol que realizaba <strong data-start=\"4592\" data-end=\"4605\">Jos\u00e9 Cano<\/strong> en la \u00e9poca de <strong data-start=\"4621\" data-end=\"4640\">Jos\u00e9 Alperovich<\/strong>, como una tercera l\u00ednea en la pol\u00edtica tucumana\u201d, indic\u00f3.<\/p>\n<p data-start=\"4700\" data-end=\"4986\">\u201cHoy LLA es un espacio cerrado, del que muchos se fueron como <strong data-start=\"4762\" data-end=\"4790\">Seleme, Macome o Salazar<\/strong>. Es una estrategia restringirlo, pero en ese contexto Campero ocupa un rol importante. Si La Libertad Avanza quiere pelearle fuerte al gobierno, tendr\u00e1 que empezar a abrir las puertas\u201d, concluy\u00f3.<\/p>\n<p data-start=\"4988\" data-end=\"5317\">Por \u00faltimo, Dur\u00e1n anticip\u00f3 que desde este lunes estar\u00e1 al frente de su nuevo ciclo <strong data-start=\"5071\" data-end=\"5105\">\u201cBistur\u00ed, periodismo al hueso\u201d<\/strong>, que se emitir\u00e1 de lunes a viernes de 7 a 9 por el stream de <strong data-start=\"5167\" data-end=\"5188\">Norte Multimedios<\/strong> y por <strong data-start=\"5195\" data-end=\"5217\">Norte FM 103.5 MHz<\/strong>, junto a <strong data-start=\"5227\" data-end=\"5249\">Juan Jos\u00e9 Urcevich<\/strong> y <strong data-start=\"5252\" data-end=\"5270\">Leonel Mariani<\/strong>, con un espacio dedicado al an\u00e1lisis pol\u00edtico.<\/p>\n","protected":false},"excerpt":{"rendered":"<p>El director de la consultora Nyborg, Juan Pablo Dur\u00e1n, en di\u00e1logo con Caf\u00e9 Prensa analiz\u00f3 el contexto pol\u00edtico tanto a nivel nacional como local. El consultor se detuvo especialmente en la situaci\u00f3n provincial, tras la agresi\u00f3n que sufri\u00f3 el diputado Federico Pelli y los posibles escenarios que podr\u00edan impactar en la pol\u00edtica tucumana. \u201cCada vez &hellip;<\/p>\n","protected":false},"author":2,"featured_media":15288,"comment_status":"open","ping_status":"open","sticky":false,"template":"","format":"standard","meta":{"footnotes":""},"categories":[34],"tags":[2236,2208,1198,1810,1055,265,2180,160],"class_list":["post-15282","post","type-post","status-publish","format-standard","has-post-thumbnail","hentry","category-locales","tag-federico-pelli","tag-juan-pablo-duran","tag-lisandro-catalan","tag-lla","tag-mariano-campero","tag-osvaldo-jaldo","tag-politica-tucuman","tag-tucuman"],"_links":{"self":[{"href":"https:\/\/cafeprensa.com.ar\/index.php\/wp-json\/wp\/v2\/posts\/15282","targetHints":{"allow":["GET"]}}],"collection":[{"href":"https:\/\/cafeprensa.com.ar\/index.php\/wp-json\/wp\/v2\/posts"}],"about":[{"href":"https:\/\/cafeprensa.com.ar\/index.php\/wp-json\/wp\/v2\/types\/post"}],"author":[{"embeddable":true,"href":"https:\/\/cafeprensa.com.ar\/index.php\/wp-json\/wp\/v2\/users\/2"}],"replies":[{"embeddable":true,"href":"https:\/\/cafeprensa.com.ar\/index.php\/wp-json\/wp\/v2\/comments?post=15282"}],"version-history":[{"count":5,"href":"https:\/\/cafeprensa.com.ar\/index.php\/wp-json\/wp\/v2\/posts\/15282\/revisions"}],"predecessor-version":[{"id":15296,"href":"https:\/\/cafeprensa.com.ar\/index.php\/wp-json\/wp\/v2\/posts\/15282\/revisions\/15296"}],"wp:featuredmedia":[{"embeddable":true,"href":"https:\/\/cafeprensa.com.ar\/index.php\/wp-json\/wp\/v2\/media\/15288"}],"wp:attachment":[{"href":"https:\/\/cafeprensa.com.ar\/index.php\/wp-json\/wp\/v2\/media?parent=15282"}],"wp:term":[{"taxonomy":"category","embeddable":true,"href":"https:\/\/cafeprensa.com.ar\/index.php\/wp-json\/wp\/v2\/categories?post=15282"},{"taxonomy":"post_tag","embeddable":true,"href":"https:\/\/cafeprensa.com.ar\/index.php\/wp-json\/wp\/v2\/tags?post=15282"}],"curies":[{"name":"wp","href":"https:\/\/api.w.org\/{rel}","templated":true}]}}