{"id":15285,"date":"2026-03-14T13:33:41","date_gmt":"2026-03-14T16:33:41","guid":{"rendered":"https:\/\/cafeprensa.com.ar\/?p=15285"},"modified":"2026-03-14T13:33:41","modified_gmt":"2026-03-14T16:33:41","slug":"molinuevo-estabamos-repartiendo-donaciones-y-escuchando-a-la-gente-evidentemente-eso-molesto","status":"publish","type":"post","link":"https:\/\/cafeprensa.com.ar\/index.php\/2026\/03\/14\/molinuevo-estabamos-repartiendo-donaciones-y-escuchando-a-la-gente-evidentemente-eso-molesto\/","title":{"rendered":"Molinuevo: \u00abEst\u00e1bamos repartiendo donaciones y escuchando a la gente, evidentemente eso molest\u00f3\u00bb"},"content":{"rendered":"<p data-start=\"163\" data-end=\"503\">La diputada <strong data-start=\"175\" data-end=\"196\">Soledad Molinuevo<\/strong> (La Libertad Avanza) en di\u00e1logo telef\u00f3nico con <em data-start=\"244\" data-end=\"257\">Caf\u00e9 Prensa<\/em> se refiri\u00f3 al estado de salud de su par <strong data-start=\"298\" data-end=\"316\">Federico Pelli<\/strong>, tras la agresi\u00f3n que sufri\u00f3 en <strong data-start=\"349\" data-end=\"362\">La Madrid<\/strong>. Adem\u00e1s, relat\u00f3 lo ocurrido durante la visita a la localidad y c\u00f3mo continuaron los operativos de donaciones en el interior de la provincia.<\/p>\n<p data-start=\"505\" data-end=\"896\">Molinuevo inform\u00f3 que Pelli fue dado de alta durante la ma\u00f1ana \u201cpara que pueda continuar el reposo en su casa\u201d. \u201cLa operaci\u00f3n sali\u00f3 bien. Est\u00e1 muy adolorido, pero ya va camino a su hogar\u201d, agreg\u00f3 la legisladora nacional. No obstante, advirti\u00f3 que todav\u00eda se desconoce si quedar\u00e1n secuelas. \u201cEso se sabr\u00e1 con el correr de los d\u00edas, por lo que tendr\u00e1 una recuperaci\u00f3n bastante larga\u201d, explic\u00f3.<\/p>\n<p data-start=\"898\" data-end=\"1438\">Por otra parte, la diputada desminti\u00f3 las versiones del oficialismo que suger\u00edan que el espacio libertario hab\u00eda acudido al lugar \u00fanicamente para tomarse fotograf\u00edas y sin llevar donaciones. \u201cEs mentira lo que dice el oficialismo. Fuimos con donaciones en un cami\u00f3n aportado por la Municipalidad de <strong data-start=\"1197\" data-end=\"1211\">Concepci\u00f3n<\/strong>. \u00c9ramos un grupo de poco m\u00e1s de diez personas. Ya hab\u00edamos entregado mercader\u00eda y un colch\u00f3n por carpa; baj\u00e1bamos lo que pod\u00edamos llevar en las manos, pero nos qued\u00f3 la mitad de las cosas por repartir por lo ocurrido\u201d, se\u00f1al\u00f3.<\/p>\n<p data-start=\"1440\" data-end=\"1755\">Asimismo, indic\u00f3 que cuentan \u201ccon la juventud asistiendo en otros puntos de la provincia\u201d. Seg\u00fan relat\u00f3, al momento del episodio se encontraban repartiendo ayuda y escuchando a los vecinos. \u201cEst\u00e1bamos entregando donaciones, escuchando a la gente y recibiendo sus quejas, y evidentemente eso molest\u00f3\u201d, sostuvo.<\/p>\n<p data-start=\"1757\" data-end=\"2114\">Molinuevo remarc\u00f3 que la comitiva no llevaba s\u00edmbolos partidarios. \u201cFuimos sin gorras ni remeras con insignias pol\u00edticas. Est\u00e1bamos tomando nota de lo que necesitaba la gente para los pr\u00f3ximos d\u00edas. Nos dijeron que, m\u00e1s que ropa, requieren espirales, repelente y otros elementos para cuando vuelvan a sus casas, para as\u00ed organizar nuevas colectas\u201d, detall\u00f3. En ese sentido, explic\u00f3 que la situaci\u00f3n se desencaden\u00f3 cuando avanzaron hacia otra zona de la localidad. \u201cLuego, cuando avanzamos un poco m\u00e1s, ocurri\u00f3 esta situaci\u00f3n en la que nos mandaron a frenar. Haciendo un razonamiento posterior, creo que fue porque nos acercamos a la zona donde estaba el ministro, y ah\u00ed se produjo el episodio\u201d, afirm\u00f3.<\/p>\n<p data-start=\"2462\" data-end=\"2700\">Por otra parte, respecto de las declaraciones del ministro del Interior <strong data-start=\"2534\" data-end=\"2552\">Dar\u00edo Monteros<\/strong>, quien habl\u00f3 de una posible denuncia por difamaci\u00f3n contra la legisladora, Molinuevo respondi\u00f3: \u201cTodav\u00eda no me ha llegado ninguna carta documento\u201d.<\/p>\n<p data-start=\"2702\" data-end=\"3044\">Finalmente, la diputada reafirm\u00f3 que desde su espacio continuar\u00e1n acompa\u00f1ando a los sectores afectados por las inundaciones. \u201cVamos a seguir presentes con los sectores afectados, como siempre, dando la cara. Ayer volvimos a <strong data-start=\"2926\" data-end=\"2939\">La Madrid<\/strong> para dejar las cosas que nos hab\u00edan quedado pendientes y estaban destinadas para esa localidad\u201d, indic\u00f3.<\/p>\n<p data-start=\"3046\" data-end=\"3431\">Adem\u00e1s, adelant\u00f3 que las recorridas continuar\u00e1n en distintos puntos de la provincia. \u201cLa juventud lo sigue haciendo y son acciones de las que no hay fotos. Justamente esta parte solidaria es la que no tiene que tener foto. Nos dicen que fuimos a sacarnos fotos y hacer TikToks, pero \u00bfd\u00f3nde est\u00e1n? En ning\u00fan lado. Nosotros estamos presentes apoyando a los tucumanos afectados\u201d, sostuvo.<\/p>\n<p data-start=\"3433\" data-end=\"3744\">En ese marco, cuestion\u00f3 al oficialismo provincial: \u201cA diferencia de ellos, que sacan fotos a cada rato \u2018asistiendo a sus inundados\u2019. Ese fue el mensaje que nos dej\u00f3 el ministro con lo que hizo: fue como decir \u2018no se metan con mis inundados\u2019. No dejar pasar a gente que quiere ayudar es una verg\u00fcenza\u201d, concluy\u00f3.<\/p>\n","protected":false},"excerpt":{"rendered":"<p>La diputada Soledad Molinuevo (La Libertad Avanza) en di\u00e1logo telef\u00f3nico con Caf\u00e9 Prensa se refiri\u00f3 al estado de salud de su par Federico Pelli, tras la agresi\u00f3n que sufri\u00f3 en La Madrid. Adem\u00e1s, relat\u00f3 lo ocurrido durante la visita a la localidad y c\u00f3mo continuaron los operativos de donaciones en el interior de la provincia. &hellip;<\/p>\n","protected":false},"author":2,"featured_media":15294,"comment_status":"open","ping_status":"open","sticky":false,"template":"","format":"standard","meta":{"footnotes":""},"categories":[34],"tags":[3034,2236,408,3075,2372,160],"class_list":["post-15285","post","type-post","status-publish","format-standard","has-post-thumbnail","hentry","category-locales","tag-dario-monteros","tag-federico-pelli","tag-la-libertad-avanza","tag-la-madrid","tag-soledad-molinuevo","tag-tucuman"],"_links":{"self":[{"href":"https:\/\/cafeprensa.com.ar\/index.php\/wp-json\/wp\/v2\/posts\/15285","targetHints":{"allow":["GET"]}}],"collection":[{"href":"https:\/\/cafeprensa.com.ar\/index.php\/wp-json\/wp\/v2\/posts"}],"about":[{"href":"https:\/\/cafeprensa.com.ar\/index.php\/wp-json\/wp\/v2\/types\/post"}],"author":[{"embeddable":true,"href":"https:\/\/cafeprensa.com.ar\/index.php\/wp-json\/wp\/v2\/users\/2"}],"replies":[{"embeddable":true,"href":"https:\/\/cafeprensa.com.ar\/index.php\/wp-json\/wp\/v2\/comments?post=15285"}],"version-history":[{"count":2,"href":"https:\/\/cafeprensa.com.ar\/index.php\/wp-json\/wp\/v2\/posts\/15285\/revisions"}],"predecessor-version":[{"id":15295,"href":"https:\/\/cafeprensa.com.ar\/index.php\/wp-json\/wp\/v2\/posts\/15285\/revisions\/15295"}],"wp:featuredmedia":[{"embeddable":true,"href":"https:\/\/cafeprensa.com.ar\/index.php\/wp-json\/wp\/v2\/media\/15294"}],"wp:attachment":[{"href":"https:\/\/cafeprensa.com.ar\/index.php\/wp-json\/wp\/v2\/media?parent=15285"}],"wp:term":[{"taxonomy":"category","embeddable":true,"href":"https:\/\/cafeprensa.com.ar\/index.php\/wp-json\/wp\/v2\/categories?post=15285"},{"taxonomy":"post_tag","embeddable":true,"href":"https:\/\/cafeprensa.com.ar\/index.php\/wp-json\/wp\/v2\/tags?post=15285"}],"curies":[{"name":"wp","href":"https:\/\/api.w.org\/{rel}","templated":true}]}}