{"id":15291,"date":"2026-03-14T12:14:18","date_gmt":"2026-03-14T15:14:18","guid":{"rendered":"https:\/\/cafeprensa.com.ar\/?p=15291"},"modified":"2026-03-14T12:14:18","modified_gmt":"2026-03-14T15:14:18","slug":"romano-sobre-la-situacion-en-santa-ana-no-hubo-victimas-pero-muchas-familias-lo-perdieron-todo","status":"publish","type":"post","link":"https:\/\/cafeprensa.com.ar\/index.php\/2026\/03\/14\/romano-sobre-la-situacion-en-santa-ana-no-hubo-victimas-pero-muchas-familias-lo-perdieron-todo\/","title":{"rendered":"Romano sobre la situaci\u00f3n en Santa Ana: \u201cNo hubo v\u00edctimas, pero muchas familias lo perdieron todo\u201d"},"content":{"rendered":"<p data-start=\"158\" data-end=\"526\">El delegado comunal de <strong data-start=\"181\" data-end=\"194\">Santa Ana<\/strong>, <strong data-start=\"196\" data-end=\"213\">Hern\u00e1n Romano<\/strong>, en di\u00e1logo con <em data-start=\"230\" data-end=\"243\">Caf\u00e9 Prensa<\/em> se refiri\u00f3 a la situaci\u00f3n que atraviesa la localidad tras las inundaciones y explic\u00f3 c\u00f3mo contin\u00faan las tareas de asistencia a los vecinos afectados. \u201cSeguimos viviendo jornadas dif\u00edciles despu\u00e9s de estas incidencias que dejaron a muchas familias afectadas en su d\u00eda a d\u00eda\u201d, se\u00f1al\u00f3.<\/p>\n<p data-start=\"528\" data-end=\"759\">\u201cEsto es un gran desaf\u00edo y, sobre todo, una situaci\u00f3n preocupante al ver a nuestros hermanos sufrir. Ahora no tenemos lluvias, pero durante la noche tuvimos precipitaciones muy fuertes que generaron alerta\u201d, expres\u00f3 el funcionario.<\/p>\n<p data-start=\"761\" data-end=\"1199\">Adem\u00e1s, indic\u00f3 que persiste el temor entre los vecinos ante la posibilidad de nuevos desbordes. \u201cHay un temor latente a que la situaci\u00f3n se desborde en barrios donde antes no se inundaba. Algunos sectores que no viv\u00edan este tipo de inconvenientes desde hace alrededor de 50 a\u00f1os experimentaron esta situaci\u00f3n ca\u00f3tica. Gracias a Dios no tuvimos p\u00e9rdidas de vidas, pero afect\u00f3 terriblemente a muchas familias que lo perdieron todo\u201d, relat\u00f3.<\/p>\n<p data-start=\"1201\" data-end=\"1440\">Romano remarc\u00f3 tambi\u00e9n el impacto personal que tuvo el fen\u00f3meno en la comunidad. \u201cSoy de Santa Ana y en mis 42 a\u00f1os nunca viv\u00ed algo as\u00ed. Es algo que marca la gesti\u00f3n, porque no hay muchos registros de una crecida de esta magnitud\u201d, afirm\u00f3.<\/p>\n<p data-start=\"1442\" data-end=\"1886\">En este contexto, el delegado comunal destac\u00f3 el sentido de comunidad que se gener\u00f3 entre los vecinos afectados, quienes comparten alimentos y se acompa\u00f1an mutuamente en medio de la emergencia. \u201cSe ve mucha empat\u00eda hacia el vecino, m\u00e1s all\u00e1 de qui\u00e9n est\u00e9 inundado. En estos tiempos dif\u00edciles estamos aprendiendo a c\u00f3mo atravesar este tipo de hechos, no solo desde el lugar circunstancial que ocupamos, sino como parte de una sociedad\u201d, sostuvo.<\/p>\n<p data-start=\"1888\" data-end=\"2251\">Asimismo, explic\u00f3 que la experiencia dej\u00f3 aprendizajes sobre la importancia de la contenci\u00f3n social. \u201cCuando viv\u00eds una situaci\u00f3n as\u00ed, entend\u00e9s la necesidad de contenernos entre todos. La escucha a los vecinos y cosas tan simples como comer en comunidad, cuando uno est\u00e1 acostumbrado a hacerlo en su propia casa, terminan acercando m\u00e1s a las personas\u201d, reflexion\u00f3.<\/p>\n<p data-start=\"2253\" data-end=\"2497\">Finalmente, Romano subray\u00f3 que estas acciones fortalecen el esp\u00edritu colectivo de la localidad. \u201cDe esta manera los vecinos perciben la fortaleza que les da la comunidad, el hecho de agruparse y acompa\u00f1arse en momentos tan dif\u00edciles\u201d, concluy\u00f3.<\/p>\n","protected":false},"excerpt":{"rendered":"<p>El delegado comunal de Santa Ana, Hern\u00e1n Romano, en di\u00e1logo con Caf\u00e9 Prensa se refiri\u00f3 a la situaci\u00f3n que atraviesa la localidad tras las inundaciones y explic\u00f3 c\u00f3mo contin\u00faan las tareas de asistencia a los vecinos afectados. \u201cSeguimos viviendo jornadas dif\u00edciles despu\u00e9s de estas incidencias que dejaron a muchas familias afectadas en su d\u00eda a &hellip;<\/p>\n","protected":false},"author":2,"featured_media":15292,"comment_status":"open","ping_status":"open","sticky":false,"template":"","format":"standard","meta":{"footnotes":""},"categories":[34],"tags":[3083,3082,2846,2084,160],"class_list":["post-15291","post","type-post","status-publish","format-standard","has-post-thumbnail","hentry","category-locales","tag-asistencias","tag-hernan-romano","tag-inundaciones","tag-santa-ana","tag-tucuman"],"_links":{"self":[{"href":"https:\/\/cafeprensa.com.ar\/index.php\/wp-json\/wp\/v2\/posts\/15291","targetHints":{"allow":["GET"]}}],"collection":[{"href":"https:\/\/cafeprensa.com.ar\/index.php\/wp-json\/wp\/v2\/posts"}],"about":[{"href":"https:\/\/cafeprensa.com.ar\/index.php\/wp-json\/wp\/v2\/types\/post"}],"author":[{"embeddable":true,"href":"https:\/\/cafeprensa.com.ar\/index.php\/wp-json\/wp\/v2\/users\/2"}],"replies":[{"embeddable":true,"href":"https:\/\/cafeprensa.com.ar\/index.php\/wp-json\/wp\/v2\/comments?post=15291"}],"version-history":[{"count":1,"href":"https:\/\/cafeprensa.com.ar\/index.php\/wp-json\/wp\/v2\/posts\/15291\/revisions"}],"predecessor-version":[{"id":15293,"href":"https:\/\/cafeprensa.com.ar\/index.php\/wp-json\/wp\/v2\/posts\/15291\/revisions\/15293"}],"wp:featuredmedia":[{"embeddable":true,"href":"https:\/\/cafeprensa.com.ar\/index.php\/wp-json\/wp\/v2\/media\/15292"}],"wp:attachment":[{"href":"https:\/\/cafeprensa.com.ar\/index.php\/wp-json\/wp\/v2\/media?parent=15291"}],"wp:term":[{"taxonomy":"category","embeddable":true,"href":"https:\/\/cafeprensa.com.ar\/index.php\/wp-json\/wp\/v2\/categories?post=15291"},{"taxonomy":"post_tag","embeddable":true,"href":"https:\/\/cafeprensa.com.ar\/index.php\/wp-json\/wp\/v2\/tags?post=15291"}],"curies":[{"name":"wp","href":"https:\/\/api.w.org\/{rel}","templated":true}]}}