{"id":15328,"date":"2026-03-17T07:54:11","date_gmt":"2026-03-17T10:54:11","guid":{"rendered":"https:\/\/cafeprensa.com.ar\/?p=15328"},"modified":"2026-03-17T07:54:26","modified_gmt":"2026-03-17T10:54:26","slug":"soledad-molinuevo-le-contesto-al-goberndor-jaldo","status":"publish","type":"post","link":"https:\/\/cafeprensa.com.ar\/index.php\/2026\/03\/17\/soledad-molinuevo-le-contesto-al-goberndor-jaldo\/","title":{"rendered":"Soledad Molinuevo le contest\u00f3 al Goberndor Jaldo"},"content":{"rendered":"<div class=\"xdj266r x14z9mp xat24cr x1lziwak x1vvkbs x126k92a\">\n<p dir=\"auto\"><em><strong>\u00a0\u00bb \u00bf COMO ES POSIBLE QUE USTED SEPA DETALLES DE LA SENTENCIA ANTES QUE YO?\u00bb<\/strong><\/em><\/p>\n<\/div>\n<div class=\"x14z9mp xat24cr x1lziwak x1vvkbs xtlvy1s x126k92a\">\n<div dir=\"auto\">La diputada nacional de<strong> La Libertad Avanza (LLA), Soledad Molinuevo<\/strong>, cuestion\u00f3 al gobernador Osvaldo Jaldo, luego de que el mandatario provincial afirmara en una conferencia de prensa que un juez le dio<em><strong> \u201cla raz\u00f3n en partes\u201d<\/strong> <\/em>en el marco de una presentaci\u00f3n judicial presentada por el titular del Poder Ejecutivo (PE) contra la legisladora.<img loading=\"lazy\" decoding=\"async\" class=\"alignnone wp-image-15331 size-large\" src=\"https:\/\/cafeprensa.com.ar\/wp-content\/uploads\/2026\/03\/0917766b-068b-4480-a7f5-8d069710efa0-1024x681.jpg\" alt=\"\" width=\"1024\" height=\"681\" srcset=\"https:\/\/cafeprensa.com.ar\/wp-content\/uploads\/2026\/03\/0917766b-068b-4480-a7f5-8d069710efa0-1024x681.jpg 1024w, https:\/\/cafeprensa.com.ar\/wp-content\/uploads\/2026\/03\/0917766b-068b-4480-a7f5-8d069710efa0-300x200.jpg 300w, https:\/\/cafeprensa.com.ar\/wp-content\/uploads\/2026\/03\/0917766b-068b-4480-a7f5-8d069710efa0-768x511.jpg 768w, https:\/\/cafeprensa.com.ar\/wp-content\/uploads\/2026\/03\/0917766b-068b-4480-a7f5-8d069710efa0.jpg 1200w\" sizes=\"auto, (max-width: 1024px) 100vw, 1024px\" \/><\/div>\n<\/div>\n<div class=\"x14z9mp xat24cr x1lziwak x1vvkbs xtlvy1s x126k92a\">\n<div dir=\"auto\">A trav\u00e9s de sus redes sociales, Molinuevo expres\u00f3 su sorpresa e indignaci\u00f3n por las declaraciones del gobernador, al se\u00f1alar que hasta el momento no ha sido notificada formalmente de ninguna resoluci\u00f3n judicial, mientras que el expediente contin\u00faa con acceso restringido en el sistema del Poder Judicial.<\/div>\n<div dir=\"auto\"><\/div>\n<\/div>\n<div class=\"x14z9mp xat24cr x1lziwak x1vvkbs xtlvy1s x126k92a\">\n<div dir=\"auto\"><em><strong>\u201cGobernador @OsvaldoJaldo, ud. anunci\u00f3 en conferencia de prensa el contenido de una denuncia en mi contra y hasta el resultado de la sentencia. Yo a\u00fan no he sido notificada de nada y la p\u00e1gina del Poder Judicial sigue con acceso reservado. \u00bfC\u00f3mo es posible que ud. sepa detalles de la sentencia antes que yo?\u201d<\/strong><\/em>, escribi\u00f3 la diputada.<img loading=\"lazy\" decoding=\"async\" class=\"alignnone wp-image-15332 size-large\" src=\"https:\/\/cafeprensa.com.ar\/wp-content\/uploads\/2026\/03\/649281277_1814344073295803_4312997290158303113_n-911x1024.jpg\" alt=\"\" width=\"911\" height=\"1024\" srcset=\"https:\/\/cafeprensa.com.ar\/wp-content\/uploads\/2026\/03\/649281277_1814344073295803_4312997290158303113_n-911x1024.jpg 911w, https:\/\/cafeprensa.com.ar\/wp-content\/uploads\/2026\/03\/649281277_1814344073295803_4312997290158303113_n-267x300.jpg 267w, https:\/\/cafeprensa.com.ar\/wp-content\/uploads\/2026\/03\/649281277_1814344073295803_4312997290158303113_n-768x863.jpg 768w, https:\/\/cafeprensa.com.ar\/wp-content\/uploads\/2026\/03\/649281277_1814344073295803_4312997290158303113_n.jpg 1080w\" sizes=\"auto, (max-width: 911px) 100vw, 911px\" \/><\/div>\n<\/div>\n<div class=\"x14z9mp xat24cr x1lziwak x1vvkbs xtlvy1s x126k92a\">\n<div dir=\"auto\"><strong>Jaldo confirm\u00f3 ante la prensa la solicitud de una presentaci\u00f3n judicial (medida cautelar residual), a ra\u00edz de los dichos de la diputada libertaria. \u201cFui a la Justicia y el juez me dio la raz\u00f3n en una parte, en otra parte no me dieron la raz\u00f3n. Pero esa se\u00f1ora no puede hablar de que somos mafiosos. Esa se\u00f1ora no puede pretender que el gobernador asuma -o que ella le adjudique- el rol de protector de todos los libertarios de la provincia de Tucum\u00e1n\u201d, se\u00f1al\u00f3.<img loading=\"lazy\" decoding=\"async\" class=\"alignnone wp-image-15336 size-full\" src=\"https:\/\/cafeprensa.com.ar\/wp-content\/uploads\/2026\/03\/730x473_260316093219_88234.jpeg\" alt=\"\" width=\"730\" height=\"473\" srcset=\"https:\/\/cafeprensa.com.ar\/wp-content\/uploads\/2026\/03\/730x473_260316093219_88234.jpeg 730w, https:\/\/cafeprensa.com.ar\/wp-content\/uploads\/2026\/03\/730x473_260316093219_88234-300x194.jpeg 300w\" sizes=\"auto, (max-width: 730px) 100vw, 730px\" \/><\/strong><\/div>\n<\/div>\n<div class=\"x14z9mp xat24cr x1lziwak x1vvkbs xtlvy1s x126k92a\">\n<div dir=\"auto\">Y prosigui\u00f3: \u201cO sea, eso ha sido nada m\u00e1s. La Justicia me dio la raz\u00f3n en parte, en parte lo dej\u00f3 en suspenso. Despu\u00e9s, si ustedes necesitan saber bien c\u00f3mo es, entren a la p\u00e1gina de los tribunales y la van a tener\u201d.<\/div>\n<\/div>\n<div class=\"x14z9mp xat24cr x1lziwak x1vvkbs xtlvy1s x126k92a\">\n<div dir=\"auto\">\u201cTransparencia judicial\u201d.<\/div>\n<div dir=\"auto\">Tras esos dichos, la legisladora reclam\u00f3 transparencia institucional y respeto por la independencia judicial, al advertir que la situaci\u00f3n genera serias dudas sobre el manejo de la informaci\u00f3n dentro del proceso.<img loading=\"lazy\" decoding=\"async\" class=\"alignnone wp-image-15334 size-large\" src=\"https:\/\/cafeprensa.com.ar\/wp-content\/uploads\/2026\/03\/inundaciones-lamadrid-tucuman-1920-1-1024x575.jpg\" alt=\"\" width=\"1024\" height=\"575\" srcset=\"https:\/\/cafeprensa.com.ar\/wp-content\/uploads\/2026\/03\/inundaciones-lamadrid-tucuman-1920-1-1024x575.jpg 1024w, https:\/\/cafeprensa.com.ar\/wp-content\/uploads\/2026\/03\/inundaciones-lamadrid-tucuman-1920-1-300x169.jpg 300w, https:\/\/cafeprensa.com.ar\/wp-content\/uploads\/2026\/03\/inundaciones-lamadrid-tucuman-1920-1-768x432.jpg 768w, https:\/\/cafeprensa.com.ar\/wp-content\/uploads\/2026\/03\/inundaciones-lamadrid-tucuman-1920-1-1536x863.jpg 1536w, https:\/\/cafeprensa.com.ar\/wp-content\/uploads\/2026\/03\/inundaciones-lamadrid-tucuman-1920-1-390x220.jpg 390w, https:\/\/cafeprensa.com.ar\/wp-content\/uploads\/2026\/03\/inundaciones-lamadrid-tucuman-1920-1.jpg 1920w\" sizes=\"auto, (max-width: 1024px) 100vw, 1024px\" \/><\/div>\n<\/div>\n<div class=\"x14z9mp xat24cr x1lziwak x1vvkbs xtlvy1s x126k92a\">\n<div dir=\"auto\"><strong>\u201cExijo transparencia y respeto a la independencia del Poder Judicial\u201d, agreg\u00f3 Molinuevo en su publicaci\u00f3n.<\/strong><\/div>\n<\/div>\n<div class=\"x14z9mp xat24cr x1lziwak x1vvkbs xtlvy1s x126k92a\">\n<div dir=\"auto\"><strong>Las declaraciones de la diputada se producen en medio de cruces y cuestionamientos, luego de que el gobernador hiciera referencia p\u00fablica al supuesto avance de la causa durante un encuentro con la prensa.<\/strong><\/div>\n<\/div>\n<div class=\"x14z9mp xat24cr x1lziwak x1vvkbs xtlvy1s x126k92a\">\n<div dir=\"auto\">Seg\u00fan Molinuevo, el episodio abre interrogantes sobre c\u00f3mo el Ejecutivo provincial pudo acceder a informaci\u00f3n judicial sensible antes que la propia parte involucrada, una situaci\u00f3n que, seg\u00fan se\u00f1alaron, \u201cmerece una explicaci\u00f3n clara\u201d.<img loading=\"lazy\" decoding=\"async\" class=\"alignnone wp-image-15333 size-full\" src=\"https:\/\/cafeprensa.com.ar\/wp-content\/uploads\/2026\/03\/649490550_1814344029962474_8636230798643293376_n.jpg\" alt=\"\" width=\"720\" height=\"686\" srcset=\"https:\/\/cafeprensa.com.ar\/wp-content\/uploads\/2026\/03\/649490550_1814344029962474_8636230798643293376_n.jpg 720w, https:\/\/cafeprensa.com.ar\/wp-content\/uploads\/2026\/03\/649490550_1814344029962474_8636230798643293376_n-300x286.jpg 300w\" sizes=\"auto, (max-width: 720px) 100vw, 720px\" \/><\/div>\n<\/div>\n<div class=\"x14z9mp xat24cr x1lziwak x1vvkbs xtlvy1s x126k92a\">\n<div dir=\"auto\"><strong>\u201cEl cruce suma un nuevo cap\u00edtulo al enfrentamiento pol\u00edtico entre sectores de la oposici\u00f3n y el gobierno provincial, en un contexto marcado por fuertes cuestionamientos al funcionamiento institucional en Tucum\u00e1n\u201d, se\u00f1alaron en el espacio libertario en un comunicado.<\/strong><\/div>\n<\/div>\n","protected":false},"excerpt":{"rendered":"<p>\u00a0\u00bb \u00bf COMO ES POSIBLE QUE USTED SEPA DETALLES DE LA SENTENCIA ANTES QUE YO?\u00bb La diputada nacional de La Libertad Avanza (LLA), Soledad Molinuevo, cuestion\u00f3 al gobernador Osvaldo Jaldo, luego de que el mandatario provincial afirmara en una conferencia de prensa que un juez le dio \u201cla raz\u00f3n en partes\u201d en el marco de &hellip;<\/p>\n","protected":false},"author":2,"featured_media":15330,"comment_status":"open","ping_status":"open","sticky":false,"template":"","format":"standard","meta":{"footnotes":""},"categories":[34,25],"tags":[94,3075,683],"class_list":["post-15328","post","type-post","status-publish","format-standard","has-post-thumbnail","hentry","category-locales","category-politica","tag-jaldo","tag-la-madrid","tag-molinuevo"],"_links":{"self":[{"href":"https:\/\/cafeprensa.com.ar\/index.php\/wp-json\/wp\/v2\/posts\/15328","targetHints":{"allow":["GET"]}}],"collection":[{"href":"https:\/\/cafeprensa.com.ar\/index.php\/wp-json\/wp\/v2\/posts"}],"about":[{"href":"https:\/\/cafeprensa.com.ar\/index.php\/wp-json\/wp\/v2\/types\/post"}],"author":[{"embeddable":true,"href":"https:\/\/cafeprensa.com.ar\/index.php\/wp-json\/wp\/v2\/users\/2"}],"replies":[{"embeddable":true,"href":"https:\/\/cafeprensa.com.ar\/index.php\/wp-json\/wp\/v2\/comments?post=15328"}],"version-history":[{"count":2,"href":"https:\/\/cafeprensa.com.ar\/index.php\/wp-json\/wp\/v2\/posts\/15328\/revisions"}],"predecessor-version":[{"id":15338,"href":"https:\/\/cafeprensa.com.ar\/index.php\/wp-json\/wp\/v2\/posts\/15328\/revisions\/15338"}],"wp:featuredmedia":[{"embeddable":true,"href":"https:\/\/cafeprensa.com.ar\/index.php\/wp-json\/wp\/v2\/media\/15330"}],"wp:attachment":[{"href":"https:\/\/cafeprensa.com.ar\/index.php\/wp-json\/wp\/v2\/media?parent=15328"}],"wp:term":[{"taxonomy":"category","embeddable":true,"href":"https:\/\/cafeprensa.com.ar\/index.php\/wp-json\/wp\/v2\/categories?post=15328"},{"taxonomy":"post_tag","embeddable":true,"href":"https:\/\/cafeprensa.com.ar\/index.php\/wp-json\/wp\/v2\/tags?post=15328"}],"curies":[{"name":"wp","href":"https:\/\/api.w.org\/{rel}","templated":true}]}}