{"id":15343,"date":"2026-03-17T08:22:06","date_gmt":"2026-03-17T11:22:06","guid":{"rendered":"https:\/\/cafeprensa.com.ar\/?p=15343"},"modified":"2026-03-17T08:23:31","modified_gmt":"2026-03-17T11:23:31","slug":"elias-de-perez-respondio-a-jaldo-por-sus-dichos-sobre-la-madrid","status":"publish","type":"post","link":"https:\/\/cafeprensa.com.ar\/index.php\/2026\/03\/17\/elias-de-perez-respondio-a-jaldo-por-sus-dichos-sobre-la-madrid\/","title":{"rendered":"El\u00edas de P\u00e9rez respondi\u00f3 a Jaldo por sus dichos sobre La Madrid"},"content":{"rendered":"<div class=\"space-y-3\">\n<div class=\"max-w-4xl\">\n<p class=\"__className_c59aa5 text-lg pt-2\">La legisladora radical sali\u00f3 al cruce del gobernador luego de que atribuyera a la ubicaci\u00f3n geogr\u00e1fica de La Madrid parte del drama de las inundaciones.<\/p>\n<p class=\"__className_c59aa5 text-lg pt-2\"><strong>Lo acus\u00f3 de desidia, abandono y de no escuchar cr\u00edticas. La legisladora provincial de la Uni\u00f3n C\u00edvica Radical (UCR), Silvia El\u00edas de P\u00e9rez, cuestion\u00f3 al gobernador\u00a0Osvaldo Jaldo por sus declaraciones sobre la ciudad de La Madrid, en medio de la crisis provocada por las inundaciones que volvieron a golpear al sur tucumano y dejaron a miles de vecinos afectados.<img loading=\"lazy\" decoding=\"async\" class=\"alignnone wp-image-15347 size-full\" src=\"https:\/\/cafeprensa.com.ar\/wp-content\/uploads\/2026\/03\/970x90-1-1.gif\" alt=\"\" width=\"970\" height=\"90\" \/> <\/strong><\/p>\n<p class=\"__className_c59aa5 text-lg pt-2\">A trav\u00e9s de su cuenta de X, la dirigente opositora sali\u00f3 al cruce de una frase pronunciada por el mandatario provincial en <a class=\"content-link\" href=\"https:\/\/tendenciadenoticias.com.ar\/politica\/jaldo-defendio-el-operativo-en-la-madrid-se-actuo-rapido-en-equipo-con-solidaridad-y-un-estado-presente\" target=\"_blank\" rel=\"noopener noreferrer nofollow\">conferencia de prensa<\/a>, cuando al referirse a la situaci\u00f3n de La Madrid sostuvo que esa ciudad \u201ctiene un pecado original\u201d porque \u201cnaci\u00f3 en un lugar bajo\u201d y que, seg\u00fan dijo, \u201cya en otra \u00e9poca se advert\u00eda que pod\u00eda inundarse\u201d.<\/p>\n<\/div>\n<\/div>\n<div class=\"flex flex-col md:flex-row mt-3 gap-4 relative\">\n<div class=\"grow md:w-[856px] relative\">\n<div class=\"md:flex md:items-start md:justify-between md:gap-8 relative \">\n<div class=\"pb-7 font-thin\">\n<p class=\"text-lg\"><strong>\u201c@OsvaldoJaldo si vamos a hablar de pecados originales, en Tucum\u00e1n hay varios: la desidia, el abandono de los caminos rurales tras 30 a\u00f1os de gobierno, la mentira en las prioridades y la soberbia de no escuchar propuestas ni cr\u00edticas. Despu\u00e9s, siempre queda la lluvia para culpar\u201d, escribi\u00f3 El\u00edas de P\u00e9rez en su posteo.<img loading=\"lazy\" decoding=\"async\" class=\"alignnone wp-image-15348 size-full\" src=\"https:\/\/cafeprensa.com.ar\/wp-content\/uploads\/2026\/03\/970x250-2-1.gif\" alt=\"\" width=\"970\" height=\"250\" \/><\/strong><\/p>\n<p class=\"text-lg\">La respuesta de la parlamentaria radical se inscribe en una escalada de cuestionamientos de la oposici\u00f3n al Gobierno provincial por el impacto de las inundaciones, que una vez m\u00e1s afectaron a los cerca de 5.000 habitantes de La Madrid. Muchas familias perdieron sus pertenencias y reci\u00e9n durante el fin de semana comenzaron a regresar a sus viviendas, tras el avance del agua y los anegamientos que volvieron a poner en evidencia la vulnerabilidad de la zona.<\/p>\n<p class=\"text-lg\"><strong>En ese marco, dirigentes opositores vienen se\u00f1alando la falta de inversiones en obras de infraestructura y prevenci\u00f3n h\u00eddrica, adem\u00e1s de cuestionar la ausencia de respuestas estructurales frente a un problema que se repite. Desde el oficialismo, en tanto, defendieron las acciones encaradas y remarcaron la asistencia desplegada ante la emergencia. \u00abSe actu\u00f3 r\u00e1pido, en equipo, con solidaridad y un Estado presente\u00bb, sentenci\u00f3 Jaldo para defender el trabajo realizado.<\/strong><\/p>\n<\/div>\n<\/div>\n<\/div>\n<\/div>\n","protected":false},"excerpt":{"rendered":"<p>La legisladora radical sali\u00f3 al cruce del gobernador luego de que atribuyera a la ubicaci\u00f3n geogr\u00e1fica de La Madrid parte del drama de las inundaciones. Lo acus\u00f3 de desidia, abandono y de no escuchar cr\u00edticas. La legisladora provincial de la Uni\u00f3n C\u00edvica Radical (UCR), Silvia El\u00edas de P\u00e9rez, cuestion\u00f3 al gobernador\u00a0Osvaldo Jaldo por sus declaraciones &hellip;<\/p>\n","protected":false},"author":2,"featured_media":15345,"comment_status":"open","ping_status":"open","sticky":false,"template":"","format":"standard","meta":{"footnotes":""},"categories":[34,25],"tags":[94,1852],"class_list":["post-15343","post","type-post","status-publish","format-standard","has-post-thumbnail","hentry","category-locales","category-politica","tag-jaldo","tag-silvia-eleas-de-perez"],"_links":{"self":[{"href":"https:\/\/cafeprensa.com.ar\/index.php\/wp-json\/wp\/v2\/posts\/15343","targetHints":{"allow":["GET"]}}],"collection":[{"href":"https:\/\/cafeprensa.com.ar\/index.php\/wp-json\/wp\/v2\/posts"}],"about":[{"href":"https:\/\/cafeprensa.com.ar\/index.php\/wp-json\/wp\/v2\/types\/post"}],"author":[{"embeddable":true,"href":"https:\/\/cafeprensa.com.ar\/index.php\/wp-json\/wp\/v2\/users\/2"}],"replies":[{"embeddable":true,"href":"https:\/\/cafeprensa.com.ar\/index.php\/wp-json\/wp\/v2\/comments?post=15343"}],"version-history":[{"count":3,"href":"https:\/\/cafeprensa.com.ar\/index.php\/wp-json\/wp\/v2\/posts\/15343\/revisions"}],"predecessor-version":[{"id":15352,"href":"https:\/\/cafeprensa.com.ar\/index.php\/wp-json\/wp\/v2\/posts\/15343\/revisions\/15352"}],"wp:featuredmedia":[{"embeddable":true,"href":"https:\/\/cafeprensa.com.ar\/index.php\/wp-json\/wp\/v2\/media\/15345"}],"wp:attachment":[{"href":"https:\/\/cafeprensa.com.ar\/index.php\/wp-json\/wp\/v2\/media?parent=15343"}],"wp:term":[{"taxonomy":"category","embeddable":true,"href":"https:\/\/cafeprensa.com.ar\/index.php\/wp-json\/wp\/v2\/categories?post=15343"},{"taxonomy":"post_tag","embeddable":true,"href":"https:\/\/cafeprensa.com.ar\/index.php\/wp-json\/wp\/v2\/tags?post=15343"}],"curies":[{"name":"wp","href":"https:\/\/api.w.org\/{rel}","templated":true}]}}