{"id":15365,"date":"2026-03-17T15:20:41","date_gmt":"2026-03-17T18:20:41","guid":{"rendered":"https:\/\/cafeprensa.com.ar\/?p=15365"},"modified":"2026-03-17T15:20:41","modified_gmt":"2026-03-17T18:20:41","slug":"volvio-a-subir-la-nafta-en-tucuman-como-quedaron-los-nuevos-valores","status":"publish","type":"post","link":"https:\/\/cafeprensa.com.ar\/index.php\/2026\/03\/17\/volvio-a-subir-la-nafta-en-tucuman-como-quedaron-los-nuevos-valores\/","title":{"rendered":"Volvi\u00f3 a subir la nafta en Tucum\u00e1n: c\u00f3mo quedaron los nuevos valores"},"content":{"rendered":"<p><span style=\"font-size: 12pt; font-weight: bold;\">La actualizaci\u00f3n se da en el marco de la implementaci\u00f3n de precios din\u00e1micos, mientras el petr\u00f3leo registra una fuerte suba a nivel global. <\/span>Los combustibles volvieron a aumentar en Tucum\u00e1n y desde hoy rigen nuevos precios en las estaciones de servicio de YPF, en el marco de su pol\u00edtica de ajustes graduales.<\/p>\n<div class=\"col-md-12 col-12 col-lg-12 post-content p-lg-2\">\n<p><strong>Seg\u00fan los valores actualizados, el litro de nafta S\u00faper cuesta $1.923 y la Infinia $2.032. En tanto, el Diesel 500 se ubica en $2.073 y el Infinia Diesel en $2.192.<\/strong><\/p>\n<p>La suba se produce d\u00edas despu\u00e9s de que la compa\u00f1\u00eda anunciara la implementaci\u00f3n de un sistema de \u201cprecios din\u00e1micos\u201d, con el objetivo de amortiguar el impacto de la volatilidad internacional del petr\u00f3leo en los surtidores locales. <strong>En ese contexto, la medida se da en medio de una fuerte escalada del crudo a nivel global, vinculada al conflicto b\u00e9lico en Medio Oriente.<\/strong><\/p>\n<p>El presidente de YPF, Horacio Mar\u00edn, hab\u00eda se\u00f1alado que el esquema contempla la aplicaci\u00f3n de \u201cmicropricing\u201d, una metodolog\u00eda que busca suavizar las variaciones del mercado internacional y aportar previsibilidad a nivel local. <strong>\u201cYPF no va a generar cimbronazos en los precios. Somos prudentes y estamos honrando nuestro compromiso honesto con los consumidores\u201d, afirm\u00f3.<\/strong><\/p>\n<p>Desde el punto de vista t\u00e9cnico, la estrategia se basa en el uso de un promedio m\u00f3vil (moving average), que permite atenuar tanto los aumentos como las bajas abruptas, generando una curva de precios m\u00e1s estable en el tiempo.<\/p>\n<\/div>\n","protected":false},"excerpt":{"rendered":"<p>La actualizaci\u00f3n se da en el marco de la implementaci\u00f3n de precios din\u00e1micos, mientras el petr\u00f3leo registra una fuerte suba a nivel global. Los combustibles volvieron a aumentar en Tucum\u00e1n y desde hoy rigen nuevos precios en las estaciones de servicio de YPF, en el marco de su pol\u00edtica de ajustes graduales. Seg\u00fan los valores &hellip;<\/p>\n","protected":false},"author":2,"featured_media":15366,"comment_status":"open","ping_status":"open","sticky":false,"template":"","format":"standard","meta":{"footnotes":""},"categories":[28,33],"tags":[400,435,168],"class_list":["post-15365","post","type-post","status-publish","format-standard","has-post-thumbnail","hentry","category-economia","category-nacionales","tag-estaciones-de-servicios","tag-nafta","tag-precios"],"_links":{"self":[{"href":"https:\/\/cafeprensa.com.ar\/index.php\/wp-json\/wp\/v2\/posts\/15365","targetHints":{"allow":["GET"]}}],"collection":[{"href":"https:\/\/cafeprensa.com.ar\/index.php\/wp-json\/wp\/v2\/posts"}],"about":[{"href":"https:\/\/cafeprensa.com.ar\/index.php\/wp-json\/wp\/v2\/types\/post"}],"author":[{"embeddable":true,"href":"https:\/\/cafeprensa.com.ar\/index.php\/wp-json\/wp\/v2\/users\/2"}],"replies":[{"embeddable":true,"href":"https:\/\/cafeprensa.com.ar\/index.php\/wp-json\/wp\/v2\/comments?post=15365"}],"version-history":[{"count":1,"href":"https:\/\/cafeprensa.com.ar\/index.php\/wp-json\/wp\/v2\/posts\/15365\/revisions"}],"predecessor-version":[{"id":15367,"href":"https:\/\/cafeprensa.com.ar\/index.php\/wp-json\/wp\/v2\/posts\/15365\/revisions\/15367"}],"wp:featuredmedia":[{"embeddable":true,"href":"https:\/\/cafeprensa.com.ar\/index.php\/wp-json\/wp\/v2\/media\/15366"}],"wp:attachment":[{"href":"https:\/\/cafeprensa.com.ar\/index.php\/wp-json\/wp\/v2\/media?parent=15365"}],"wp:term":[{"taxonomy":"category","embeddable":true,"href":"https:\/\/cafeprensa.com.ar\/index.php\/wp-json\/wp\/v2\/categories?post=15365"},{"taxonomy":"post_tag","embeddable":true,"href":"https:\/\/cafeprensa.com.ar\/index.php\/wp-json\/wp\/v2\/tags?post=15365"}],"curies":[{"name":"wp","href":"https:\/\/api.w.org\/{rel}","templated":true}]}}