{"id":15480,"date":"2026-03-21T11:12:19","date_gmt":"2026-03-21T14:12:19","guid":{"rendered":"https:\/\/cafeprensa.com.ar\/?p=15480"},"modified":"2026-03-21T11:12:19","modified_gmt":"2026-03-21T14:12:19","slug":"bellanich-detallo-la-situacion-del-norte-tucumano-tras-las-inundaciones","status":"publish","type":"post","link":"https:\/\/cafeprensa.com.ar\/index.php\/2026\/03\/21\/bellanich-detallo-la-situacion-del-norte-tucumano-tras-las-inundaciones\/","title":{"rendered":"Bellanich detall\u00f3 la situaci\u00f3n del norte tucumano tras las inundaciones"},"content":{"rendered":"<p data-start=\"0\" data-end=\"192\">El director de \u201cPeri\u00f3dico del Norte\u201d, <strong>Francisco Javier Bellanich<\/strong>, en di\u00e1logo con Caf\u00e9 Prensa, se refiri\u00f3 a la situaci\u00f3n de las distintas localidades del norte provincial tras las inundaciones.<\/p>\n<p data-start=\"194\" data-end=\"968\">Bellanich expres\u00f3 que \u201cen San Pedro de Colalao, a solo 30 minutos de iniciadas las lluvias, se desbord\u00f3 el r\u00edo Tipa, en el contexto del Festival del Quesillo, que debi\u00f3 ser suspendido por obvias razones\u201d. \u201cFue una lluvia intensa que provoc\u00f3 una ca\u00edda importante de agua en los r\u00edos, espec\u00edficamente el r\u00edo Tipa, lo que gener\u00f3 que el agua afectara al barrio Rita, donde hubo situaciones de inundaci\u00f3n\u201d, continu\u00f3. \u201cAfortunadamente, los vecinos fueron asistidos desde un primer momento por las autoridades. Adem\u00e1s, como consecuencia, se vieron afectadas las calles y el turismo presente en el lugar. Al igual que los caminos de ingreso resultaron deteriorados, por lo que se solicita a la poblaci\u00f3n circular con precauci\u00f3n\u201d, agreg\u00f3 respecto a los accesos de la villa veraniega.<\/p>\n<p data-start=\"970\" data-end=\"1453\">\u201cDe esta situaci\u00f3n, los m\u00e1s afectados fueron los lugare\u00f1os. Otro sector comprometido fue la zona de la Costanera, donde lleg\u00f3 a caerse una casa; si bien el agua no ingres\u00f3, se evacu\u00f3 a la poblaci\u00f3n de manera preventiva\u201d, expres\u00f3 sobre lo ocurrido. \u201cLos problemas en zonas de monta\u00f1a fueron constantes, pero hasta ayer se lograron solucionar mediante operativos, ya que los veh\u00edculos no pod\u00edan transitar, como por ejemplo en Choromoro, Chuscha, Gonzalo y Rearte, entre otros\u201d, se\u00f1al\u00f3.<\/p>\n<p data-start=\"1455\" data-end=\"1643\" data-is-last-node=\"\" data-is-only-node=\"\">Finalmente, Bellanich coment\u00f3 que en la zona de Trancas \u201csolo un sector fue afectado por la crecida del r\u00edo Sal\u00ed, mientras que en Los Nogales no se registraron hechos puntuales\u201d, concluy\u00f3.<\/p>\n<p>&nbsp;<\/p>\n","protected":false},"excerpt":{"rendered":"<p>El director de \u201cPeri\u00f3dico del Norte\u201d, Francisco Javier Bellanich, en di\u00e1logo con Caf\u00e9 Prensa, se refiri\u00f3 a la situaci\u00f3n de las distintas localidades del norte provincial tras las inundaciones. Bellanich expres\u00f3 que \u201cen San Pedro de Colalao, a solo 30 minutos de iniciadas las lluvias, se desbord\u00f3 el r\u00edo Tipa, en el contexto del Festival &hellip;<\/p>\n","protected":false},"author":2,"featured_media":15481,"comment_status":"open","ping_status":"open","sticky":false,"template":"","format":"standard","meta":{"footnotes":""},"categories":[34],"tags":[2846,3124],"class_list":["post-15480","post","type-post","status-publish","format-standard","has-post-thumbnail","hentry","category-locales","tag-inundaciones","tag-periodico-del-norte"],"_links":{"self":[{"href":"https:\/\/cafeprensa.com.ar\/index.php\/wp-json\/wp\/v2\/posts\/15480","targetHints":{"allow":["GET"]}}],"collection":[{"href":"https:\/\/cafeprensa.com.ar\/index.php\/wp-json\/wp\/v2\/posts"}],"about":[{"href":"https:\/\/cafeprensa.com.ar\/index.php\/wp-json\/wp\/v2\/types\/post"}],"author":[{"embeddable":true,"href":"https:\/\/cafeprensa.com.ar\/index.php\/wp-json\/wp\/v2\/users\/2"}],"replies":[{"embeddable":true,"href":"https:\/\/cafeprensa.com.ar\/index.php\/wp-json\/wp\/v2\/comments?post=15480"}],"version-history":[{"count":1,"href":"https:\/\/cafeprensa.com.ar\/index.php\/wp-json\/wp\/v2\/posts\/15480\/revisions"}],"predecessor-version":[{"id":15482,"href":"https:\/\/cafeprensa.com.ar\/index.php\/wp-json\/wp\/v2\/posts\/15480\/revisions\/15482"}],"wp:featuredmedia":[{"embeddable":true,"href":"https:\/\/cafeprensa.com.ar\/index.php\/wp-json\/wp\/v2\/media\/15481"}],"wp:attachment":[{"href":"https:\/\/cafeprensa.com.ar\/index.php\/wp-json\/wp\/v2\/media?parent=15480"}],"wp:term":[{"taxonomy":"category","embeddable":true,"href":"https:\/\/cafeprensa.com.ar\/index.php\/wp-json\/wp\/v2\/categories?post=15480"},{"taxonomy":"post_tag","embeddable":true,"href":"https:\/\/cafeprensa.com.ar\/index.php\/wp-json\/wp\/v2\/tags?post=15480"}],"curies":[{"name":"wp","href":"https:\/\/api.w.org\/{rel}","templated":true}]}}