{"id":15508,"date":"2026-03-23T11:34:04","date_gmt":"2026-03-23T14:34:04","guid":{"rendered":"https:\/\/cafeprensa.com.ar\/?p=15508"},"modified":"2026-03-23T11:34:58","modified_gmt":"2026-03-23T14:34:58","slug":"el-pj-busca-que-el-boleto-estudiantil-gratuito-sea-ley-y-no-una-decision-administrativa-del-poder-ejecutivo","status":"publish","type":"post","link":"https:\/\/cafeprensa.com.ar\/index.php\/2026\/03\/23\/el-pj-busca-que-el-boleto-estudiantil-gratuito-sea-ley-y-no-una-decision-administrativa-del-poder-ejecutivo\/","title":{"rendered":"El PJ busca que el Boleto Estudiantil Gratuito sea ley y no una \u00abdecisi\u00f3n administrativa del Poder Ejecutivo\u00bb"},"content":{"rendered":"<div class=\"space-y-3\">\n<div class=\"max-w-4xl\">\n<p class=\"__className_c59aa5 text-lg pt-2\">Parlamentarios peronistas presentaron un proyecto para institucionalizar el beneficio que hoy alcanza a miles de tucumanos, con el fin de otorgarle estabilidad y previsibilidad ante futuros cambios de gesti\u00f3n, garantizando el derecho a la educaci\u00f3n como una inversi\u00f3n estrat\u00e9gica en el desarrollo humano.<\/p>\n<\/div>\n<\/div>\n<div class=\"flex flex-col md:flex-row mt-3 gap-4 relative\">\n<div class=\"grow md:w-[856px] relative\">\n<div>\n<div class=\"relative -top-2\"><img loading=\"lazy\" decoding=\"async\" class=\"rounded w-full\" src=\"https:\/\/res.cloudinary.com\/dut4yhfgk\/image\/upload\/v1773686497\/Noticias\/politica\/el-pj-busca-que-el-boleto-estudiantil-gratuito-sea-ley-y-no-una-decision-administrativa-del-poder-ejecutivo\/ivetx8gadhxrausuo41t.jpg\" alt=\"El PJ busca que el Boleto Estudiantil Gratuito sea ley y no una &quot;decisi\u00f3n administrativa del Poder Ejecutivo&quot;\" width=\"856\" height=\"422\" data-nimg=\"1\" \/><\/div>\n<\/div>\n<div class=\"md:flex md:items-start md:justify-between md:gap-8 relative \">\n<div class=\"pb-7 font-thin\">\n<p class=\"text-lg\">Un grupo de legisladores del bloque oficialista present\u00f3 un proyecto de ley con el objetivo de convertir el Boleto Estudiantil Gratuito (BEG) en una \u201cpol\u00edtica p\u00fablica permanente de la Provincia de Tucum\u00e1n\u201d. La iniciativa, que alcanza a estudiantes de todos los niveles educativos en instituciones p\u00fablicas y parroquiales, busca \u201cgarantizar el acceso, la permanencia y la continuidad en el sistema educativo\u201d.<\/p>\n<p class=\"text-lg\">.<img loading=\"lazy\" decoding=\"async\" class=\"alignnone size-full wp-image-15453\" src=\"https:\/\/cafeprensa.com.ar\/wp-content\/uploads\/2026\/03\/CAFEPRENSAWEB02.jpg\" alt=\"\" width=\"300\" height=\"49\" \/><\/p>\n<p class=\"text-lg\"><strong>Los fundamentos del texto, sostienen que el costo del transporte no debe representar una \u201cbarrera econ\u00f3mica\u201d, ya que asegurar la asistencia diaria a las escuelas constituye una \u201cresponsabilidad indelegable del Estado\u201d. La nota central del proyecto radica en la necesidad de otorgar a esta herramienta un marco legal s\u00f3lido que brinde \u201cestabilidad institucional y previsibilidad en el tiempo, evitando que pueda verse afectada por cambios de gesti\u00f3n o decisiones circunstanciales\u201d.<\/strong><\/p>\n<p class=\"text-lg\">La propuesta es encabezada por el legislador<strong>\u00a0Roberto Moreno,<\/strong>\u00a0a quien acompa\u00f1aron con sus firmas sus pares\u00a0<strong>Patricia Liz\u00e1rraga, Paula Galv\u00e1n y Roque Arga\u00f1araz<\/strong>. El documento recuerda que esta pol\u00edtica p\u00fablica tuvo su origen en una iniciativa impulsada en la Legislatura por el actual gobernador,\u00a0<strong>Osvaldo Jaldo<\/strong>, cuando presid\u00eda la C\u00e1mara, y que posteriormente se consolid\u00f3 como un programa de alcance provincial bajo la \u00f3rbita del Poder Ejecutivo.<img loading=\"lazy\" decoding=\"async\" class=\"alignnone wp-image-15347 size-full\" src=\"https:\/\/cafeprensa.com.ar\/wp-content\/uploads\/2026\/03\/970x90-1-1.gif\" alt=\"\" width=\"970\" height=\"90\" \/><\/p>\n<p class=\"text-lg\">Sin embargo, los autores advierten que, pese a su impacto positivo, el funcionamiento del beneficio \u201cse encuentra actualmente sustentado principalmente en decisiones administrativas del Poder Ejecutivo Provincial\u201d, situaci\u00f3n que motiva este pedido de institucionalizaci\u00f3n por ley.<\/p>\n<blockquote><p><strong>Caducos<\/strong><\/p><\/blockquote>\n<p class=\"text-lg\">Este nuevo intento de darle rango legal al beneficio se produce tras antecedentes parlamentarios que no prosperaron. Ya en el a\u00f1o 2022, se hab\u00edan elevado a la C\u00e1mara dos proyectos en el mismo sentido \u2014uno de autor\u00eda de referentes peronistas como\u00a0<strong>Dar\u00edo Gonzalo Monteros<\/strong>, actual intendente de La Banda del R\u00edo Sal\u00ed, y otro ideado por el entonces legislador radical\u00a0<strong>Jos\u00e9 Mar\u00eda Canelada<\/strong>\u2014, pero ambos perdieron estado parlamentario al no ser tratados en el recinto. Cabe recordar que el \u00fanico antecedente firme aprobado por la Legislatura data de enero de 2020, cuando se sancion\u00f3 un proyecto de resoluci\u00f3n que manifestaba el benepl\u00e1cito del Cuerpo ante la decisi\u00f3n adoptada en aquel momento por Jaldo de implementar el beneficio.<\/p>\n<p class=\"text-lg\"><strong>El articulado del nuevo proyecto estipula que el BEG comprenda la \u201ccobertura del costo del transporte p\u00fablico de pasajeros para el traslado de los estudiantes entre su domicilio y el establecimiento educativo al que asistan\u201d. Adem\u00e1s, enfatiza que el beneficio debe garantizar \u201ccriterios de igualdad, accesibilidad e inclusi\u00f3n, asegurando su efectivo acceso para estudiantes con discapacidad\u201d. <\/strong><\/p>\n<p class=\"text-lg\">El texto tambi\u00e9n aclara que no se pretende crear un nuevo beneficio ni ampliar el universo de destinatarios, sino \u201creconocer mediante una norma legal una pol\u00edtica p\u00fablica que ya ha demostrado su impacto positivo en la sociedad tucumana\u201d.<\/p>\n<p class=\"text-lg\">.<img loading=\"lazy\" decoding=\"async\" class=\"alignnone size-medium wp-image-15502\" src=\"https:\/\/cafeprensa.com.ar\/wp-content\/uploads\/2026\/03\/SANTA-ANA-TUCUMAN-2-300x135.jpg\" alt=\"\" width=\"300\" height=\"135\" srcset=\"https:\/\/cafeprensa.com.ar\/wp-content\/uploads\/2026\/03\/SANTA-ANA-TUCUMAN-2-300x135.jpg 300w, https:\/\/cafeprensa.com.ar\/wp-content\/uploads\/2026\/03\/SANTA-ANA-TUCUMAN-2-768x347.jpg 768w, https:\/\/cafeprensa.com.ar\/wp-content\/uploads\/2026\/03\/SANTA-ANA-TUCUMAN-2.jpg 780w\" sizes=\"auto, (max-width: 300px) 100vw, 300px\" \/><\/p>\n<p class=\"text-lg\"><strong>Finalmente, los legisladores resaltan el impacto estrat\u00e9gico que la medida tiene en el interior de la provincia, donde el transporte es una \u201ccondici\u00f3n indispensable para garantizar la continuidad de los estudios\u201d. Seg\u00fan el documento, garantizar el acceso al transporte debe interpretarse como una \u201cinversi\u00f3n estrat\u00e9gica en educaci\u00f3n, en desarrollo humano y en el futuro de Tucum\u00e1n\u201d. De aprobarse, la autoridad de aplicaci\u00f3n deber\u00e1 remitir anualmente a la Legislatura un informe detallado sobre la implementaci\u00f3n del programa, incluyendo recursos destinados y alcance territorial.<\/strong><\/p>\n<p><em><strong><span style=\"font-size: 8pt;\">FUENTE:Tendencia de noticias<\/span><\/strong><\/em><\/p>\n<\/div>\n<\/div>\n<\/div>\n<\/div>\n","protected":false},"excerpt":{"rendered":"<p>Parlamentarios peronistas presentaron un proyecto para institucionalizar el beneficio que hoy alcanza a miles de tucumanos, con el fin de otorgarle estabilidad y previsibilidad ante futuros cambios de gesti\u00f3n, garantizando el derecho a la educaci\u00f3n como una inversi\u00f3n estrat\u00e9gica en el desarrollo humano. Un grupo de legisladores del bloque oficialista present\u00f3 un proyecto de ley &hellip;<\/p>\n","protected":false},"author":2,"featured_media":15509,"comment_status":"open","ping_status":"open","sticky":false,"template":"","format":"standard","meta":{"footnotes":""},"categories":[1611,34],"tags":[],"class_list":["post-15508","post","type-post","status-publish","format-standard","has-post-thumbnail","hentry","category-legislatura-de-tucuman","category-locales"],"_links":{"self":[{"href":"https:\/\/cafeprensa.com.ar\/index.php\/wp-json\/wp\/v2\/posts\/15508","targetHints":{"allow":["GET"]}}],"collection":[{"href":"https:\/\/cafeprensa.com.ar\/index.php\/wp-json\/wp\/v2\/posts"}],"about":[{"href":"https:\/\/cafeprensa.com.ar\/index.php\/wp-json\/wp\/v2\/types\/post"}],"author":[{"embeddable":true,"href":"https:\/\/cafeprensa.com.ar\/index.php\/wp-json\/wp\/v2\/users\/2"}],"replies":[{"embeddable":true,"href":"https:\/\/cafeprensa.com.ar\/index.php\/wp-json\/wp\/v2\/comments?post=15508"}],"version-history":[{"count":1,"href":"https:\/\/cafeprensa.com.ar\/index.php\/wp-json\/wp\/v2\/posts\/15508\/revisions"}],"predecessor-version":[{"id":15510,"href":"https:\/\/cafeprensa.com.ar\/index.php\/wp-json\/wp\/v2\/posts\/15508\/revisions\/15510"}],"wp:featuredmedia":[{"embeddable":true,"href":"https:\/\/cafeprensa.com.ar\/index.php\/wp-json\/wp\/v2\/media\/15509"}],"wp:attachment":[{"href":"https:\/\/cafeprensa.com.ar\/index.php\/wp-json\/wp\/v2\/media?parent=15508"}],"wp:term":[{"taxonomy":"category","embeddable":true,"href":"https:\/\/cafeprensa.com.ar\/index.php\/wp-json\/wp\/v2\/categories?post=15508"},{"taxonomy":"post_tag","embeddable":true,"href":"https:\/\/cafeprensa.com.ar\/index.php\/wp-json\/wp\/v2\/tags?post=15508"}],"curies":[{"name":"wp","href":"https:\/\/api.w.org\/{rel}","templated":true}]}}