{"id":15595,"date":"2026-03-26T08:53:05","date_gmt":"2026-03-26T11:53:05","guid":{"rendered":"https:\/\/cafeprensa.com.ar\/?p=15595"},"modified":"2026-03-26T08:53:05","modified_gmt":"2026-03-26T11:53:05","slug":"una-concejal-fue-internada-tras-denunciar-violencia-politica","status":"publish","type":"post","link":"https:\/\/cafeprensa.com.ar\/index.php\/2026\/03\/26\/una-concejal-fue-internada-tras-denunciar-violencia-politica\/","title":{"rendered":"Una concejal fue internada tras denunciar violencia pol\u00edtica"},"content":{"rendered":"<p><span style=\"font-size: 12pt; font-weight: bold;\">En medio de la pol\u00e9mica y a pocas horas de una nueva sesi\u00f3n e el Concejo de Yerba Buena,, la edil fue hallada desvanecida en su casa. <\/span>En un clima de creciente conflicto institucional, <strong>la concejal de Yerba Buena Gabriela Garolera<\/strong> debi\u00f3 ser internada luego de sufrir una descompensaci\u00f3n en su domicilio, a pocas horas de una nueva sesi\u00f3n del Concejo Deliberante y tras haber denunciado a su par <strong>Walter \u201cKabuby\u201d Ar\u00e1oz<\/strong> por presunta violencia pol\u00edtica, institucional y psicol\u00f3gica.<img loading=\"lazy\" decoding=\"async\" class=\"alignnone wp-image-15526 size-large\" src=\"https:\/\/cafeprensa.com.ar\/wp-content\/uploads\/2026\/03\/masias-01-1024x245.png\" alt=\"\" width=\"1024\" height=\"245\" srcset=\"https:\/\/cafeprensa.com.ar\/wp-content\/uploads\/2026\/03\/masias-01-1024x245.png 1024w, https:\/\/cafeprensa.com.ar\/wp-content\/uploads\/2026\/03\/masias-01-300x72.png 300w, https:\/\/cafeprensa.com.ar\/wp-content\/uploads\/2026\/03\/masias-01-768x184.png 768w, https:\/\/cafeprensa.com.ar\/wp-content\/uploads\/2026\/03\/masias-01.png 1440w\" sizes=\"auto, (max-width: 1024px) 100vw, 1024px\" \/><strong>El episodio se produjo alrededor de las 16.30, cuando la edil fue encontrada desvanecida y con signos de haber sufrido un golpe producto de la ca\u00edda. La situaci\u00f3n se enmarca en una serie de denuncias que la propia Garolera viene impulsando por hechos que, seg\u00fan sostiene, incluyen agresiones verbales y un contexto de persecuci\u00f3n dentro del \u00e1mbito legislativo.<\/strong><\/p>\n<div class=\"col-md-12 col-12 col-lg-12 post-content p-lg-2\">\n<div>Desde su entorno difundieron un comunicado en el que se\u00f1alaron que el conflicto alcanz\u00f3 un punto cr\u00edtico tras la presentaci\u00f3n de un proyecto para establecer ex\u00e1menes toxicol\u00f3gicos obligatorios a funcionarios p\u00fablicos. De acuerdo con esa versi\u00f3n, la iniciativa \u2014que tuvo amplia repercusi\u00f3n\u2014 habr\u00eda generado fuertes reacciones en el recinto deliberativo.<\/div>\n<div><b>La concejal asegur\u00f3 que las tensiones con Ar\u00e1oz no son recientes, sino que se remontan a septiembre del a\u00f1o pasado, en el marco del tratamiento del C\u00f3digo de Ordenamiento Urbano. En ese sentido, denunci\u00f3 pr\u00e1cticas intimidatorias en el \u00e1mbito legislativo: \u201cEst\u00e1 acostumbrado a llevar patotas a las sesiones para agredir a los que no piensan como \u00e9l\u201d, afirm\u00f3.<img loading=\"lazy\" decoding=\"async\" class=\"alignnone wp-image-15502 size-full\" src=\"https:\/\/cafeprensa.com.ar\/wp-content\/uploads\/2026\/03\/SANTA-ANA-TUCUMAN-2.jpg\" alt=\"\" width=\"780\" height=\"352\" srcset=\"https:\/\/cafeprensa.com.ar\/wp-content\/uploads\/2026\/03\/SANTA-ANA-TUCUMAN-2.jpg 780w, https:\/\/cafeprensa.com.ar\/wp-content\/uploads\/2026\/03\/SANTA-ANA-TUCUMAN-2-300x135.jpg 300w, https:\/\/cafeprensa.com.ar\/wp-content\/uploads\/2026\/03\/SANTA-ANA-TUCUMAN-2-768x347.jpg 768w\" sizes=\"auto, (max-width: 780px) 100vw, 780px\" \/><\/b><\/div>\n<div>Garolera tambi\u00e9n cuestion\u00f3 el tratamiento que recibi\u00f3 su proyecto en la <strong>Comisi\u00f3n de Salud, presidida por Mar\u00eda Decoud e integrada, entre otros, por el propio Ar\u00e1oz y \u00c1lvaro Apud. <\/strong><\/div>\n<div>Seg\u00fan indic\u00f3, la iniciativa fue bloqueada en ese \u00e1mbito. Adem\u00e1s, denunci\u00f3 descalificaciones personales durante el debate:<strong> \u201cMe gritan traidora, me ningunean, me dicen que no s\u00e9 sumar ni leer, pero estoy pr\u00f3xima a recibirme de procuradora. Es raro, pero con los concejales varones no se mete\u201d,<\/strong> expres\u00f3.<\/div>\n<div>Tras formalizar la denuncia el viernes, la edil, junto a su equipo legal, solicit\u00f3 a la Justicia una restricci\u00f3n de acercamiento contra Ar\u00e1oz, en la antesala de la sesi\u00f3n prevista para este jueves a las 9.30. En ese contexto, trascendi\u00f3 que el proyecto de ex\u00e1menes toxicol\u00f3gicos no ser\u00e1 tratado en esa jornada por falta de dict\u00e1menes.<img loading=\"lazy\" decoding=\"async\" class=\"alignnone wp-image-15522 size-full\" src=\"https:\/\/cafeprensa.com.ar\/wp-content\/uploads\/2026\/03\/Loteo-las-pircas.jpg\" alt=\"\" width=\"970\" height=\"90\" srcset=\"https:\/\/cafeprensa.com.ar\/wp-content\/uploads\/2026\/03\/Loteo-las-pircas.jpg 970w, https:\/\/cafeprensa.com.ar\/wp-content\/uploads\/2026\/03\/Loteo-las-pircas-300x28.jpg 300w, https:\/\/cafeprensa.com.ar\/wp-content\/uploads\/2026\/03\/Loteo-las-pircas-768x71.jpg 768w\" sizes=\"auto, (max-width: 970px) 100vw, 970px\" \/><\/div>\n<div>Actualmente, Garolera permanece internada en un sanatorio del microcentro, a la espera de una resoluci\u00f3n judicial sobre la medida solicitada. <strong>\u201cEs dif\u00edcil poder trabajar en este \u00e1mbito. Siento miedo. La perimetral de la Justicia deber\u00eda haber salido antes y no esperar a estos resultados\u201d<\/strong>, manifest\u00f3 la concejala, en medio de un conflicto que expone fuertes tensiones dentro del cuerpo deliberativo.<\/div>\n<\/div>\n","protected":false},"excerpt":{"rendered":"<p>En medio de la pol\u00e9mica y a pocas horas de una nueva sesi\u00f3n e el Concejo de Yerba Buena,, la edil fue hallada desvanecida en su casa. En un clima de creciente conflicto institucional, la concejal de Yerba Buena Gabriela Garolera debi\u00f3 ser internada luego de sufrir una descompensaci\u00f3n en su domicilio, a pocas horas &hellip;<\/p>\n","protected":false},"author":2,"featured_media":15596,"comment_status":"open","ping_status":"open","sticky":false,"template":"","format":"standard","meta":{"footnotes":""},"categories":[1707,34],"tags":[645,3131],"class_list":["post-15595","post","type-post","status-publish","format-standard","has-post-thumbnail","hentry","category-concejales-de-tucuman","category-locales","tag-concejales","tag-yerbe-buena"],"_links":{"self":[{"href":"https:\/\/cafeprensa.com.ar\/index.php\/wp-json\/wp\/v2\/posts\/15595","targetHints":{"allow":["GET"]}}],"collection":[{"href":"https:\/\/cafeprensa.com.ar\/index.php\/wp-json\/wp\/v2\/posts"}],"about":[{"href":"https:\/\/cafeprensa.com.ar\/index.php\/wp-json\/wp\/v2\/types\/post"}],"author":[{"embeddable":true,"href":"https:\/\/cafeprensa.com.ar\/index.php\/wp-json\/wp\/v2\/users\/2"}],"replies":[{"embeddable":true,"href":"https:\/\/cafeprensa.com.ar\/index.php\/wp-json\/wp\/v2\/comments?post=15595"}],"version-history":[{"count":1,"href":"https:\/\/cafeprensa.com.ar\/index.php\/wp-json\/wp\/v2\/posts\/15595\/revisions"}],"predecessor-version":[{"id":15597,"href":"https:\/\/cafeprensa.com.ar\/index.php\/wp-json\/wp\/v2\/posts\/15595\/revisions\/15597"}],"wp:featuredmedia":[{"embeddable":true,"href":"https:\/\/cafeprensa.com.ar\/index.php\/wp-json\/wp\/v2\/media\/15596"}],"wp:attachment":[{"href":"https:\/\/cafeprensa.com.ar\/index.php\/wp-json\/wp\/v2\/media?parent=15595"}],"wp:term":[{"taxonomy":"category","embeddable":true,"href":"https:\/\/cafeprensa.com.ar\/index.php\/wp-json\/wp\/v2\/categories?post=15595"},{"taxonomy":"post_tag","embeddable":true,"href":"https:\/\/cafeprensa.com.ar\/index.php\/wp-json\/wp\/v2\/tags?post=15595"}],"curies":[{"name":"wp","href":"https:\/\/api.w.org\/{rel}","templated":true}]}}