{"id":1562,"date":"2024-03-05T22:53:58","date_gmt":"2024-03-05T21:53:58","guid":{"rendered":"https:\/\/cafeprensa.com.ar\/?p=1562"},"modified":"2024-03-05T22:54:57","modified_gmt":"2024-03-05T21:54:57","slug":"san-miguel-de-tucuman-es-la-ciudad-con-mas-maleducados-de-argentina","status":"publish","type":"post","link":"https:\/\/cafeprensa.com.ar\/index.php\/2024\/03\/05\/san-miguel-de-tucuman-es-la-ciudad-con-mas-maleducados-de-argentina\/","title":{"rendered":"San Miguel de Tucum\u00e1n es la ciudad con m\u00e1s \u00abmaleducados\u00bb de Argentina"},"content":{"rendered":"<div class=\"pull-left col-md-6 fotos-containers\">\n<div id=\"aswift_2_host\" tabindex=\"0\" title=\"Advertisement\" aria-label=\"Advertisement\"><b style=\"background-color: #ffffff;\">La reciente investigaci\u00f3n sobre comportamientos ciudadanos, titulada \u00abEstudio: Ciudades Maleducadas\u00bb, revel\u00f3 una preocupante tendencia en las principales urbes argentinas. Entre las localidades evaluadas, San Miguel de Tucum\u00e1n emerge como la m\u00e1s afectada por \u00abactitudes maleducadas\u00bb.<\/b><\/div>\n<\/div>\n<div>Las tres ciudades m\u00e1s maleducadas del pa\u00eds, seg\u00fan las respuestas de sus habitantes, son la capital tucumana, Resistencia (Chaco) y La Plata (La Plata), en ese orden, porque se encuentran por sobre la media del pa\u00eds (6.91) y cada una obtuvo una puntuaci\u00f3n de 7.20, 6.93 y 6.89, respectivamente.<\/div>\n<div>Este estudio, realizado en colaboraci\u00f3n con<b>\u00a0Preply, plataforma de aprendizaje online,<\/b>\u00a0subraya la importancia de promover una cultura de convivencia y civismo en todas las ciudades argentinas. Afirman: solo mediante el reconocimiento de nuestros errores y un esfuerzo conjunto por mejorar podremos construir comunidades m\u00e1s respetuosas y armoniosas para todos sus habitantes.Los resultados, obtenidos a trav\u00e9s de encuestas a residentes locales, arrojan una mirada cr\u00edtica sobre las pr\u00e1cticas cotidianas en estas ciudades. Los comportamientos m\u00e1s reprobables incluyen la negligencia en la limpieza de espacios p\u00fablicos, especialmente en lo referente a la recolecci\u00f3n de desechos caninos y la disposici\u00f3n de basura en v\u00edas transitadas.<br \/>\nSan Miguel de Tucum\u00e1n, la ciudad argentina con mayor cantidad de maleducados, seg\u00fan un estudio privado<\/div>\n<div>En el estudio, San Miguel de Tucum\u00e1n se distingue por encabezar la lista de comportamientos maleducados, con una puntuaci\u00f3n destacada. Desde no levantar las necesidades de sus mascotas hasta obstruir el tr\u00e1fico con veh\u00edculos mal estacionados, la ciudad se encuentra inmersa en una din\u00e1mica de incivilidad que afecta la calidad de vida de sus habitantes.<\/div>\n<div><\/div>\n<div><img decoding=\"async\" src=\"https:\/\/img.lagaceta.com.ar\/fotos\/notas\/2024\/03\/05\/san-miguel-tucuman-ciudad-argentina-mayor-cantidad-maleducados-segun-estudio-privado-1026394-143032.png\" alt=\"San Miguel de Tucum\u00e1n, la ciudad argentina con mayor cantidad de maleducados, seg\u00fan un estudio privado\" \/><\/div>\n<div><\/div>\n<p>Entre las actitudes menos comunes, se destaca el respeto por normas de tr\u00e1fico y la cortes\u00eda en el transporte p\u00fablico. Sin embargo, estos puntos positivos quedan opacados por la prevalencia de conductas irrespetuosas, como la falta de consideraci\u00f3n hacia el personal de servicio.<\/p>\n<p>Seg\u00fan el estudio, de de los 12 comportamientos analizados, los menos frecuentes son escuchar m\u00fasica sin auriculares en p\u00fablico y colarse en filas (ya sea peatonal o con auto) con un ranking de 6.21. Y al final aparece ser grosero con el personal de servicio, con 5.83, como el comportamiento menos habitual en los argentinos.<br \/>\nPor otro lado, Juan Mart\u00edn de Pueyrred\u00f3n, en San Luis, se erige como un oasis de cortes\u00eda en medio de este panorama desalentador. Con una puntuaci\u00f3n ejemplar, esta ciudad lidera el ranking como la m\u00e1s educada del pa\u00eds, seguida de cerca por otras localidades que demuestran un mayor compromiso con la convivencia c\u00edvica.<\/p>\n<div>Si bien estos hallazgos evidencian disparidades entre las distintas ciudades argentinas, es importante reconocer que la mayor\u00eda de los ciudadanos muestran un nivel aceptable de educaci\u00f3n en p\u00fablico. La media nacional, si bien perfectible, refleja un compromiso generalizado con el respeto y la cortes\u00eda en la vida cotidiana.<\/div>\n","protected":false},"excerpt":{"rendered":"<p>La reciente investigaci\u00f3n sobre comportamientos ciudadanos, titulada \u00abEstudio: Ciudades Maleducadas\u00bb, revel\u00f3 una preocupante tendencia en las principales urbes argentinas. Entre las localidades evaluadas, San Miguel de Tucum\u00e1n emerge como la m\u00e1s afectada por \u00abactitudes maleducadas\u00bb. Las tres ciudades m\u00e1s maleducadas del pa\u00eds, seg\u00fan las respuestas de sus habitantes, son la capital tucumana, Resistencia (Chaco) y &hellip;<\/p>\n","protected":false},"author":2,"featured_media":1563,"comment_status":"open","ping_status":"open","sticky":false,"template":"","format":"standard","meta":{"footnotes":""},"categories":[54,37],"tags":[233,160],"class_list":["post-1562","post","type-post","status-publish","format-standard","has-post-thumbnail","hentry","category-interes-ganeral","category-san-miguel-de-tucuman","tag-maleducados","tag-tucuman"],"_links":{"self":[{"href":"https:\/\/cafeprensa.com.ar\/index.php\/wp-json\/wp\/v2\/posts\/1562","targetHints":{"allow":["GET"]}}],"collection":[{"href":"https:\/\/cafeprensa.com.ar\/index.php\/wp-json\/wp\/v2\/posts"}],"about":[{"href":"https:\/\/cafeprensa.com.ar\/index.php\/wp-json\/wp\/v2\/types\/post"}],"author":[{"embeddable":true,"href":"https:\/\/cafeprensa.com.ar\/index.php\/wp-json\/wp\/v2\/users\/2"}],"replies":[{"embeddable":true,"href":"https:\/\/cafeprensa.com.ar\/index.php\/wp-json\/wp\/v2\/comments?post=1562"}],"version-history":[{"count":2,"href":"https:\/\/cafeprensa.com.ar\/index.php\/wp-json\/wp\/v2\/posts\/1562\/revisions"}],"predecessor-version":[{"id":1565,"href":"https:\/\/cafeprensa.com.ar\/index.php\/wp-json\/wp\/v2\/posts\/1562\/revisions\/1565"}],"wp:featuredmedia":[{"embeddable":true,"href":"https:\/\/cafeprensa.com.ar\/index.php\/wp-json\/wp\/v2\/media\/1563"}],"wp:attachment":[{"href":"https:\/\/cafeprensa.com.ar\/index.php\/wp-json\/wp\/v2\/media?parent=1562"}],"wp:term":[{"taxonomy":"category","embeddable":true,"href":"https:\/\/cafeprensa.com.ar\/index.php\/wp-json\/wp\/v2\/categories?post=1562"},{"taxonomy":"post_tag","embeddable":true,"href":"https:\/\/cafeprensa.com.ar\/index.php\/wp-json\/wp\/v2\/tags?post=1562"}],"curies":[{"name":"wp","href":"https:\/\/api.w.org\/{rel}","templated":true}]}}