{"id":15670,"date":"2026-03-28T20:29:02","date_gmt":"2026-03-28T23:29:02","guid":{"rendered":"https:\/\/cafeprensa.com.ar\/?p=15670"},"modified":"2026-03-28T20:44:28","modified_gmt":"2026-03-28T23:44:28","slug":"campero-apunta-a-ser-la-cara-de-javier-milei-en-tucuman-desplazando-a-catalan","status":"publish","type":"post","link":"https:\/\/cafeprensa.com.ar\/index.php\/2026\/03\/28\/campero-apunta-a-ser-la-cara-de-javier-milei-en-tucuman-desplazando-a-catalan\/","title":{"rendered":"Campero apunta a ser la cara de Javier Milei en Tucum\u00e1n desplazando a Catal\u00e1n"},"content":{"rendered":"<p><b>Mariano Campero<\/b>\u00a0empez\u00f3 a mostrar con m\u00e1s claridad cu\u00e1l es su objetivo pol\u00edtico:\u00a0<strong data-start=\"199\" data-end=\"273\">quedarse con la representaci\u00f3n m\u00e1s fuerte del mile\u00edsmo en Tucum\u00e1n\u00a0<\/strong>y transformarse en la figura opositora con mayor volumen para disputar el poder. No lo hace desde adentro de La Libertad Avanza, sino\u00a0<strong data-start=\"414\" data-end=\"438\">por afuera del sello<\/strong>, pero cerca del n\u00facleo pol\u00edtico del oficialismo nacional, con un respaldo importante:\u00a0<strong data-start=\"591\" data-end=\"626\">el impulso de Patricia Bullrich<\/strong>.<img loading=\"lazy\" decoding=\"async\" class=\"alignnone wp-image-15522 size-full\" src=\"https:\/\/cafeprensa.com.ar\/wp-content\/uploads\/2026\/03\/Loteo-las-pircas.jpg\" alt=\"\" width=\"970\" height=\"90\" srcset=\"https:\/\/cafeprensa.com.ar\/wp-content\/uploads\/2026\/03\/Loteo-las-pircas.jpg 970w, https:\/\/cafeprensa.com.ar\/wp-content\/uploads\/2026\/03\/Loteo-las-pircas-300x28.jpg 300w, https:\/\/cafeprensa.com.ar\/wp-content\/uploads\/2026\/03\/Loteo-las-pircas-768x71.jpg 768w\" sizes=\"auto, (max-width: 970px) 100vw, 970px\" \/><\/p>\n<div class=\"col-md-12 col-12 col-lg-12 post-content p-lg-2\">\n<p data-start=\"629\" data-end=\"1194\">Campero entiende que en Tucum\u00e1n hay un electorado muy amplio que acompa\u00f1a a Javier Milei, pero que todav\u00eda\u00a0<strong data-start=\"782\" data-end=\"882\">no encontr\u00f3 una referencia local consolidada, competitiva y con verdadera estructura territorial<\/strong>. Y ah\u00ed es donde intenta meterse. Su objetivo no es ser un dirigente libertario m\u00e1s ni un aliado legislativo ocasional de la Casa Rosada. Su apuesta es m\u00e1s grande:\u00a0<strong data-start=\"1046\" data-end=\"1097\">quiere ser la cara pol\u00edtica de Milei en Tucum\u00e1n<\/strong>, aunque para eso tenga que avanzar por afuera de la estructura que hoy conduce Lisandro Catal\u00e1n.<\/p>\n<p data-start=\"1196\" data-end=\"1520\">Campero no discute solo un espacio interno ni un lugar de pertenencia dentro del universo libertario. Lo que intenta es\u00a0<strong data-start=\"1349\" data-end=\"1434\">desplazar pol\u00edticamente a Catal\u00e1n como principal referencia del mile\u00edsmo tucumano<\/strong>\u00a0y ocupar ese lugar con una construcci\u00f3n propia, m\u00e1s amplia y\u00a0<b>con el anclaje territorial que hoy LLA no tiene en la provincia.<img loading=\"lazy\" decoding=\"async\" class=\"alignnone wp-image-15350 size-full\" src=\"https:\/\/cafeprensa.com.ar\/wp-content\/uploads\/2026\/03\/970x250-4-1.gif\" alt=\"\" width=\"970\" height=\"250\" \/><\/b><\/p>\n<p data-start=\"1522\" data-end=\"1896\">Campero se aline\u00f3 de manera consistente con el Gobierno nacional, se incorpor\u00f3 al bloque de La Libertad Avanza en Diputados y empez\u00f3 a ordenar una red pol\u00edtica en Tucum\u00e1n que no responde al armado partidario formal de LLA. Es decir, juega con Milei, pero\u00a0<strong data-start=\"1815\" data-end=\"1857\">no bajo la conducci\u00f3n libertaria local<\/strong>.<\/p>\n<p data-start=\"1898\" data-end=\"2390\"><strong>A diferencia de otros dirigentes que intentan crecer solo por cercan\u00eda discursiva con el Presidente, Campero tiene algunos activos concretos que lo vuelven m\u00e1s competitivo. Fue dos veces intendente de Yerba Buena, conserva influencia pol\u00edtica en uno de los distritos m\u00e1s importantes del Gran Tucum\u00e1n y mantiene v\u00ednculos con sectores de la oposici\u00f3n que hoy se sienten identificados con el rumbo nacional, pero que no necesariamente se sienten contenidos dentro de La Libertad Avanza tucumana.<img loading=\"lazy\" decoding=\"async\" class=\"alignnone wp-image-15674 size-large\" src=\"https:\/\/cafeprensa.com.ar\/wp-content\/uploads\/2026\/03\/cropped-portada-Norte-Noticias-FINAL-1024x167.webp\" alt=\"\" width=\"1024\" height=\"167\" srcset=\"https:\/\/cafeprensa.com.ar\/wp-content\/uploads\/2026\/03\/cropped-portada-Norte-Noticias-FINAL-1024x167.webp 1024w, https:\/\/cafeprensa.com.ar\/wp-content\/uploads\/2026\/03\/cropped-portada-Norte-Noticias-FINAL-300x49.webp 300w, https:\/\/cafeprensa.com.ar\/wp-content\/uploads\/2026\/03\/cropped-portada-Norte-Noticias-FINAL-768x126.webp 768w, https:\/\/cafeprensa.com.ar\/wp-content\/uploads\/2026\/03\/cropped-portada-Norte-Noticias-FINAL.webp 1468w\" sizes=\"auto, (max-width: 1024px) 100vw, 1024px\" \/><\/strong><\/p>\n<p data-start=\"2392\" data-end=\"2683\">Esa base le permite construir algo que otros todav\u00eda no tienen:\u00a0<strong data-start=\"2456\" data-end=\"2483\">volumen pol\u00edtico propio<\/strong>. Y ese volumen es el que intenta transformar en una herramienta provincial, con una meta de fondo cada vez m\u00e1s visible:\u00a0<strong data-start=\"2604\" data-end=\"2647\">ser la opci\u00f3n opositora a Osvaldo Jaldo<\/strong>\u00a0en el pr\u00f3ximo turno electoral.<\/p>\n<p data-start=\"2392\" data-end=\"2683\"><img decoding=\"async\" class=\"img-responsive\" src=\"https:\/\/tucumandespierta.com\/wp-content\/uploads\/2025\/07\/Mariano-Campero-nego-haberse-sacado-la-peluca-y-aseguro-que-seguira-acompanando-a-Milei-en-el-Congreso-1536x864.webp\" width=\"700\" \/><\/p>\n<p data-start=\"2685\" data-end=\"3259\">En ese camino, el rol de Patricia Bullrich no es accesorio. La ministra de Seguridad se convirti\u00f3 en una de las dirigentes con mayor peso dentro del oficialismo nacional y su figura conserva una gravitaci\u00f3n especial entre votantes duros del cambio, del orden y del antiperonismo. En provincias como Tucum\u00e1n, donde la pol\u00edtica sigue teniendo una fuerte l\u00f3gica territorial,\u00a0<strong data-start=\"3057\" data-end=\"3163\">el respaldo o la cercan\u00eda de una figura nacional con peso propio puede inclinar construcciones enteras<\/strong>. Y Bullrich parece haber encontrado en Campero un dirigente con el perfil adecuado para crecer.<\/p>\n<p data-start=\"3261\" data-end=\"3686\"><strong>La afinidad no es solo pol\u00edtica, sino tambi\u00e9n de estilo. Campero intenta proyectar una imagen de dirigente firme, confrontativo con el peronismo, identificado con la agenda nacional y dispuesto a encarnar una oposici\u00f3n m\u00e1s dura al oficialismo tucumano. Ese perfil lo emparenta mucho m\u00e1s con el universo de Bullrich que con otros actores del mile\u00edsmo local.<img loading=\"lazy\" decoding=\"async\" class=\"alignnone wp-image-15110 size-full\" src=\"https:\/\/cafeprensa.com.ar\/wp-content\/uploads\/2026\/03\/8_260108111211-1.gif\" alt=\"\" width=\"970\" height=\"90\" \/><\/strong><\/p>\n<p data-start=\"3688\" data-end=\"4112\">Esa diferencia es la que empieza a dejar en una posici\u00f3n inc\u00f3moda a Catal\u00e1n. El actual referente formal de La Libertad Avanza en Tucum\u00e1n conserva el control institucional del espacio, pero hasta ahora\u00a0<strong data-start=\"3889\" data-end=\"4001\">no logr\u00f3 consolidarse como el dirigente que sintetice de manera indiscutida el voto de Milei en la provincia<\/strong>. Tiene el partido, pero no necesariamente la centralidad pol\u00edtica. Y ese vac\u00edo es el que Campero busca ocupar.<\/p>\n<p data-start=\"4114\" data-end=\"4482\">La discusi\u00f3n, entonces, ya no es solo partidaria. Lo que est\u00e1 en juego es qui\u00e9n puede mostrar m\u00e1s condiciones reales para representar al electorado libertario y opositor en Tucum\u00e1n. Y en esa pelea, Campero intenta instalar una ventaja concreta:\u00a0<strong data-start=\"4359\" data-end=\"4481\">tener m\u00e1s estructura, m\u00e1s conocimiento del territorio y m\u00e1s capacidad de expansi\u00f3n que la conducci\u00f3n libertaria actual<\/strong>.<\/p>\n<p data-start=\"4484\" data-end=\"4948\">La reciente visita de Javier Milei a Tucum\u00e1n tambi\u00e9n dej\u00f3 un dato funcional a esa estrategia. Milei remarc\u00f3 con gestos su relaci\u00f3n dialoguista con el gobernador, al tiempo que\u00a0<strong data-start=\"4692\" data-end=\"4848\">no dej\u00f3 una validaci\u00f3n contundente de Catal\u00e1n como jefe pol\u00edtico del espacio en la provincia, ni hizo referencia alguna a las disputas de los libertarios tucumanos con Jaldo<\/strong>. Esa ausencia de se\u00f1al termin\u00f3 dejando abierta la disputa por la representaci\u00f3n local del mile\u00edsmo.<\/p>\n<p data-start=\"4950\" data-end=\"5027\">Campero ley\u00f3 esa ventana.<\/p>\n<p data-start=\"4950\" data-end=\"5027\"><img decoding=\"async\" class=\"img-responsive\" src=\"https:\/\/scontent.ftuc4-1.fna.fbcdn.net\/v\/t39.30808-6\/653349220_882811381419885_4802735493476436512_n.jpg?_nc_cat=109&amp;ccb=1-7&amp;_nc_sid=13d280&amp;_nc_eui2=AeFsNCVAgrXrNAZ3wLPIDmkW8gVjN4kLFgTyBWM3iQsWBByZ4YWdltUZifac730V1UKtwLsDkBb0vnMT03DYnUbh&amp;_nc_ohc=ggBn_DpE0hYQ7kNvwFKLfNu&amp;_nc_oc=AdokBUUug0ih-sQ2_GPD-7zRDqk9i3m84qPaWhfxNdepGNKs3W5SdGQ6ry6T_mKZJEe-YMijsUqEtLRGdt_os2ol&amp;_nc_zt=23&amp;_nc_ht=scontent.ftuc4-1.fna&amp;_nc_gid=BHGAiKYlJThBaK6RKkc9jQ&amp;_nc_ss=7a32e&amp;oh=00_Afxb0LFCM_6vySWwH1FtZ1KUiJnV15__3OGIh4-d7YUesw&amp;oe=69CDB5E8\" width=\"700\" \/><\/p>\n<p data-start=\"4950\" data-end=\"5027\"><span style=\"font-size: 8pt;\"><strong><i>Campero junto a Bullrich, el 19 de marzo \u00faltimo, durante la visita de Milei a Tucum\u00e1n.<\/i><\/strong><\/span><\/p>\n<p data-start=\"4950\" data-end=\"5027\">No busca disputar un sello para adentro. Busca\u00a0<strong data-start=\"5096\" data-end=\"5216\">convertirse en el dirigente que exprese pol\u00edticamente a Milei en Tucum\u00e1n con capacidad real de competir por el poder<\/strong>. En otras palabras, no quiere ser un delegado del oficialismo nacional ni un socio perif\u00e9rico del mile\u00edsmo. Quiere ser\u00a0<strong data-start=\"5336\" data-end=\"5363\">su principal cara local<\/strong>.<\/p>\n<p data-start=\"5366\" data-end=\"5774\">Por eso su construcci\u00f3n no apunta solo a la interna opositora ni a la pelea con Catal\u00e1n. Esa disputa existe, pero es parte de una estrategia m\u00e1s amplia. El objetivo de fondo es posicionarse como\u00a0<strong data-start=\"5561\" data-end=\"5631\">el dirigente que pueda encarnar una alternativa fuerte al jaldismo<\/strong>, captando al votante libertario, al antiperonismo cl\u00e1sico y a una parte importante de la oposici\u00f3n no peronista que hoy todav\u00eda est\u00e1 dispersa.<\/p>\n<p data-start=\"5776\" data-end=\"6013\">Con ese esquema, Campero empieza a dejar un mensaje bastante claro en la pol\u00edtica tucumana:\u00a0<strong data-start=\"5868\" data-end=\"5967\">el mile\u00edsmo en la provincia no est\u00e1 cerrado, ni monopolizado por La Libertad Avanza<\/strong>. Y \u00e9l quiere ser quien capitalice esa fisura.<\/p>\n<p data-start=\"6015\" data-end=\"6423\"><strong>Si lo logra o no, depender\u00e1 de varias cosas: del peso que conserve Milei en Tucum\u00e1n, de cu\u00e1nto decida involucrarse Bullrich en la construcci\u00f3n local y de si Campero consigue transformar su estructura territorial en una referencia opositora verdaderamente provincial.\u00a0<\/strong><\/p>\n<\/div>\n","protected":false},"excerpt":{"rendered":"<p>Mariano Campero\u00a0empez\u00f3 a mostrar con m\u00e1s claridad cu\u00e1l es su objetivo pol\u00edtico:\u00a0quedarse con la representaci\u00f3n m\u00e1s fuerte del mile\u00edsmo en Tucum\u00e1n\u00a0y transformarse en la figura opositora con mayor volumen para disputar el poder. No lo hace desde adentro de La Libertad Avanza, sino\u00a0por afuera del sello, pero cerca del n\u00facleo pol\u00edtico del oficialismo nacional, con &hellip;<\/p>\n","protected":false},"author":2,"featured_media":15671,"comment_status":"open","ping_status":"open","sticky":false,"template":"","format":"standard","meta":{"footnotes":""},"categories":[34,25],"tags":[1034,1804,438],"class_list":["post-15670","post","type-post","status-publish","format-standard","has-post-thumbnail","hentry","category-locales","category-politica","tag-campero","tag-catalan","tag-patricia-bullrich"],"_links":{"self":[{"href":"https:\/\/cafeprensa.com.ar\/index.php\/wp-json\/wp\/v2\/posts\/15670","targetHints":{"allow":["GET"]}}],"collection":[{"href":"https:\/\/cafeprensa.com.ar\/index.php\/wp-json\/wp\/v2\/posts"}],"about":[{"href":"https:\/\/cafeprensa.com.ar\/index.php\/wp-json\/wp\/v2\/types\/post"}],"author":[{"embeddable":true,"href":"https:\/\/cafeprensa.com.ar\/index.php\/wp-json\/wp\/v2\/users\/2"}],"replies":[{"embeddable":true,"href":"https:\/\/cafeprensa.com.ar\/index.php\/wp-json\/wp\/v2\/comments?post=15670"}],"version-history":[{"count":2,"href":"https:\/\/cafeprensa.com.ar\/index.php\/wp-json\/wp\/v2\/posts\/15670\/revisions"}],"predecessor-version":[{"id":15675,"href":"https:\/\/cafeprensa.com.ar\/index.php\/wp-json\/wp\/v2\/posts\/15670\/revisions\/15675"}],"wp:featuredmedia":[{"embeddable":true,"href":"https:\/\/cafeprensa.com.ar\/index.php\/wp-json\/wp\/v2\/media\/15671"}],"wp:attachment":[{"href":"https:\/\/cafeprensa.com.ar\/index.php\/wp-json\/wp\/v2\/media?parent=15670"}],"wp:term":[{"taxonomy":"category","embeddable":true,"href":"https:\/\/cafeprensa.com.ar\/index.php\/wp-json\/wp\/v2\/categories?post=15670"},{"taxonomy":"post_tag","embeddable":true,"href":"https:\/\/cafeprensa.com.ar\/index.php\/wp-json\/wp\/v2\/tags?post=15670"}],"curies":[{"name":"wp","href":"https:\/\/api.w.org\/{rel}","templated":true}]}}