{"id":15697,"date":"2026-03-30T07:31:46","date_gmt":"2026-03-30T10:31:46","guid":{"rendered":"https:\/\/cafeprensa.com.ar\/?p=15697"},"modified":"2026-03-30T07:31:46","modified_gmt":"2026-03-30T10:31:46","slug":"como-fue-la-caida-de-la-alumna-y-el-gesto-humano-del-chofer","status":"publish","type":"post","link":"https:\/\/cafeprensa.com.ar\/index.php\/2026\/03\/30\/como-fue-la-caida-de-la-alumna-y-el-gesto-humano-del-chofer\/","title":{"rendered":"C\u00f3mo fue la ca\u00edda de la alumna y el gesto humano del chofer."},"content":{"rendered":"<div class=\"separator\">\n<div class=\"separator\"><span style=\"font-size: 12pt;\"><strong>Golpe en la cabeza y horas de observaci\u00f3n:\u00a0<\/strong><\/span><\/div>\n<\/div>\n<p>El caso que sacudi\u00f3 a la comunidad educativa suma detalles que permiten comprender la gravedad de lo ocurrido. La alumna que cay\u00f3 de un colectivo de la empresa\u00a0<em><b>T.A. Agua Dulce S.R.L.<\/b><\/em>\u00a0no solo sufri\u00f3 golpes propios de una ca\u00edda, sino tambi\u00e9n\u00a0<strong>un fuerte golpe en la cabeza contra una piedra<\/strong>, lo que deriv\u00f3 en un cuadro de descompensaci\u00f3n y oblig\u00f3 a mantenerla en observaci\u00f3n m\u00e9dica durante varias horas. <img loading=\"lazy\" decoding=\"async\" class=\"alignnone wp-image-15692 size-full\" src=\"https:\/\/cafeprensa.com.ar\/wp-content\/uploads\/2026\/03\/Loteo-las-pircas-1.jpg\" alt=\"\" width=\"970\" height=\"90\" srcset=\"https:\/\/cafeprensa.com.ar\/wp-content\/uploads\/2026\/03\/Loteo-las-pircas-1.jpg 970w, https:\/\/cafeprensa.com.ar\/wp-content\/uploads\/2026\/03\/Loteo-las-pircas-1-300x28.jpg 300w, https:\/\/cafeprensa.com.ar\/wp-content\/uploads\/2026\/03\/Loteo-las-pircas-1-768x71.jpg 768w\" sizes=\"auto, (max-width: 970px) 100vw, 970px\" \/><\/p>\n<p>La unidad de transporte presentaba una falla mec\u00e1nica que le imped\u00eda retomar la marcha si se deten\u00eda por completo. Seg\u00fan relataron los propios estudiantes, la orden habr\u00eda sido clara: continuar el recorrido \u201ccomo sea\u201d.<img loading=\"lazy\" decoding=\"async\" class=\"alignnone wp-image-15615 size-full\" src=\"https:\/\/cafeprensa.com.ar\/wp-content\/uploads\/2026\/03\/1000346096.png\" alt=\"\" width=\"320\" height=\"213\" srcset=\"https:\/\/cafeprensa.com.ar\/wp-content\/uploads\/2026\/03\/1000346096.png 320w, https:\/\/cafeprensa.com.ar\/wp-content\/uploads\/2026\/03\/1000346096-300x200.png 300w\" sizes=\"auto, (max-width: 320px) 100vw, 320px\" \/><\/p>\n<p><span style=\"font-size: 14pt;\"><strong>Los factores que desencadenaron la ca\u00edda<\/strong><\/span><\/p>\n<p>La combinaci\u00f3n de elementos fue determinante:<\/p>\n<ul>\n<li>Un colectivo con fallas mec\u00e1nicas<\/li>\n<li>La imposibilidad de detenerse<\/li>\n<li>Una\u00a0<strong>calle de tierra con superficie irregular<\/strong><\/li>\n<li>Y la decisi\u00f3n de hacer descender a los alumnos\u00a0<strong>con el veh\u00edculo en movimiento. <img loading=\"lazy\" decoding=\"async\" class=\"alignnone wp-image-15687 size-large\" src=\"https:\/\/cafeprensa.com.ar\/wp-content\/uploads\/2026\/03\/655454451_1351226433708218_7599175584347977023_n-1024x110.jpg\" alt=\"\" width=\"1024\" height=\"110\" srcset=\"https:\/\/cafeprensa.com.ar\/wp-content\/uploads\/2026\/03\/655454451_1351226433708218_7599175584347977023_n-1024x110.jpg 1024w, https:\/\/cafeprensa.com.ar\/wp-content\/uploads\/2026\/03\/655454451_1351226433708218_7599175584347977023_n-300x32.jpg 300w, https:\/\/cafeprensa.com.ar\/wp-content\/uploads\/2026\/03\/655454451_1351226433708218_7599175584347977023_n-768x82.jpg 768w, https:\/\/cafeprensa.com.ar\/wp-content\/uploads\/2026\/03\/655454451_1351226433708218_7599175584347977023_n-1536x164.jpg 1536w, https:\/\/cafeprensa.com.ar\/wp-content\/uploads\/2026\/03\/655454451_1351226433708218_7599175584347977023_n.jpg 2048w\" sizes=\"auto, (max-width: 1024px) 100vw, 1024px\" \/><\/strong><\/li>\n<\/ul>\n<p>En ese contexto, la ni\u00f1a perdi\u00f3 la estabilidad al bajar. La ca\u00edda fue violenta:\u00a0<strong>se rasp\u00f3 las piernas y su cabeza impact\u00f3 directamente contra una piedra<\/strong>, provoc\u00e1ndole un \u201cchich\u00f3n\u201d y un episodio de descompensaci\u00f3n que gener\u00f3 alarma inmediata.<\/p>\n<p><strong>Angustia y control m\u00e9dico<\/strong><\/p>\n<p>Este hecho provoc\u00f3 un cuadro de angustia y miedo en la ni\u00f1a y su familia. Ante la descompensaci\u00f3n, los profesionales de la salud decidieron mantenerla en observaci\u00f3n desde la ma\u00f1ana hasta aproximadamente las 15:00 horas, para descartar posibles secuelas neurol\u00f3gicas mientras su familia se un\u00eda en oraci\u00f3n.<\/p>\n<p><strong>Un gesto humano ante tanta insensibilidad<\/strong><\/p>\n<p>En medio de una situaci\u00f3n l\u00edmite, hubo una reacci\u00f3n que marc\u00f3 la diferencia.<br \/>\nEl chofer, pese a la presi\u00f3n por no detener la unidad,\u00a0<strong>fren\u00f3 al advertir la ca\u00edda, descendi\u00f3 inmediatamente y asisti\u00f3 a la ni\u00f1a<\/strong>, permaneciendo en el lugar hasta que un docente tom\u00f3 intervenci\u00f3n.<\/p>\n<p>Su accionar, lejos de la indiferencia que muchas veces se denuncia, refleja tambi\u00e9n la otra cara del sistema:\u00a0<strong>trabajadores dando la cara y sometidos a condiciones extremas, obligados a tomar decisiones bajo presi\u00f3n<\/strong>, donde una orden puede poner en riesgo vidas.<\/p>\n<p><span style=\"font-size: 14pt;\"><strong>Un antecedente que vuelve a cobrar sentido<\/strong><\/span><\/p>\n<p>Lo ocurrido no aparece como un hecho aislado. Ya en diciembre de 2023,\u00a0<b>UTA Seccional Tucum\u00e1n<\/b>\u00a0hab\u00eda realizado un paro contra la misma empresa, denunciando\u00a0<strong>malas condiciones de trabajo, maltrato a choferes y el estado deficiente de las unidades<\/strong>.<\/p>\n<p>En aquel momento, el gremio advirti\u00f3 que estas condiciones no solo afectaban a los trabajadores, sino que tambi\u00e9n\u00a0<strong>pon\u00edan en riesgo a los usuarios<\/strong>, una advertencia que hoy resuena con fuerza tras este nuevo episodio.<img loading=\"lazy\" decoding=\"async\" class=\"alignnone size-medium wp-image-15688\" src=\"https:\/\/cafeprensa.com.ar\/wp-content\/uploads\/2026\/03\/cropped-portada-Norte-Noticias-FINAL-1-300x49.webp\" alt=\"\" width=\"300\" height=\"49\" srcset=\"https:\/\/cafeprensa.com.ar\/wp-content\/uploads\/2026\/03\/cropped-portada-Norte-Noticias-FINAL-1-300x49.webp 300w, https:\/\/cafeprensa.com.ar\/wp-content\/uploads\/2026\/03\/cropped-portada-Norte-Noticias-FINAL-1-1024x167.webp 1024w, https:\/\/cafeprensa.com.ar\/wp-content\/uploads\/2026\/03\/cropped-portada-Norte-Noticias-FINAL-1-768x126.webp 768w, https:\/\/cafeprensa.com.ar\/wp-content\/uploads\/2026\/03\/cropped-portada-Norte-Noticias-FINAL-1.webp 1468w\" sizes=\"auto, (max-width: 300px) 100vw, 300px\" \/><\/p>\n<p><span style=\"font-size: 14pt;\"><strong>M\u00e1s que un accidente, un sistema en tensi\u00f3n<\/strong><\/span><\/p>\n<p>La ca\u00edda de la alumna no puede entenderse como un hecho aislado. Es el resultado de una cadena de decisiones y condiciones: unidades en mal estado, presi\u00f3n sobre los choferes y contextos de circulaci\u00f3n inseguros.<\/p>\n<p>Mientras la ni\u00f1a se recupera, el reclamo de fondo crece:<br \/>\n<strong>garantizar que ning\u00fan estudiante ni pasajero tenga que pasar por situaciones extremas o de riesgo para llegar a su destino.<\/strong><\/p>\n<div>Hasta el momento la \u00fanica respuesta por parte de la empresa la realiz\u00f3 el titular de la misma\u00a0<b>Ram\u00f3n Rosa Isa<\/b>\u00a0a trav\u00e9s de un comentario en\u00a0<b>Facebook<\/b>: <em><strong>\u00abCHE ESTUVE PREGUNTANDO. Y ME DISEN TODO LO CONTRARIO. LE DIJERON le dijeron k se kede ahi. asta k lleguevel aucilio. xf. dejen de ablar cagada\u00bb.<\/strong><\/em><\/div>\n<div><\/div>\n<div>\u00bfAlguna vez pasaste o presenciaste una situaci\u00f3n similar en una unidad de \u00e9sta empresa o alg\u00fan otro transporte p\u00fablico de Tucum\u00e1n? \u00bfC\u00f3mo calificar\u00edas el servicio en general?<\/div>\n","protected":false},"excerpt":{"rendered":"<p>Golpe en la cabeza y horas de observaci\u00f3n:\u00a0 El caso que sacudi\u00f3 a la comunidad educativa suma detalles que permiten comprender la gravedad de lo ocurrido. La alumna que cay\u00f3 de un colectivo de la empresa\u00a0T.A. Agua Dulce S.R.L.\u00a0no solo sufri\u00f3 golpes propios de una ca\u00edda, sino tambi\u00e9n\u00a0un fuerte golpe en la cabeza contra una &hellip;<\/p>\n","protected":false},"author":2,"featured_media":15698,"comment_status":"open","ping_status":"open","sticky":false,"template":"","format":"standard","meta":{"footnotes":""},"categories":[54,34],"tags":[3138,129,127],"class_list":["post-15697","post","type-post","status-publish","format-standard","has-post-thumbnail","hentry","category-interes-ganeral","category-locales","tag-agua-dulce-s-r-l","tag-gonzalez","tag-uta"],"_links":{"self":[{"href":"https:\/\/cafeprensa.com.ar\/index.php\/wp-json\/wp\/v2\/posts\/15697","targetHints":{"allow":["GET"]}}],"collection":[{"href":"https:\/\/cafeprensa.com.ar\/index.php\/wp-json\/wp\/v2\/posts"}],"about":[{"href":"https:\/\/cafeprensa.com.ar\/index.php\/wp-json\/wp\/v2\/types\/post"}],"author":[{"embeddable":true,"href":"https:\/\/cafeprensa.com.ar\/index.php\/wp-json\/wp\/v2\/users\/2"}],"replies":[{"embeddable":true,"href":"https:\/\/cafeprensa.com.ar\/index.php\/wp-json\/wp\/v2\/comments?post=15697"}],"version-history":[{"count":1,"href":"https:\/\/cafeprensa.com.ar\/index.php\/wp-json\/wp\/v2\/posts\/15697\/revisions"}],"predecessor-version":[{"id":15699,"href":"https:\/\/cafeprensa.com.ar\/index.php\/wp-json\/wp\/v2\/posts\/15697\/revisions\/15699"}],"wp:featuredmedia":[{"embeddable":true,"href":"https:\/\/cafeprensa.com.ar\/index.php\/wp-json\/wp\/v2\/media\/15698"}],"wp:attachment":[{"href":"https:\/\/cafeprensa.com.ar\/index.php\/wp-json\/wp\/v2\/media?parent=15697"}],"wp:term":[{"taxonomy":"category","embeddable":true,"href":"https:\/\/cafeprensa.com.ar\/index.php\/wp-json\/wp\/v2\/categories?post=15697"},{"taxonomy":"post_tag","embeddable":true,"href":"https:\/\/cafeprensa.com.ar\/index.php\/wp-json\/wp\/v2\/tags?post=15697"}],"curies":[{"name":"wp","href":"https:\/\/api.w.org\/{rel}","templated":true}]}}