{"id":15777,"date":"2026-03-31T15:22:17","date_gmt":"2026-03-31T18:22:17","guid":{"rendered":"https:\/\/cafeprensa.com.ar\/?p=15777"},"modified":"2026-03-31T15:22:17","modified_gmt":"2026-03-31T18:22:17","slug":"tucuman-pone-en-valor-su-historia-el-archivo-general-abre-sus-tesoros-al-publico","status":"publish","type":"post","link":"https:\/\/cafeprensa.com.ar\/index.php\/2026\/03\/31\/tucuman-pone-en-valor-su-historia-el-archivo-general-abre-sus-tesoros-al-publico\/","title":{"rendered":"Tucum\u00e1n pone en valor su historia: el Archivo General abre sus tesoros al p\u00fablico"},"content":{"rendered":"<div class=\"tituloVerNoticia\">\n<div>Impulsan un proyecto para preservar y exhibir documentos \u00fanicos, con figuras como Mercedes Sosa y Tom\u00e1s Eloy Mart\u00ednez como protagonistas.<img loading=\"lazy\" decoding=\"async\" class=\"alignnone wp-image-15781 size-large\" src=\"https:\/\/cafeprensa.com.ar\/wp-content\/uploads\/2026\/03\/IMG-20260331-WA0034-1024x256.jpg\" alt=\"\" width=\"1024\" height=\"256\" srcset=\"https:\/\/cafeprensa.com.ar\/wp-content\/uploads\/2026\/03\/IMG-20260331-WA0034-1024x256.jpg 1024w, https:\/\/cafeprensa.com.ar\/wp-content\/uploads\/2026\/03\/IMG-20260331-WA0034-300x75.jpg 300w, https:\/\/cafeprensa.com.ar\/wp-content\/uploads\/2026\/03\/IMG-20260331-WA0034-768x192.jpg 768w, https:\/\/cafeprensa.com.ar\/wp-content\/uploads\/2026\/03\/IMG-20260331-WA0034.jpg 1200w\" sizes=\"auto, (max-width: 1024px) 100vw, 1024px\" \/><\/div>\n<\/div>\n<div class=\"cuerpoVerNoticia\">\n<div><strong>El Gobierno de Tucum\u00e1n avanza en un proyecto clave para recuperar, preservar y exhibir el patrimonio documental de la provincia a trav\u00e9s de la puesta en valor del Archivo General.<\/strong><\/p>\n<div>En ese marco, el secretario de Gobierno y Relaciones Institucionales,\u00a0<strong>Ra\u00fal Albarrac\u00edn<\/strong>, recorri\u00f3 las instalaciones junto a autoridades del Ente Cultural de Tucum\u00e1n. De la visita tambi\u00e9n participaron su presidente, Humberto Salazar, y el especialista en patrimonio hist\u00f3rico Alejandro Esser, integrante de la Junta de Estudios Hist\u00f3ricos de Tucum\u00e1n.<\/p>\n<div><strong>La comitiva fue recibida por el director del organismo, Santiago Viejobueno, con quien avanzaron en el dise\u00f1o de una muestra documental destinada a acercar al p\u00fablico parte del valioso acervo hist\u00f3rico que resguarda la instituci\u00f3n.<\/strong><\/p>\n<div>La propuesta busca destacar figuras fundamentales de la cultura tucumana y argentina. Entre ellas sobresale Mercedes Sosa, cuya acta de nacimiento formar\u00e1 parte de la exhibici\u00f3n como uno de los documentos m\u00e1s simb\u00f3licos.<img loading=\"lazy\" decoding=\"async\" class=\"alignnone wp-image-15780 size-large\" src=\"https:\/\/cafeprensa.com.ar\/wp-content\/uploads\/2026\/03\/IMG-20260331-WA0033-1024x256.jpg\" alt=\"\" width=\"1024\" height=\"256\" srcset=\"https:\/\/cafeprensa.com.ar\/wp-content\/uploads\/2026\/03\/IMG-20260331-WA0033-1024x256.jpg 1024w, https:\/\/cafeprensa.com.ar\/wp-content\/uploads\/2026\/03\/IMG-20260331-WA0033-300x75.jpg 300w, https:\/\/cafeprensa.com.ar\/wp-content\/uploads\/2026\/03\/IMG-20260331-WA0033-768x192.jpg 768w, https:\/\/cafeprensa.com.ar\/wp-content\/uploads\/2026\/03\/IMG-20260331-WA0033-1536x384.jpg 1536w, https:\/\/cafeprensa.com.ar\/wp-content\/uploads\/2026\/03\/IMG-20260331-WA0033.jpg 1584w\" sizes=\"auto, (max-width: 1024px) 100vw, 1024px\" \/><\/div>\n<div>Tambi\u00e9n se incluir\u00e1n registros vinculados a personalidades como <strong>Tom\u00e1s Eloy Mart\u00ednez, Pedro Fernando Riera, Nasif Est\u00e9fano y Aurelio Salas,<\/strong> entre otros referentes. Adem\u00e1s del valor documental, el proyecto incorpora una mirada integral sobre el edificio del Archivo General, que en sus inicios funcion\u00f3 como una de las sedes del antiguo <strong>Museo Provincial de Bellas Artes, antecedente del actual Museo Timoteo Navarro.<\/strong><\/p>\n<div>\n<div>La iniciativa cuenta con el acompa\u00f1amiento t\u00e9cnico del Ente Cultural, convocado por la Secretar\u00eda de Estado de Gobierno para aportar criterios museol\u00f3gicos, art\u00edsticos y patrimoniales que garanticen una exhibici\u00f3n adecuada del material.<img loading=\"lazy\" decoding=\"async\" class=\"alignnone wp-image-15779 size-large\" src=\"https:\/\/cafeprensa.com.ar\/wp-content\/uploads\/2026\/03\/IMG-20260331-WA0032-1024x256.jpg\" alt=\"\" width=\"1024\" height=\"256\" srcset=\"https:\/\/cafeprensa.com.ar\/wp-content\/uploads\/2026\/03\/IMG-20260331-WA0032-1024x256.jpg 1024w, https:\/\/cafeprensa.com.ar\/wp-content\/uploads\/2026\/03\/IMG-20260331-WA0032-300x75.jpg 300w, https:\/\/cafeprensa.com.ar\/wp-content\/uploads\/2026\/03\/IMG-20260331-WA0032-768x192.jpg 768w, https:\/\/cafeprensa.com.ar\/wp-content\/uploads\/2026\/03\/IMG-20260331-WA0032-1536x384.jpg 1536w, https:\/\/cafeprensa.com.ar\/wp-content\/uploads\/2026\/03\/IMG-20260331-WA0032.jpg 1584w\" sizes=\"auto, (max-width: 1024px) 100vw, 1024px\" \/><\/p>\n<div><strong>El objetivo central es acercar a la comunidad una parte esencial de la memoria de Tucum\u00e1n, revalorizando tanto el legado de sus figuras hist\u00f3ricas como el espacio que lo resguarda, en el marco de una pol\u00edtica p\u00fablica orientada a fortalecer la identidad cultural de la provincia.<\/strong><\/div>\n<\/div>\n<\/div>\n<\/div>\n<\/div>\n<\/div>\n<\/div>\n<\/div>\n","protected":false},"excerpt":{"rendered":"<p>Impulsan un proyecto para preservar y exhibir documentos \u00fanicos, con figuras como Mercedes Sosa y Tom\u00e1s Eloy Mart\u00ednez como protagonistas. El Gobierno de Tucum\u00e1n avanza en un proyecto clave para recuperar, preservar y exhibir el patrimonio documental de la provincia a trav\u00e9s de la puesta en valor del Archivo General. En ese marco, el secretario &hellip;<\/p>\n","protected":false},"author":2,"featured_media":15778,"comment_status":"open","ping_status":"open","sticky":false,"template":"","format":"standard","meta":{"footnotes":""},"categories":[34,25],"tags":[],"class_list":["post-15777","post","type-post","status-publish","format-standard","has-post-thumbnail","hentry","category-locales","category-politica"],"_links":{"self":[{"href":"https:\/\/cafeprensa.com.ar\/index.php\/wp-json\/wp\/v2\/posts\/15777","targetHints":{"allow":["GET"]}}],"collection":[{"href":"https:\/\/cafeprensa.com.ar\/index.php\/wp-json\/wp\/v2\/posts"}],"about":[{"href":"https:\/\/cafeprensa.com.ar\/index.php\/wp-json\/wp\/v2\/types\/post"}],"author":[{"embeddable":true,"href":"https:\/\/cafeprensa.com.ar\/index.php\/wp-json\/wp\/v2\/users\/2"}],"replies":[{"embeddable":true,"href":"https:\/\/cafeprensa.com.ar\/index.php\/wp-json\/wp\/v2\/comments?post=15777"}],"version-history":[{"count":1,"href":"https:\/\/cafeprensa.com.ar\/index.php\/wp-json\/wp\/v2\/posts\/15777\/revisions"}],"predecessor-version":[{"id":15782,"href":"https:\/\/cafeprensa.com.ar\/index.php\/wp-json\/wp\/v2\/posts\/15777\/revisions\/15782"}],"wp:featuredmedia":[{"embeddable":true,"href":"https:\/\/cafeprensa.com.ar\/index.php\/wp-json\/wp\/v2\/media\/15778"}],"wp:attachment":[{"href":"https:\/\/cafeprensa.com.ar\/index.php\/wp-json\/wp\/v2\/media?parent=15777"}],"wp:term":[{"taxonomy":"category","embeddable":true,"href":"https:\/\/cafeprensa.com.ar\/index.php\/wp-json\/wp\/v2\/categories?post=15777"},{"taxonomy":"post_tag","embeddable":true,"href":"https:\/\/cafeprensa.com.ar\/index.php\/wp-json\/wp\/v2\/tags?post=15777"}],"curies":[{"name":"wp","href":"https:\/\/api.w.org\/{rel}","templated":true}]}}