{"id":1596,"date":"2024-03-07T00:48:09","date_gmt":"2024-03-06T23:48:09","guid":{"rendered":"https:\/\/cafeprensa.com.ar\/?p=1596"},"modified":"2024-03-07T00:48:09","modified_gmt":"2024-03-06T23:48:09","slug":"dia-de-la-mujer-todo-lo-que-hay-para-hacer-hasta-el-sabado-9-de-marzo","status":"publish","type":"post","link":"https:\/\/cafeprensa.com.ar\/index.php\/2024\/03\/07\/dia-de-la-mujer-todo-lo-que-hay-para-hacer-hasta-el-sabado-9-de-marzo\/","title":{"rendered":"D\u00eda de la Mujer: todo lo que hay para hacer hasta el s\u00e1bado 9 de marzo"},"content":{"rendered":"<div class=\"nota-img-footer\">Nutrido cronograma para homenajear a la mujer en su d\u00eda.-<\/div>\n<div class=\"nota-texto\">\n<p><em>La Municipalidad de San MIguel de Tucum\u00e0n: presentar\u00e1 un nutrido calendario de actividades agrupadas en dos ciclos: <strong>\u00abMujeres en Foco\u00bb y el \u00abPaseo de la Mujer\u00bb<\/strong>, desde este mi\u00e9rcoles 6 hasta el s\u00e1bado 9 de marzo, en adhesi\u00f3n al D\u00eda Internacional de la Mujer.\u00a0<\/em><\/p>\n<p><strong>Desde este mi\u00e9rcoles 6 y hasta el pr\u00f3ximo s\u00e1bado 9 de marzo<\/strong>, la Municipalidad de San Miguel de Tucum\u00e1n, a trav\u00e9s de distintas reparticiones, organiz\u00f3 m\u00faltiples actividades y talleres en el marco del\u00a0<strong>D\u00eda Internacional de la Mujer<\/strong>, que se conmemora este viernes 8 de marzo.<\/p>\n<p><strong>Las secretar\u00edas General, de Cultura y de Atenci\u00f3n al Ciudadano<\/strong>, con todas sus subsecretar\u00edas y direcciones, prepararon un nutrido cronograma con el objetivo de resaltar el rol social de la mujer y rendirle homenaje. \u00a0Organizado por el \u00e1rea de Cultura, se realizar\u00e1 en el Teatro Rosita \u00c1vila el ciclo cultural\u00a0<strong>\u201cMujeres en Foco\u201d<\/strong>, con numerosos talleres y espect\u00e1culos. En tanto, la Secretar\u00eda General prepar\u00f3 para el s\u00e1bado un\u00a0<strong>\u201cPaseo de la Mujer\u201d<\/strong>\u00a0en la Plaza Independencia, donde las familias podr\u00e1n participar de charlas en una decena de stands y habr\u00e1 una radio abierta.<\/p>\n<p>El cronograma completo de actividades por el D\u00eda de la Mujer es el siguiente:<\/p>\n<p><strong>Mi\u00e9rcoles 6 de marzo<\/strong><\/p>\n<p><em><strong>\u201cMujeres en Foco\u201d\u00a0<\/strong><\/em>(Teatro Rosita \u00c1vila)<\/p>\n<p>-A las 15.30 h se dictar\u00e1 el taller de actuaci\u00f3n \u201cEntrenamiento expresivo\u201d, a cargo de Mar\u00eda Jos\u00e9 Medina (docente, actriz y directora). Est\u00e1 destinado a personas con o sin experiencia.<\/p>\n<p>-A las 18 h se realizar\u00e1 el acto de apertura del ciclo \u201cMujeres en el cine\u201d, a cargo de la licenciada en cinematograf\u00eda Elena Burgo de Chazal.<\/p>\n<p>-A las 18.15 h se proyectar\u00e1 \u201cEl Eco de mi voz\u201d, documental de Mar\u00eda Luisa Bemberg (duraci\u00f3n de 1h 30m).<\/p>\n<p>-A las 20.15 h se podr\u00e1 disfrutar de la proyecci\u00f3n de \u201cLa Plegaria\u201d, un cortometraje de Mar\u00eda Eugenia Meternicht (duraci\u00f3n de 15m).<\/p>\n<p>-A las 21 h se realizar\u00e1 la proyecci\u00f3n del corto \u201cConf\u00edn\u201d, de Soledad Carlevaris.<\/p>\n<p>-A las 21.30 h habr\u00e1 una intervenci\u00f3n art\u00edstica a cargo de Camila D\u00edaz Paz.<\/p>\n<p>-A las 21.45 se proyectar\u00e1 el cortometraje \u201cPiel de Gallina\u201d, de Martina Diaz Santilli.<\/p>\n<p><strong>Jueves 7 de marzo<\/strong><\/p>\n<p><em><strong>\u201cMujeres en Foco\u201d\u00a0<\/strong><\/em>(Teatro Rosita \u00c1vila)<\/p>\n<p>-Desde las 15 h se desarrollar\u00e1 el taller de actuaci\u00f3n \u201cEntrenamiento expresivo\u201d, con Mar\u00eda Jos\u00e9 Medina (docente, actriz y directora), destinado a personas con o sin experiencia.<\/p>\n<p>-A partir de las 17 h habr\u00e1 un taller de danza contempor\u00e1nea, a cargo de Melina Mart\u00ednez.<\/p>\n<p>-A las 19.30 h se dictar\u00e1 la charla \u201cMujer en la Cultura\u201d, de Fernanda Obeid, Ana Camu\u00f1as, Lupe Valenzuela y Caro Bloise.<\/p>\n<p>-A las 21 30 h se podr\u00e1 disfrutar de la intervenci\u00f3n art\u00edstica \u201cMalamba\u201d, con percusi\u00f3n, danza y canto.<\/p>\n<p>-A las 22 h habr\u00e1 una intervenci\u00f3n art\u00edstica a cargo de Camila Plaate, quien adem\u00e1s ofrecer\u00e1 un show con el grupo \u201cLa Llorona y su jard\u00edn de dragones\u201d.<\/p>\n<p><strong>Viernes 8 de marzo<\/strong><\/p>\n<p><em><strong>\u201cPaseo de la Mujer\u201d<\/strong><\/em><\/p>\n<p>Entre las 9 y las 12 h, se dictar\u00e1n charlas, habr\u00e1 talleres y se realizar\u00e1 una radio abierta se instalar\u00e1n en Plaza Independencia para homenajear a la mujer en su d\u00eda.<\/p>\n<p>Las actividades, divididas en diferentes tem\u00e1ticas, se realizar\u00e1n en los siguientes 10 stands:<\/p>\n<p>1) MUJER ARTISTA<\/p>\n<p>-Talleres de Artes Visuales, Malambo, Canto, Artes Pl\u00e1sticas.<\/p>\n<p>-Pintura participativa.<\/p>\n<p>-Taller de Patina de Bandejas.<\/p>\n<p>-Taller de Manualidades.<\/p>\n<p>-Taller de Folclore, Con bailes de Chacareras del Monte, Calandria y Mesura.<\/p>\n<p>-Taller de T\u00edteres.<\/p>\n<p>2) MUJER DEPORTISTA<\/p>\n<p>-Charla a cargo de la profesora Ver\u00f3nica Villafa\u00f1e, primera \u00e1rbitro internacional de Hockey. -Experiencia de vida y una nueva visi\u00f3n.<\/p>\n<p>-Clase de Gym y Zumba a cargo de las profesoras Jessica Ju\u00e1rez y Mar\u00eda Eugenia Carrizo.<\/p>\n<p>3) MUJER INCLUSIVA<\/p>\n<p>-Equipo de Recepci\u00f3n de Denuncias.<\/p>\n<p>-Charlas sobre Violencia de G\u00e9nero.<\/p>\n<p>4) CUIDADO INTEGRAL DE LA MUJER<\/p>\n<p>-Se realizar\u00e1n cinco charlas en el transcurso de la ma\u00f1ana, donde se expondr\u00e1n distintos temas y habr\u00e1 un espacio para preguntas sobre:<\/p>\n<p>-C\u00e1ncer de cuello uterino.<\/p>\n<p>-C\u00e1ncer de Mama.<\/p>\n<p>-Anticoncepci\u00f3n.<\/p>\n<p>-Infecciones de transmisi\u00f3n sexual.<\/p>\n<p>-HIV.<\/p>\n<p>-Control prenatal.<\/p>\n<p>5) MUJER AGRICULTORA<\/p>\n<p>6) MUJER EMPRENDEDORA<\/p>\n<p>7) ASESORIA PARA LA MUJER<\/p>\n<p>-Asesoramiento Legal y Administrativo.<\/p>\n<p>-Asesor\u00eda Jur\u00eddica.<\/p>\n<p>8) MUJER TRANSFORMADORA\/RECUPERADORA<\/p>\n<p>-Talleres de reciclado.<\/p>\n<p>9) MUJER EN LA FAMILIA<\/p>\n<p>-Taller de Arte decorativo y reciclado.<\/p>\n<p>-Taller de cocina.<\/p>\n<p>-Charla sobre prevenci\u00f3n de ca\u00eddas.<\/p>\n<p>10) MUJER FORMADORA\/EDUCADORA<\/p>\n<p>11) RADIO ABIERTA<\/p>\n<p><em><strong>\u201cMujeres en Foco\u201d\u00a0<\/strong><\/em>(Teatro Rosita \u00c1vila)<\/p>\n<p>-Desde las 15 h se dictar\u00e1 un taller de Arte y Bot\u00e1nica, a cargo de Silvana Ruiz y Mar\u00eda Quintana de Char\u00f3.<\/p>\n<p>-A partir de las 17 h habr\u00e1 un taller de Danza Contempor\u00e1nea, dictado por Melina Mart\u00ednez.<\/p>\n<p>-A las 21.15 h se pondr\u00e1 en escena la intervenci\u00f3n art\u00edstica \u201cMujeres en foco\u201d, con Luciana Villafa\u00f1e y Mariana Rosciano (bailarinas y docentes).<\/p>\n<p>-A las 22 h se presentar\u00e1 la obra de teatro \u201cLola Mora, un \u00e1ngel audaz\u201d (de Buenos Aires), dirigida por Leandra Rodr\u00edguez, con la actuaci\u00f3n de Mar\u00eda Marchi, Hugo Cosini y Junior Pisan\u00fa.<\/p>\n<p><strong>S\u00e1bado 9 de marzo<\/strong><\/p>\n<p><em><strong>\u201cMujeres en Foco\u201d\u00a0<\/strong><\/em>(Teatro Rosita \u00c1vila)<\/p>\n<p>-A las 15 h se dictar\u00e1 el taller \u201cLa palabra en el cuerpo &#8211; po\u00e9ticas que atraviesan el cuerpo\/mujer\u201d.<\/p>\n<p>-A las 17 h habr\u00e1 una clase de Yoga abierta a todo p\u00fablico, a cargo de Florencia Viel.<\/p>\n<p>-A las 18 h se dictar\u00e1 la charla \u201cMujer en el dise\u00f1o y la escena\u201d, de Sof\u00eda Seid\u00e1n, Leandra Rodr\u00edguez y Susana Zilbervarg.<\/p>\n<p>-A las 22 h se realizar\u00e1 el acto de cierre del ciclo cultural.<\/p>\n<p><em><strong>\u00abEl Patio del Encuentro\u00bb\u00a0<\/strong><\/em>(Casa de la Cultura Municipal, esquina avenidas C\u00e1ceres y Gobernador del Campo)<\/p>\n<p>Desde las 18 h, en la zona de\u00a0<strong>Parque 9 de Julio<\/strong>, se realizar\u00e1 \u00abEl patio del encuentro\u00bb, actividad para conmemorar el\u00a0<strong>D\u00eda Internacional de la Mujer<\/strong>.<\/p>\n<p>Durante la jornada habr\u00e1 una merienda comunitaria de mujeres; m\u00fasica en vivo con el grupo \u00abGamul\u00e1n\u00bb; actividades de arte grupal y charlas sobre el cuidado integral de la mujer.<\/p>\n<p>Se recopilar\u00e1n peque\u00f1os relatos que las mujeres producir\u00e1n durante el encuentro. Otras de las actividades dise\u00f1adas para ese d\u00eda ser\u00e1 un taller de huerta a cargo de las trabajadoras de la huerta municipal, para la misma las asistentes deber\u00e1n llevar macetas, botellas o un recipiente para sembrar.<\/p>\n<p>La actividad es libre y gratuita y suspende por lluvia.<\/p>\n<\/div>\n","protected":false},"excerpt":{"rendered":"<p>Nutrido cronograma para homenajear a la mujer en su d\u00eda.- La Municipalidad de San MIguel de Tucum\u00e0n: presentar\u00e1 un nutrido calendario de actividades agrupadas en dos ciclos: \u00abMujeres en Foco\u00bb y el \u00abPaseo de la Mujer\u00bb, desde este mi\u00e9rcoles 6 hasta el s\u00e1bado 9 de marzo, en adhesi\u00f3n al D\u00eda Internacional de la Mujer.\u00a0 Desde &hellip;<\/p>\n","protected":false},"author":2,"featured_media":1597,"comment_status":"open","ping_status":"open","sticky":false,"template":"","format":"standard","meta":{"footnotes":""},"categories":[54,37],"tags":[245,246],"class_list":["post-1596","post","type-post","status-publish","format-standard","has-post-thumbnail","hentry","category-interes-ganeral","category-san-miguel-de-tucuman","tag-dia-de-la-mujer","tag-municipalidad"],"_links":{"self":[{"href":"https:\/\/cafeprensa.com.ar\/index.php\/wp-json\/wp\/v2\/posts\/1596","targetHints":{"allow":["GET"]}}],"collection":[{"href":"https:\/\/cafeprensa.com.ar\/index.php\/wp-json\/wp\/v2\/posts"}],"about":[{"href":"https:\/\/cafeprensa.com.ar\/index.php\/wp-json\/wp\/v2\/types\/post"}],"author":[{"embeddable":true,"href":"https:\/\/cafeprensa.com.ar\/index.php\/wp-json\/wp\/v2\/users\/2"}],"replies":[{"embeddable":true,"href":"https:\/\/cafeprensa.com.ar\/index.php\/wp-json\/wp\/v2\/comments?post=1596"}],"version-history":[{"count":1,"href":"https:\/\/cafeprensa.com.ar\/index.php\/wp-json\/wp\/v2\/posts\/1596\/revisions"}],"predecessor-version":[{"id":1598,"href":"https:\/\/cafeprensa.com.ar\/index.php\/wp-json\/wp\/v2\/posts\/1596\/revisions\/1598"}],"wp:featuredmedia":[{"embeddable":true,"href":"https:\/\/cafeprensa.com.ar\/index.php\/wp-json\/wp\/v2\/media\/1597"}],"wp:attachment":[{"href":"https:\/\/cafeprensa.com.ar\/index.php\/wp-json\/wp\/v2\/media?parent=1596"}],"wp:term":[{"taxonomy":"category","embeddable":true,"href":"https:\/\/cafeprensa.com.ar\/index.php\/wp-json\/wp\/v2\/categories?post=1596"},{"taxonomy":"post_tag","embeddable":true,"href":"https:\/\/cafeprensa.com.ar\/index.php\/wp-json\/wp\/v2\/tags?post=1596"}],"curies":[{"name":"wp","href":"https:\/\/api.w.org\/{rel}","templated":true}]}}