{"id":1624,"date":"2024-03-08T11:17:09","date_gmt":"2024-03-08T10:17:09","guid":{"rendered":"https:\/\/cafeprensa.com.ar\/?p=1624"},"modified":"2024-03-08T11:17:09","modified_gmt":"2024-03-08T10:17:09","slug":"el-gobernador-viajo-a-buenos-aires-y-se-reunira-con-ministros-del-gabinete-nacional","status":"publish","type":"post","link":"https:\/\/cafeprensa.com.ar\/index.php\/2024\/03\/08\/el-gobernador-viajo-a-buenos-aires-y-se-reunira-con-ministros-del-gabinete-nacional\/","title":{"rendered":"El Gobernador viaj\u00f3 a Buenos Aires y se reunir\u00e1 con ministros del Gabinete nacional"},"content":{"rendered":"<div class=\"post-header-area\">\n<p class=\"sumario\">Osvaldo Jaldo tom\u00f3 un vuelo comercial para desplazarse a Ciudad de Buenos Aires, como lo viene haciendo desde que asumi\u00f3 en el cargo.<\/p>\n<p class=\"sumario\">Mantendr\u00e1 reuniones con los ministros Caputo (Econom\u00eda) y Francos (Interior) y Posse (Jefe de Gabinete). No est\u00e1 asegurada la presencia del presidente Javier Milei. Problematica fiscal. El Gobernador Jaldo embarc\u00f3 hacia Ciudad de Buenos Aires para reunirse con el presidente Milei y ministros de su Gabinete.<\/p>\n<\/div>\n<div class=\"post-content-area\">\n<div>\n<p>El gobernador,<strong>\u00a0Osvaldo Jaldo,<\/strong>\u00a0parti\u00f3 hoy a Ciudad de Buenos Aires en un vuelo comercial desde el aeropuerto Internacional Benjam\u00edn Matienzo. El objetivo es gestionar diferentes temas con funcionarios nacionales que tienen que ver con el aspecto fiscal.<\/p>\n<blockquote><p>El Primer Mandatario tiene previsto reunirse con el ministro del Interior,\u00a0<strong>Guillermo Francos; su par de\u00a0<\/strong>Econom\u00eda,\u00a0<strong>Luis Caputo<\/strong>, y el Jefe del Gabinete,\u00a0<strong>Nicol\u00e1s Posse.<\/strong>\u00a0\u00ab<strong>No tenemos asegurada la presencia<\/strong>\u00a0del presidente,\u00a0<strong>Javier Milei<\/strong>\u00a0en el encuentro\u00bb, sostuvo el Mandatario provincial\u00bb.<\/p><\/blockquote>\n<p>El titular del Poder Ejecutivo a\u00f1adi\u00f3: \u00abVamos a estar presentes, \u00a0acompa\u00f1ando y \u00a0llevar las inquietudes en materia fiscal que tiene la provincia de Tucum\u00e1n\u00bb.<\/p>\n<p>Asimismo, Jaldo inform\u00f3 que desde el mi\u00e9rcoles est\u00e1 en Ciudad de Buenos Aires el ministro de Econom\u00eda y Producci\u00f3n,\u00a0<strong>Daniel Abad<\/strong>, \u00abporque hay reuni\u00f3n de sus pares de todas las provincias para dialogar con Caputo y seguramente otros funcionarios para tratar las principales problem\u00e1ticas fiscales que tiene la Naci\u00f3n y que, por supuesto, tambi\u00e9n la tenemos la provincia\u00bb, cerr\u00f3 el Gobernador.<\/p>\n<\/div>\n<\/div>\n","protected":false},"excerpt":{"rendered":"<p>Osvaldo Jaldo tom\u00f3 un vuelo comercial para desplazarse a Ciudad de Buenos Aires, como lo viene haciendo desde que asumi\u00f3 en el cargo. Mantendr\u00e1 reuniones con los ministros Caputo (Econom\u00eda) y Francos (Interior) y Posse (Jefe de Gabinete). No est\u00e1 asegurada la presencia del presidente Javier Milei. Problematica fiscal. El Gobernador Jaldo embarc\u00f3 hacia Ciudad &hellip;<\/p>\n","protected":false},"author":2,"featured_media":1625,"comment_status":"open","ping_status":"open","sticky":false,"template":"","format":"standard","meta":{"footnotes":""},"categories":[54,34],"tags":[44,94],"class_list":["post-1624","post","type-post","status-publish","format-standard","has-post-thumbnail","hentry","category-interes-ganeral","category-locales","tag-gobierno-nacional","tag-jaldo"],"_links":{"self":[{"href":"https:\/\/cafeprensa.com.ar\/index.php\/wp-json\/wp\/v2\/posts\/1624","targetHints":{"allow":["GET"]}}],"collection":[{"href":"https:\/\/cafeprensa.com.ar\/index.php\/wp-json\/wp\/v2\/posts"}],"about":[{"href":"https:\/\/cafeprensa.com.ar\/index.php\/wp-json\/wp\/v2\/types\/post"}],"author":[{"embeddable":true,"href":"https:\/\/cafeprensa.com.ar\/index.php\/wp-json\/wp\/v2\/users\/2"}],"replies":[{"embeddable":true,"href":"https:\/\/cafeprensa.com.ar\/index.php\/wp-json\/wp\/v2\/comments?post=1624"}],"version-history":[{"count":1,"href":"https:\/\/cafeprensa.com.ar\/index.php\/wp-json\/wp\/v2\/posts\/1624\/revisions"}],"predecessor-version":[{"id":1626,"href":"https:\/\/cafeprensa.com.ar\/index.php\/wp-json\/wp\/v2\/posts\/1624\/revisions\/1626"}],"wp:featuredmedia":[{"embeddable":true,"href":"https:\/\/cafeprensa.com.ar\/index.php\/wp-json\/wp\/v2\/media\/1625"}],"wp:attachment":[{"href":"https:\/\/cafeprensa.com.ar\/index.php\/wp-json\/wp\/v2\/media?parent=1624"}],"wp:term":[{"taxonomy":"category","embeddable":true,"href":"https:\/\/cafeprensa.com.ar\/index.php\/wp-json\/wp\/v2\/categories?post=1624"},{"taxonomy":"post_tag","embeddable":true,"href":"https:\/\/cafeprensa.com.ar\/index.php\/wp-json\/wp\/v2\/tags?post=1624"}],"curies":[{"name":"wp","href":"https:\/\/api.w.org\/{rel}","templated":true}]}}