{"id":16367,"date":"2026-04-24T20:27:39","date_gmt":"2026-04-24T23:27:39","guid":{"rendered":"https:\/\/cafeprensa.com.ar\/?p=16367"},"modified":"2026-04-24T20:27:39","modified_gmt":"2026-04-24T23:27:39","slug":"uno-por-uno-los-bienes-que-la-justicia-le-decomisara-a-cristina-kirchner","status":"publish","type":"post","link":"https:\/\/cafeprensa.com.ar\/index.php\/2026\/04\/24\/uno-por-uno-los-bienes-que-la-justicia-le-decomisara-a-cristina-kirchner\/","title":{"rendered":"Uno por uno, los bienes que la Justicia le decomisar\u00e1 a Cristina Kirchner"},"content":{"rendered":"<p><b>La C\u00e1mara de Casaci\u00f3n confirm\u00f3 este viernes el decomiso de los bienes de la expresidenta Cristina Kirchner, sus hijos M\u00e1ximo y Florencia, y el empresario L\u00e1zaro B\u00e1ez, para comenzar a cubrir los casi $685.000 millones por los que deben responder los condenados por la causa Vialidad, por la que la expresidenta cumple una condena de seis a\u00f1os de prisi\u00f3n domiciliaria.<\/b><\/p>\n<p>El decomiso abarca un total de 111 inmuebles: 84 son de B\u00e1ez; 19 son propiedad de M\u00e1ximo y Florencia Kirchner, incluido el complejo \u201cHotel Los Sauces\u201d; y uno solo de la expresidenta: un terreno en El Calafate de m\u00e1s de 6000 metros cuadrados.<\/p>\n<div class=\"col-md-12 col-12 col-lg-12 post-content p-lg-2\">\n<div><span style=\"font-size: 14pt;\"><b><u>Las propiedades alcanzadas<\/u><\/b><\/span><\/div>\n<div><\/div>\n<p>La decisi\u00f3n alcanza propiedades vinculadas a Austral Construcciones SA, Kank y Costilla SA, Gotti Hnos. SA y Loscalzo y Del Curto SRL, adem\u00e1s de inmuebles que fueron cedidos a M\u00e1ximo y Florencia Kirchner.<\/p>\n<p><img decoding=\"async\" class=\"img-responsive\" src=\"https:\/\/resizer.glanacion.com\/resizer\/v2\/la-casa-de-cristina-kirchner-en-el-EXI3TKXGWNDBFNBU66T7J3TZUQ.jpg?auth=d2121277561a222326ef7d9ed1a2734a91d64217cf3524e8974f1c4d37116817&amp;width=780&amp;height=520&amp;quality=70&amp;smart=true\" width=\"700\" \/><\/p>\n<div><span style=\"font-size: 8pt;\"><strong>La casa de Cristina Kirchner en El Calafate<\/strong><\/span><\/div>\n<div><\/div>\n<p><strong>Tambi\u00e9n figuran una propiedad ubicada en el Departamento III Lago Argentino, sobre Avenida 17 de Octubre al 800, incorporada al patrimonio familiar en 2007 y que cuenta con una superficie de 6.001,64 metros cuadrados.<\/strong><br \/>\n<strong>El fallo incluye tambi\u00e9n diez unidades situadas en la calle Mitre al 500, en R\u00edo Gallegos, que hab\u00edan sido transferidas a los hijos de la exmandataria en 2007.<\/strong><\/p>\n<p><img decoding=\"async\" class=\"img-responsive\" src=\"https:\/\/resizer.glanacion.com\/resizer\/v2\/la-casa-de-cristina-kirchner-en-rio-YG7ITKDTJVHFBE3BGCOIRW22HE.jpg?auth=f02607af3824e9a43833122f12511baaa5aa9b096f0f6c253aecf72bd93ba556&amp;width=780&amp;height=519&amp;quality=70&amp;smart=true\" width=\"700\" \/><br \/>\n<span style=\"font-size: 8pt;\"><strong>La casa de Cristina Kirchner en R\u00edo Gallegos<\/strong><\/span><\/p>\n<div><\/div>\n<p><strong>Tambi\u00e9n una vivienda en la misma ciudad situada en 25 de Mayo al 200, incorporada en 2010, y otra en la calle Presidente N\u00e9stor Kirchner al 400, sumada en 2006.<\/strong><\/p>\n<div><\/div>\n<div><img decoding=\"async\" class=\"img-responsive\" src=\"https:\/\/resizer.glanacion.com\/resizer\/v2\/hotel-los-BRFC7UPPFVAQXIT5OIWVNUAOKM.jpg?auth=1bff9636e0c585607113a9c05619fa321d5b7782a6a65e6b0bf904c14464d83d&amp;width=780&amp;height=520&amp;quality=70&amp;smart=true\" width=\"700\" \/><\/div>\n<div><span style=\"font-size: 8pt;\"><strong>Hotel Los Sauces<\/strong><\/span><\/div>\n<div><b><u>M\u00e1s inmuebles<\/u><\/b><\/div>\n<p>El inventario se ampl\u00eda con terrenos situados en las inmediaciones de El Calafate, dentro del Departamento III Lago Argentino.<br \/>\n<strong>Entre ellos figuran las parcelas adquiridas en 2007 y 2008, junto con el lote donde se construy\u00f3 el Complejo Hotel Los Sauces, establecimiento involucrado en otra causa judicial.<\/strong><\/p>\n<div><img decoding=\"async\" class=\"img-responsive\" src=\"https:\/\/resizer.glanacion.com\/resizer\/v2\/entrada-lateral-del-hotel-los-PYWQIX23IBHIFM7COZQWIDZLTI.jpg?auth=1391a13d9d3493fefdbc8bc02165ea05f626b46b7dee39a71f5aa5bde1f8cfc1&amp;width=780&amp;height=520&amp;quality=70&amp;smart=true\" width=\"700\" \/><\/div>\n<div><span style=\"font-size: 8pt;\"><strong>Entrada lateral del hotel Los Sauces<\/strong><\/span><\/div>\n<div><\/div>\n<p>Tambi\u00e9n se agregan bienes se agregan dos bienes adquiridos en 2007: uno de 44.106 metros cuadrados y otra de 87.046 metros cuadrados.<br \/>\n<u><b><br \/>\n<\/b><\/u><\/p>\n<div><u><b>El fallo<\/b><\/u><\/div>\n<div><\/div>\n<p>La decisi\u00f3n la tom\u00f3 este viernes la Sala IV de la Casaci\u00f3n, al rechazar todos los recursos presentados por las defensas y ratificar lo dispuesto por el Tribunal Oral Federal N\u00b0 2 en 2022.<br \/>\n<strong>En junio del a\u00f1o pasado, la Corte Suprema hab\u00eda dejado firme aquel fallo, lo que habilit\u00f3 la ejecuci\u00f3n de las penas, pero el decomiso hab\u00eda sido apelado hasta llegar a Casaci\u00f3n.<\/strong><\/p>\n<p><b>De todos modos, si estos bienes resultaran insuficientes para cubrir el monto total, la Justicia proceder\u00e1 contra el patrimonio de los dem\u00e1s condenados: el exsecretario de Obras P\u00fablicas Jos\u00e9 L\u00f3pez y los exfuncionarios de Vialidad Mauricio Collareda, Ra\u00fal Pavesi y Ra\u00fal Daruich.<\/b><\/p>\n<p>En sus presentaciones, las defensas hab\u00edan apuntado a limitar el alcance del decomiso, al cuestionar la inclusi\u00f3n de bienes sin \u201ctrazabilidad directa\u201d con el delito.<\/p>\n<div><\/div>\n<div><img decoding=\"async\" class=\"img-responsive\" src=\"https:\/\/resizer.glanacion.com\/resizer\/v2\/cristina-kirchner-sale-al-balcon-en-su-casa-de-AQ546DQRZVBO5CLSTILT6CRWU4.JPG?auth=0e664196a95e7650882f9ee77816a072c9bc4e46dbcedffb7916e6816641d76f&amp;width=780&amp;height=520&amp;quality=70&amp;smart=true\" width=\"700\" \/><\/div>\n<p><span style=\"font-size: 8pt;\"><strong>Cristina Kirchner sale al balc\u00f3n en su casa de San Jos\u00e9 1111<\/strong><\/span><\/p>\n<p><b>Cristina Kirchner intent\u00f3 sin suerte poner a resguardo dos inmuebles, diez departamentos en R\u00edo Gallegos y una serie de terrenos en Lago Argentino, tambi\u00e9n en Santa Cruz, todas propiedades que fueron cedidas a sus hijos y que no forman parte del proceso.<\/b><\/p>\n<p>Pero los jueces se\u00f1alaron que en los delitos de corrupci\u00f3n complejos no se puede exigir una \u201ctrazabilidad lineal\u201d del dinero il\u00edcito y basta con probar una vinculaci\u00f3n econ\u00f3mica razonable.<\/p>\n<p>Destacaron tambi\u00e9n que<b>\u00a0no es una pena contra M\u00e1ximo y Florencia Kirchner en particular, sino una medida \u201crestaurativa del patrimonio estatal\u201d.<\/b><\/p>\n<p>\u201cEl decomiso no persigue castigar a los actuales titulares, sino recuperar para el Estado aquellos bienes cuya causa jur\u00eddica se encuentra afectada por su vinculaci\u00f3n con el delito ya juzgado\u201d, concluyeron los jueces. \/<a href=\"https:\/\/www.lanacion.com.ar\/politica\/uno-por-uno-los-bienes-que-la-justicia-le-decomisara-a-cristina-kirchner-nid24042026\/\">La Naci\u00f3n<\/a><\/div>\n","protected":false},"excerpt":{"rendered":"<p>La C\u00e1mara de Casaci\u00f3n confirm\u00f3 este viernes el decomiso de los bienes de la expresidenta Cristina Kirchner, sus hijos M\u00e1ximo y Florencia, y el empresario L\u00e1zaro B\u00e1ez, para comenzar a cubrir los casi $685.000 millones por los que deben responder los condenados por la causa Vialidad, por la que la expresidenta cumple una condena de &hellip;<\/p>\n","protected":false},"author":2,"featured_media":16368,"comment_status":"open","ping_status":"open","sticky":false,"template":"","format":"standard","meta":{"footnotes":""},"categories":[47,33],"tags":[122,3223],"class_list":["post-16367","post","type-post","status-publish","format-standard","has-post-thumbnail","hentry","category-justicia","category-nacionales","tag-cristina","tag-propiedades"],"_links":{"self":[{"href":"https:\/\/cafeprensa.com.ar\/index.php\/wp-json\/wp\/v2\/posts\/16367","targetHints":{"allow":["GET"]}}],"collection":[{"href":"https:\/\/cafeprensa.com.ar\/index.php\/wp-json\/wp\/v2\/posts"}],"about":[{"href":"https:\/\/cafeprensa.com.ar\/index.php\/wp-json\/wp\/v2\/types\/post"}],"author":[{"embeddable":true,"href":"https:\/\/cafeprensa.com.ar\/index.php\/wp-json\/wp\/v2\/users\/2"}],"replies":[{"embeddable":true,"href":"https:\/\/cafeprensa.com.ar\/index.php\/wp-json\/wp\/v2\/comments?post=16367"}],"version-history":[{"count":1,"href":"https:\/\/cafeprensa.com.ar\/index.php\/wp-json\/wp\/v2\/posts\/16367\/revisions"}],"predecessor-version":[{"id":16369,"href":"https:\/\/cafeprensa.com.ar\/index.php\/wp-json\/wp\/v2\/posts\/16367\/revisions\/16369"}],"wp:featuredmedia":[{"embeddable":true,"href":"https:\/\/cafeprensa.com.ar\/index.php\/wp-json\/wp\/v2\/media\/16368"}],"wp:attachment":[{"href":"https:\/\/cafeprensa.com.ar\/index.php\/wp-json\/wp\/v2\/media?parent=16367"}],"wp:term":[{"taxonomy":"category","embeddable":true,"href":"https:\/\/cafeprensa.com.ar\/index.php\/wp-json\/wp\/v2\/categories?post=16367"},{"taxonomy":"post_tag","embeddable":true,"href":"https:\/\/cafeprensa.com.ar\/index.php\/wp-json\/wp\/v2\/tags?post=16367"}],"curies":[{"name":"wp","href":"https:\/\/api.w.org\/{rel}","templated":true}]}}