{"id":16380,"date":"2026-04-28T21:51:31","date_gmt":"2026-04-29T00:51:31","guid":{"rendered":"https:\/\/cafeprensa.com.ar\/?p=16380"},"modified":"2026-04-28T21:51:31","modified_gmt":"2026-04-29T00:51:31","slug":"jose-ascarate-me-pueden-quitar-el-partido-pero-no-el-radicalismo-ni-la-ideologia","status":"publish","type":"post","link":"https:\/\/cafeprensa.com.ar\/index.php\/2026\/04\/28\/jose-ascarate-me-pueden-quitar-el-partido-pero-no-el-radicalismo-ni-la-ideologia\/","title":{"rendered":"Jos\u00e9 Asc\u00e1rate: \u201cMe pueden quitar el partido, pero no el radicalismo ni la ideolog\u00eda\u201d"},"content":{"rendered":"<p data-start=\"194\" data-end=\"439\">El interventor del ERSEPT, <strong data-start=\"220\" data-end=\"237\">Jos\u00e9 Asc\u00e1rate<\/strong>, dialog\u00f3 con <em data-start=\"251\" data-end=\"264\">Caf\u00e9 Prensa<\/em> sobre el aumento tarifario de la energ\u00eda el\u00e9ctrica a nivel provincial y nacional. Adem\u00e1s, analiz\u00f3 la situaci\u00f3n actual del radicalismo tucumano y su rol dentro del Gobierno.<\/p>\n<p data-start=\"441\" data-end=\"915\">En relaci\u00f3n a su v\u00ednculo con la pol\u00edtica, Asc\u00e1rate asegur\u00f3 que no la extra\u00f1a y que hoy la vive de otra manera. En ese sentido, sostuvo que le resulta dif\u00edcil tomar distancia al observar \u201ccon dolor la situaci\u00f3n en la que se encuentra el radicalismo\u201d, en referencia a la intervenci\u00f3n partidaria que, seg\u00fan explic\u00f3, limita la participaci\u00f3n de los afiliados locales, ya que \u201cno toman decisiones y se baja l\u00ednea desde autoridades nacionales que definen qu\u00e9 se hace en Tucum\u00e1n\u201d.<\/p>\n<p data-start=\"917\" data-end=\"1222\">Asimismo, record\u00f3 que la UCR hist\u00f3ricamente represent\u00f3 a la oposici\u00f3n y se\u00f1al\u00f3 que en la Legislatura hay referentes provenientes de ese espacio, como Jos\u00e9 Cano, Silvia El\u00edas y Agust\u00edn Romano Norri. Sin embargo, advirti\u00f3 que \u201clas vanidades de grupo se sobreponen a una actitud com\u00fan que deber\u00eda existir\u201d.<\/p>\n<p data-start=\"1224\" data-end=\"1515\">Sobre su decisi\u00f3n de aceptar el cargo en el ERSEPT, explic\u00f3 que cuando le dio el \u201cs\u00ed quiero\u201d al gobernador pidi\u00f3 licencia en su afiliaci\u00f3n partidaria, al entender que \u201cprimero est\u00e1 resolver los problemas de la provincia de Tucum\u00e1n antes que mirarlos desde la visi\u00f3n de un partido pol\u00edtico\u201d.<\/p>\n<p data-start=\"1517\" data-end=\"1916\">En esa l\u00ednea, afirm\u00f3 que \u201cme pueden quitar el partido, pero no el radicalismo ni la ideolog\u00eda\u201d, y remarc\u00f3 que, si el partido se normaliza mediante el voto de los afiliados, volver\u00eda a participar. No obstante, cuestion\u00f3 el esquema actual al se\u00f1alar que \u201cno tiene sentido que los afiliados no opinen\u201d y que muchos dirigentes est\u00e9n pendientes de \u201clo que dice Catal\u00e1n o qu\u00e9 opinar para no quedar mal\u201d.<\/p>\n<p data-start=\"1918\" data-end=\"2337\">Tambi\u00e9n fue cr\u00edtico con el presente del espacio: \u201cEl radicalismo jam\u00e1s tuvo como norma quedar bien ante alguien, naci\u00f3 como un partido disruptivo\u201d y plante\u00f3 que hoy deber\u00eda preguntarse \u201cd\u00f3nde est\u00e1 la causa de los despose\u00eddos\u201d. En ese marco, consider\u00f3 que no se encuentra ni en el oficialismo libertario ni en sus referentes actuales, al afirmar que \u201cjusto ellos los est\u00e1n desposeyendo, as\u00ed que dej\u00e9monos de zonceras\u201d.<\/p>\n<p data-start=\"2339\" data-end=\"2950\">Respecto a su continuidad en la funci\u00f3n p\u00fablica, indic\u00f3 que se siente c\u00f3modo, aunque aclar\u00f3 que su permanencia depende de decisiones pol\u00edticas: \u201cPuedo durar hasta ma\u00f1ana porque, en el momento en que requieran el lugar, lo tengo que dejar\u201d. En cuanto a una posible candidatura, sostuvo que no cree que el gobernador lo proponga, ya que existen dirigentes con mayor recorrido territorial, y destac\u00f3 que su rol actual responde a una vocaci\u00f3n de servicio: \u201cDecid\u00ed colaborar en beneficio de la provincia, ordenando lo que estaba desordenado y tratando de impulsar inversiones con el menor costo tarifario posible\u201d.<\/p>\n<h2 data-section-id=\"d9mph0\" data-start=\"2957\" data-end=\"2991\">Futuro pol\u00edtico y radicalismo<\/h2>\n<p data-start=\"2993\" data-end=\"3400\">Consultado sobre su futuro pol\u00edtico, Asc\u00e1rate se\u00f1al\u00f3 que no tiene definido un proyecto electoral y admiti\u00f3 que, en el escenario actual, \u201cvotar\u00eda a la gente de La Libertad Avanza\u201d, al considerar que \u201cel da\u00f1o que se est\u00e1 haciendo es tremendo en materia de autonom\u00eda energ\u00e9tica y vial\u201d. En esa l\u00ednea, advirti\u00f3 que \u201cun a\u00f1o de desinversi\u00f3n implica diez a\u00f1os de inversiones continuas para recuperar lo perdido\u201d.<\/p>\n<p data-start=\"3402\" data-end=\"3829\">De cara a las pr\u00f3ximas elecciones, analiz\u00f3 que no observa figuras claras dentro del radicalismo: \u201cHasta ac\u00e1 no veo un candidato radical para el a\u00f1o que viene\u201d, salvo eventuales definiciones de dirigentes como Mariano Campero o Roberto S\u00e1nchez. Tambi\u00e9n cuestion\u00f3 la actitud de la dirigencia al considerar que \u201clos veo jugando muy c\u00f3modos en una posici\u00f3n en la que dejaron intervenir el partido y dejaron de hacer radicalismo\u201d.<\/p>\n<h2 data-section-id=\"ck3mqf\" data-start=\"3836\" data-end=\"3859\">Aumentos de tarifa<\/h2>\n<p data-start=\"3861\" data-end=\"4167\">En relaci\u00f3n al incremento tarifario, Asc\u00e1rate explic\u00f3 que el aumento ronda el 40%, compuesto por distintos tramos. Detall\u00f3 que \u201cya hay un 20% que proviene de Naci\u00f3n\u201d, correspondiente al precio del kilovatio en el costo de abastecimiento, aplicado en abril, y que se prev\u00e9 otro incremento similar en mayo.<\/p>\n<p data-start=\"4169\" data-end=\"4463\">Al explicar el impacto en la factura, precis\u00f3 que la boleta se divide en tres componentes: el costo de abastecimiento, el valor de distribuci\u00f3n (VAR) y los impuestos. En ese sentido, indic\u00f3 que \u201csi el aumento es del 20% sobre la energ\u00eda, en la tarifa final impacta aproximadamente en un 10%\u201d.<\/p>\n<p data-start=\"4465\" data-end=\"4765\">Adem\u00e1s, se\u00f1al\u00f3 que el valor de distribuci\u00f3n se mantiene estable por el momento, tras un acuerdo que fij\u00f3 un tope del 18%, aplicado de manera escalonada: \u201cun 13% entre abril y mayo, y el 5% restante en una etapa posterior\u201d, con el objetivo de que los incrementos sean menores al costo de la energ\u00eda.<\/p>\n<p data-start=\"4767\" data-end=\"5168\">Finalmente, revel\u00f3 que la empresa EDET hab\u00eda solicitado un aumento del 28%, pero se logr\u00f3 reducirlo: \u201cEDET pidi\u00f3 un 28% de incremento y conseguimos bajarlo al 18%, en l\u00ednea con valores razonables de la econom\u00eda\u201d. En ese sentido, concluy\u00f3 que \u201clos aumentos no pueden estar por encima de esos valores\u201d y aclar\u00f3 que, una vez aplicados, \u201cno se eval\u00faan nuevos incrementos hasta que finalice el semestre\u201d.<\/p>\n<p>&nbsp;<\/p>\n<p>&nbsp;<\/p>\n<p>&nbsp;<\/p>\n","protected":false},"excerpt":{"rendered":"<p>El interventor del ERSEPT, Jos\u00e9 Asc\u00e1rate, dialog\u00f3 con Caf\u00e9 Prensa sobre el aumento tarifario de la energ\u00eda el\u00e9ctrica a nivel provincial y nacional. Adem\u00e1s, analiz\u00f3 la situaci\u00f3n actual del radicalismo tucumano y su rol dentro del Gobierno. En relaci\u00f3n a su v\u00ednculo con la pol\u00edtica, Asc\u00e1rate asegur\u00f3 que no la extra\u00f1a y que hoy la &hellip;<\/p>\n","protected":false},"author":2,"featured_media":16505,"comment_status":"open","ping_status":"open","sticky":false,"template":"","format":"standard","meta":{"footnotes":""},"categories":[34],"tags":[343,3239,268,158],"class_list":["post-16380","post","type-post","status-publish","format-standard","has-post-thumbnail","hentry","category-locales","tag-ersept","tag-jose-ascarate","tag-radicalismo","tag-tarifas"],"_links":{"self":[{"href":"https:\/\/cafeprensa.com.ar\/index.php\/wp-json\/wp\/v2\/posts\/16380","targetHints":{"allow":["GET"]}}],"collection":[{"href":"https:\/\/cafeprensa.com.ar\/index.php\/wp-json\/wp\/v2\/posts"}],"about":[{"href":"https:\/\/cafeprensa.com.ar\/index.php\/wp-json\/wp\/v2\/types\/post"}],"author":[{"embeddable":true,"href":"https:\/\/cafeprensa.com.ar\/index.php\/wp-json\/wp\/v2\/users\/2"}],"replies":[{"embeddable":true,"href":"https:\/\/cafeprensa.com.ar\/index.php\/wp-json\/wp\/v2\/comments?post=16380"}],"version-history":[{"count":3,"href":"https:\/\/cafeprensa.com.ar\/index.php\/wp-json\/wp\/v2\/posts\/16380\/revisions"}],"predecessor-version":[{"id":16506,"href":"https:\/\/cafeprensa.com.ar\/index.php\/wp-json\/wp\/v2\/posts\/16380\/revisions\/16506"}],"wp:featuredmedia":[{"embeddable":true,"href":"https:\/\/cafeprensa.com.ar\/index.php\/wp-json\/wp\/v2\/media\/16505"}],"wp:attachment":[{"href":"https:\/\/cafeprensa.com.ar\/index.php\/wp-json\/wp\/v2\/media?parent=16380"}],"wp:term":[{"taxonomy":"category","embeddable":true,"href":"https:\/\/cafeprensa.com.ar\/index.php\/wp-json\/wp\/v2\/categories?post=16380"},{"taxonomy":"post_tag","embeddable":true,"href":"https:\/\/cafeprensa.com.ar\/index.php\/wp-json\/wp\/v2\/tags?post=16380"}],"curies":[{"name":"wp","href":"https:\/\/api.w.org\/{rel}","templated":true}]}}