{"id":1640,"date":"2024-03-09T14:09:31","date_gmt":"2024-03-09T13:09:31","guid":{"rendered":"https:\/\/cafeprensa.com.ar\/?p=1640"},"modified":"2024-03-09T14:09:31","modified_gmt":"2024-03-09T13:09:31","slug":"jose-cano-la-foto-de-jaldo-con-alfaro-no-me-parece-un-hecho-para-rasgarse-las-vestiduras","status":"publish","type":"post","link":"https:\/\/cafeprensa.com.ar\/index.php\/2024\/03\/09\/jose-cano-la-foto-de-jaldo-con-alfaro-no-me-parece-un-hecho-para-rasgarse-las-vestiduras\/","title":{"rendered":"Jos\u00e9 Cano: \u00abLa foto de Jaldo con Alfaro no me parece un hecho para rasgarse las vestiduras\u00bb"},"content":{"rendered":"<p>El legislador radical <strong>Jos\u00e9 Cano<\/strong>, en di\u00e1logo con Caf\u00e9 Prensa se refiri\u00f3 a los anuncios del Gobernado Osvaldo Jaldo como as\u00ed tambi\u00e9n analiz\u00f3 la posibilidad de modificar las elecciones seccionales por departamentales. Adem\u00e1s, se refiri\u00f3 a la situaci\u00f3n en la que se encuentra la oposici\u00f3n tucumana en relaci\u00f3n al contexto pol\u00edtico actual. Finalmente, expres\u00f3 su visi\u00f3n sobre la pol\u00edtica nacional y el rol del radicalismo en la misma.<\/p>\n<p>Escucha la nota completa:<\/p>\n<audio class=\"wp-audio-shortcode\" id=\"audio-1640-1\" preload=\"none\" style=\"width: 100%;\" controls=\"controls\"><source type=\"audio\/mpeg\" src=\"https:\/\/cafeprensa.com.ar\/wp-content\/uploads\/2024\/03\/09-03-Jose-Cano-parte-2-Cafe-prensa.mp3?_=1\" \/><a href=\"https:\/\/cafeprensa.com.ar\/wp-content\/uploads\/2024\/03\/09-03-Jose-Cano-parte-2-Cafe-prensa.mp3\">https:\/\/cafeprensa.com.ar\/wp-content\/uploads\/2024\/03\/09-03-Jose-Cano-parte-2-Cafe-prensa.mp3<\/a><\/audio>\n<audio class=\"wp-audio-shortcode\" id=\"audio-1640-2\" preload=\"none\" style=\"width: 100%;\" controls=\"controls\"><source type=\"audio\/mpeg\" src=\"https:\/\/cafeprensa.com.ar\/wp-content\/uploads\/2024\/03\/09-03-Jose-Cano-parte-1-Cafe-prensa.mp3?_=2\" \/><a href=\"https:\/\/cafeprensa.com.ar\/wp-content\/uploads\/2024\/03\/09-03-Jose-Cano-parte-1-Cafe-prensa.mp3\">https:\/\/cafeprensa.com.ar\/wp-content\/uploads\/2024\/03\/09-03-Jose-Cano-parte-1-Cafe-prensa.mp3<\/a><\/audio>\n<p>&nbsp;<\/p>\n","protected":false},"excerpt":{"rendered":"<p>El legislador radical Jos\u00e9 Cano, en di\u00e1logo con Caf\u00e9 Prensa se refiri\u00f3 a los anuncios del Gobernado Osvaldo Jaldo como as\u00ed tambi\u00e9n analiz\u00f3 la posibilidad de modificar las elecciones seccionales por departamentales. Adem\u00e1s, se refiri\u00f3 a la situaci\u00f3n en la que se encuentra la oposici\u00f3n tucumana en relaci\u00f3n al contexto pol\u00edtico actual. Finalmente, expres\u00f3 su &hellip;<\/p>\n","protected":false},"author":2,"featured_media":1641,"comment_status":"open","ping_status":"open","sticky":false,"template":"","format":"standard","meta":{"footnotes":""},"categories":[34],"tags":[267,266,200,264,265,268,271,270,269],"class_list":["post-1640","post","type-post","status-publish","format-standard","has-post-thumbnail","hentry","category-locales","tag-beatriz-avila","tag-german-alfaro","tag-javier-milei","tag-jose-cano","tag-osvaldo-jaldo","tag-radicalismo","tag-reforma-costitucional","tag-reforma-electoral","tag-tucuman-dialoga"],"_links":{"self":[{"href":"https:\/\/cafeprensa.com.ar\/index.php\/wp-json\/wp\/v2\/posts\/1640","targetHints":{"allow":["GET"]}}],"collection":[{"href":"https:\/\/cafeprensa.com.ar\/index.php\/wp-json\/wp\/v2\/posts"}],"about":[{"href":"https:\/\/cafeprensa.com.ar\/index.php\/wp-json\/wp\/v2\/types\/post"}],"author":[{"embeddable":true,"href":"https:\/\/cafeprensa.com.ar\/index.php\/wp-json\/wp\/v2\/users\/2"}],"replies":[{"embeddable":true,"href":"https:\/\/cafeprensa.com.ar\/index.php\/wp-json\/wp\/v2\/comments?post=1640"}],"version-history":[{"count":1,"href":"https:\/\/cafeprensa.com.ar\/index.php\/wp-json\/wp\/v2\/posts\/1640\/revisions"}],"predecessor-version":[{"id":1644,"href":"https:\/\/cafeprensa.com.ar\/index.php\/wp-json\/wp\/v2\/posts\/1640\/revisions\/1644"}],"wp:featuredmedia":[{"embeddable":true,"href":"https:\/\/cafeprensa.com.ar\/index.php\/wp-json\/wp\/v2\/media\/1641"}],"wp:attachment":[{"href":"https:\/\/cafeprensa.com.ar\/index.php\/wp-json\/wp\/v2\/media?parent=1640"}],"wp:term":[{"taxonomy":"category","embeddable":true,"href":"https:\/\/cafeprensa.com.ar\/index.php\/wp-json\/wp\/v2\/categories?post=1640"},{"taxonomy":"post_tag","embeddable":true,"href":"https:\/\/cafeprensa.com.ar\/index.php\/wp-json\/wp\/v2\/tags?post=1640"}],"curies":[{"name":"wp","href":"https:\/\/api.w.org\/{rel}","templated":true}]}}