{"id":16416,"date":"2026-04-26T11:22:54","date_gmt":"2026-04-26T14:22:54","guid":{"rendered":"https:\/\/cafeprensa.com.ar\/?p=16416"},"modified":"2026-04-26T11:46:50","modified_gmt":"2026-04-26T14:46:50","slug":"una-familia-tucumana-ya-necesita-mas-de-12-millones-al-mes-para-no-ser-pobre","status":"publish","type":"post","link":"https:\/\/cafeprensa.com.ar\/index.php\/2026\/04\/26\/una-familia-tucumana-ya-necesita-mas-de-12-millones-al-mes-para-no-ser-pobre\/","title":{"rendered":"Una familia tucumana ya necesita m\u00e1s de $1,2 millones al mes para no ser pobre"},"content":{"rendered":"<div class=\"space-y-3\">\n<div class=\"max-w-4xl\">\n<p class=\"__className_c59aa5 text-lg pt-2\">El costo de vida en la provincia mostr\u00f3 una presi\u00f3n superior al \u00edndice general de precios durante marzo, con aumentos del 3,8% en la Canasta B\u00e1sica Alimentaria y del 3,2% en la Total, frente a una inflaci\u00f3n del 3,1%.<img loading=\"lazy\" decoding=\"async\" class=\"alignnone wp-image-16122 size-full\" src=\"https:\/\/cafeprensa.com.ar\/wp-content\/uploads\/2026\/04\/Loteo-las-pircas.jpg\" alt=\"\" width=\"970\" height=\"90\" srcset=\"https:\/\/cafeprensa.com.ar\/wp-content\/uploads\/2026\/04\/Loteo-las-pircas.jpg 970w, https:\/\/cafeprensa.com.ar\/wp-content\/uploads\/2026\/04\/Loteo-las-pircas-300x28.jpg 300w, https:\/\/cafeprensa.com.ar\/wp-content\/uploads\/2026\/04\/Loteo-las-pircas-768x71.jpg 768w\" sizes=\"auto, (max-width: 970px) 100vw, 970px\" \/><\/p>\n<p class=\"__className_c59aa5 text-lg pt-2\"><strong>Seg\u00fan la Direcci\u00f3n de Estad\u00edstica de la Provincia, un hogar tipo requiere $1.205.941 mensuales para cubrir sus necesidades b\u00e1sicas, lo que representa un gasto diario de casi $40.200 para evitar caer bajo la l\u00ednea de pobreza. <\/strong>El informe t\u00e9cnico de la Direcci\u00f3n de Estad\u00edstica de la Provincia (DEP) revel\u00f3 que las canastas que miden los umbrales de indigencia y pobreza en Tucum\u00e1n crecieron por encima del nivel general de precios durante el tercer mes del a\u00f1o.<img loading=\"lazy\" decoding=\"async\" class=\"alignnone wp-image-16115 size-large\" src=\"https:\/\/cafeprensa.com.ar\/wp-content\/uploads\/2026\/04\/713bfa9a7c7a883ab9b795e51dc56f23-1-1024x288.webp\" alt=\"\" width=\"1024\" height=\"288\" srcset=\"https:\/\/cafeprensa.com.ar\/wp-content\/uploads\/2026\/04\/713bfa9a7c7a883ab9b795e51dc56f23-1-1024x288.webp 1024w, https:\/\/cafeprensa.com.ar\/wp-content\/uploads\/2026\/04\/713bfa9a7c7a883ab9b795e51dc56f23-1-300x84.webp 300w, https:\/\/cafeprensa.com.ar\/wp-content\/uploads\/2026\/04\/713bfa9a7c7a883ab9b795e51dc56f23-1-768x216.webp 768w, https:\/\/cafeprensa.com.ar\/wp-content\/uploads\/2026\/04\/713bfa9a7c7a883ab9b795e51dc56f23-1-1536x432.webp 1536w, https:\/\/cafeprensa.com.ar\/wp-content\/uploads\/2026\/04\/713bfa9a7c7a883ab9b795e51dc56f23-1-2048x576.webp 2048w\" sizes=\"auto, (max-width: 1024px) 100vw, 1024px\" \/><\/p>\n<\/div>\n<\/div>\n<div class=\"flex flex-col md:flex-row mt-3 gap-4 relative\">\n<div class=\"grow md:w-[856px] relative\">\n<div class=\"md:flex md:items-start md:justify-between md:gap-8 relative \">\n<div class=\"pb-7 font-thin\">\n<p class=\"text-lg\"><strong>Mientras que la inflaci\u00f3n provincial se ubic\u00f3 en el 3,1%, la Canasta B\u00e1sica Alimentaria (CBA) registr\u00f3 un incremento del 3,8% y la Canasta B\u00e1sica Total (CBT) subi\u00f3 un 3,2%. Esta din\u00e1mica sit\u00faa a gran parte de la poblaci\u00f3n en una situaci\u00f3n de vulnerabilidad, ya que el encarecimiento de los bienes y servicios esenciales supera la velocidad de la actualizaci\u00f3n de los ingresos promedio.<\/strong><\/p>\n<p><img decoding=\"async\" class=\"max-w-full h-auto object-contain\" title=\"Captura de pantalla 2026-04-15 154541.png\" src=\"https:\/\/res.cloudinary.com\/dut4yhfgk\/image\/upload\/v1776278754\/Noticias\/general\/imagen-contenido\/content\/content-image-Captura%20-1776278753568.png\" alt=\"Captura de pantalla 2026-04-15 154541.png\" \/><\/p>\n<p class=\"text-lg\"><strong>El documento pone el foco en la situaci\u00f3n del Hogar Tipo 2, una unidad de referencia compuesta por cuatro integrantes (un var\u00f3n de 35 a\u00f1os, una mujer de 31, una ni\u00f1a de 8 y un ni\u00f1o de 6). Para este grupo familiar, la l\u00ednea de pobreza (CBT) se ubic\u00f3 en marzo en $1.205.941. Esta cifra implica que una familia tucumana debe destinar $40.198 por d\u00eda para costear el sustento vital que incluye alimentos y servicios b\u00e1sicos. Por su parte, para no ser considerada indigente, esa misma familia necesit\u00f3 $608.155 mensuales solo para cubrir sus necesidades nutricionales m\u00ednimas.<img loading=\"lazy\" decoding=\"async\" class=\"alignnone wp-image-16422 size-large\" src=\"https:\/\/cafeprensa.com.ar\/wp-content\/uploads\/2026\/04\/IMG-20260331-WA0032-1-1024x256.jpg\" alt=\"\" width=\"1024\" height=\"256\" srcset=\"https:\/\/cafeprensa.com.ar\/wp-content\/uploads\/2026\/04\/IMG-20260331-WA0032-1-1024x256.jpg 1024w, https:\/\/cafeprensa.com.ar\/wp-content\/uploads\/2026\/04\/IMG-20260331-WA0032-1-300x75.jpg 300w, https:\/\/cafeprensa.com.ar\/wp-content\/uploads\/2026\/04\/IMG-20260331-WA0032-1-768x192.jpg 768w, https:\/\/cafeprensa.com.ar\/wp-content\/uploads\/2026\/04\/IMG-20260331-WA0032-1-1536x384.jpg 1536w, https:\/\/cafeprensa.com.ar\/wp-content\/uploads\/2026\/04\/IMG-20260331-WA0032-1.jpg 1584w\" sizes=\"auto, (max-width: 1024px) 100vw, 1024px\" \/><\/strong><\/p>\n<p class=\"text-lg\">En lo que va de 2026, el aumento acumulado de las canastas tambi\u00e9n muestra cifras preocupantes. La CBA escal\u00f3 un 14,0% desde diciembre de 2025, mientras que la CBT acumula un alza del 11,4% en el primer trimestre del a\u00f1o. <strong>Si se analiza la variaci\u00f3n interanual respecto a marzo de 2025, el costo de la canasta alimentaria se dispar\u00f3 un 35,4% y la canasta total un 32,2%. No obstante, un dato relevante es que el incremento del 3,8% en la CBA de marzo representa la suba mensual m\u00e1s baja registrada desde noviembre del a\u00f1o pasado, cuando hab\u00eda marcado un 5,4%.<\/strong><\/p>\n<p><img decoding=\"async\" class=\"max-w-full h-auto object-contain\" title=\"Captura de pantalla 2026-04-15 154619.png\" src=\"https:\/\/res.cloudinary.com\/dut4yhfgk\/image\/upload\/v1776278793\/Noticias\/general\/imagen-contenido\/content\/content-image-Captura%20-1776278793096.png\" alt=\"Captura de pantalla 2026-04-15 154619.png\" \/><\/p>\n<p class=\"text-lg\">Al comparar los datos locales con los del Gran Buenos Aires (GBA) medidos por el INDEC, se observa una diferencia marcada en el costo nominal. Mientras que en Tucum\u00e1n la CBT para un hogar tipo es de $1.205.941, en el GBA asciende a $1.434.464, lo que representa una brecha de $228.523. En t\u00e9rminos porcentuales, vivir en el principal aglomerado del pa\u00eds es un 18,9% m\u00e1s caro que en Tucum\u00e1n para un hogar de iguales caracter\u00edsticas.<\/p>\n<p><img decoding=\"async\" class=\"max-w-full h-auto object-contain\" title=\"Captura de pantalla 2026-04-15 154710.png\" src=\"https:\/\/res.cloudinary.com\/dut4yhfgk\/image\/upload\/v1776278846\/Noticias\/general\/imagen-contenido\/content\/content-image-Captura%20-1776278845402.png\" alt=\"Captura de pantalla 2026-04-15 154710.png\" \/><\/p>\n<p class=\"text-lg\"><strong>La CBA de Tucum\u00e1n se compone de una lista de 60 bienes b\u00e1sicos, que incluyen desde pan franc\u00e9s (7,5 kg), carne molida (930 g) y pollo (2,1 kg), hasta art\u00edculos de almac\u00e9n y bebidas. Para su valorizaci\u00f3n, se toman los precios relevados por el \u00edndice de precios al consumidor local (IPCT) y se aplican a los requerimientos energ\u00e9ticos de un \u00abadulto equivalente\u00bb (var\u00f3n de 30 a 60 a\u00f1os con actividad moderada), estimado en 2.750 kcal diarias.<img loading=\"lazy\" decoding=\"async\" class=\"alignnone wp-image-16421 size-large\" src=\"https:\/\/cafeprensa.com.ar\/wp-content\/uploads\/2026\/04\/655454451_1351226433708218_7599175584347977023_n-1-1024x110.jpg\" alt=\"\" width=\"1024\" height=\"110\" srcset=\"https:\/\/cafeprensa.com.ar\/wp-content\/uploads\/2026\/04\/655454451_1351226433708218_7599175584347977023_n-1-1024x110.jpg 1024w, https:\/\/cafeprensa.com.ar\/wp-content\/uploads\/2026\/04\/655454451_1351226433708218_7599175584347977023_n-1-300x32.jpg 300w, https:\/\/cafeprensa.com.ar\/wp-content\/uploads\/2026\/04\/655454451_1351226433708218_7599175584347977023_n-1-768x82.jpg 768w, https:\/\/cafeprensa.com.ar\/wp-content\/uploads\/2026\/04\/655454451_1351226433708218_7599175584347977023_n-1-1536x164.jpg 1536w, https:\/\/cafeprensa.com.ar\/wp-content\/uploads\/2026\/04\/655454451_1351226433708218_7599175584347977023_n-1.jpg 2048w\" sizes=\"auto, (max-width: 1024px) 100vw, 1024px\" \/> <\/strong><\/p>\n<p class=\"text-lg\"><strong>Para determinar la CBT, la DEP utiliza el coeficiente de Engel, que permite expandir el valor de la canasta alimentaria considerando los gastos en bienes y servicios no alimentarios observados en la poblaci\u00f3n.<img loading=\"lazy\" decoding=\"async\" class=\"alignnone wp-image-16340 size-large\" src=\"https:\/\/cafeprensa.com.ar\/wp-content\/uploads\/2026\/04\/Screenshot_20260422_105453_WhatsApp-1-1024x589.jpg\" alt=\"\" width=\"1024\" height=\"589\" srcset=\"https:\/\/cafeprensa.com.ar\/wp-content\/uploads\/2026\/04\/Screenshot_20260422_105453_WhatsApp-1-1024x589.jpg 1024w, https:\/\/cafeprensa.com.ar\/wp-content\/uploads\/2026\/04\/Screenshot_20260422_105453_WhatsApp-1-300x173.jpg 300w, https:\/\/cafeprensa.com.ar\/wp-content\/uploads\/2026\/04\/Screenshot_20260422_105453_WhatsApp-1-768x442.jpg 768w, https:\/\/cafeprensa.com.ar\/wp-content\/uploads\/2026\/04\/Screenshot_20260422_105453_WhatsApp-1-1536x883.jpg 1536w, https:\/\/cafeprensa.com.ar\/wp-content\/uploads\/2026\/04\/Screenshot_20260422_105453_WhatsApp-1-2048x1178.jpg 2048w\" sizes=\"auto, (max-width: 1024px) 100vw, 1024px\" \/><\/strong><\/p>\n<\/div>\n<\/div>\n<\/div>\n<\/div>\n","protected":false},"excerpt":{"rendered":"<p>El costo de vida en la provincia mostr\u00f3 una presi\u00f3n superior al \u00edndice general de precios durante marzo, con aumentos del 3,8% en la Canasta B\u00e1sica Alimentaria y del 3,2% en la Total, frente a una inflaci\u00f3n del 3,1%. Seg\u00fan la Direcci\u00f3n de Estad\u00edstica de la Provincia, un hogar tipo requiere $1.205.941 mensuales para cubrir &hellip;<\/p>\n","protected":false},"author":2,"featured_media":16417,"comment_status":"open","ping_status":"open","sticky":false,"template":"","format":"standard","meta":{"footnotes":""},"categories":[28,34],"tags":[2795],"class_list":["post-16416","post","type-post","status-publish","format-standard","has-post-thumbnail","hentry","category-economia","category-locales","tag-inflacion-en-2026"],"_links":{"self":[{"href":"https:\/\/cafeprensa.com.ar\/index.php\/wp-json\/wp\/v2\/posts\/16416","targetHints":{"allow":["GET"]}}],"collection":[{"href":"https:\/\/cafeprensa.com.ar\/index.php\/wp-json\/wp\/v2\/posts"}],"about":[{"href":"https:\/\/cafeprensa.com.ar\/index.php\/wp-json\/wp\/v2\/types\/post"}],"author":[{"embeddable":true,"href":"https:\/\/cafeprensa.com.ar\/index.php\/wp-json\/wp\/v2\/users\/2"}],"replies":[{"embeddable":true,"href":"https:\/\/cafeprensa.com.ar\/index.php\/wp-json\/wp\/v2\/comments?post=16416"}],"version-history":[{"count":4,"href":"https:\/\/cafeprensa.com.ar\/index.php\/wp-json\/wp\/v2\/posts\/16416\/revisions"}],"predecessor-version":[{"id":16430,"href":"https:\/\/cafeprensa.com.ar\/index.php\/wp-json\/wp\/v2\/posts\/16416\/revisions\/16430"}],"wp:featuredmedia":[{"embeddable":true,"href":"https:\/\/cafeprensa.com.ar\/index.php\/wp-json\/wp\/v2\/media\/16417"}],"wp:attachment":[{"href":"https:\/\/cafeprensa.com.ar\/index.php\/wp-json\/wp\/v2\/media?parent=16416"}],"wp:term":[{"taxonomy":"category","embeddable":true,"href":"https:\/\/cafeprensa.com.ar\/index.php\/wp-json\/wp\/v2\/categories?post=16416"},{"taxonomy":"post_tag","embeddable":true,"href":"https:\/\/cafeprensa.com.ar\/index.php\/wp-json\/wp\/v2\/tags?post=16416"}],"curies":[{"name":"wp","href":"https:\/\/api.w.org\/{rel}","templated":true}]}}