{"id":16419,"date":"2026-04-26T12:00:43","date_gmt":"2026-04-26T15:00:43","guid":{"rendered":"https:\/\/cafeprensa.com.ar\/?p=16419"},"modified":"2026-04-26T12:00:43","modified_gmt":"2026-04-26T15:00:43","slug":"la-base-estrategica-que-el-gobierno-quiere-acelerar-ante-el-reclamo-por-malvinas-y-el-nuevo-escandalo-de-un-funcionario-clave","status":"publish","type":"post","link":"https:\/\/cafeprensa.com.ar\/index.php\/2026\/04\/26\/la-base-estrategica-que-el-gobierno-quiere-acelerar-ante-el-reclamo-por-malvinas-y-el-nuevo-escandalo-de-un-funcionario-clave\/","title":{"rendered":"La base estrat\u00e9gica que el Gobierno quiere acelerar ante el reclamo por Malvinas y el nuevo esc\u00e1ndalo de un funcionario clave"},"content":{"rendered":"<p class=\"article-subheadline text_align_left\">El Poder Ejecutivo busca apoyo para la construcci\u00f3n de uno de los puntos de acceso al continente ant\u00e1rtico, el cual se vincula estrechamente con el conflicto geopol\u00edtico por las Islas. <strong>La semana clave de Manuel Adorni y los dilemas al interior de la Casa Rosada por la situaci\u00f3n de un secretario que no declar\u00f3 siete propiedades.<img loading=\"lazy\" decoding=\"async\" class=\"alignnone wp-image-16426 size-full\" src=\"https:\/\/cafeprensa.com.ar\/wp-content\/uploads\/2026\/04\/publicidades.imagen.afdf453de9248d2c.aW1hZ2VuLmdpZg.gif\" alt=\"\" width=\"728\" height=\"90\" \/><\/strong><\/p>\n<article class=\"article\">\n<div class=\"body-article \">\n<p class=\"paragraph\" data-mrf-recirculation=\"Links inline\">Un correo electr\u00f3nico del Pent\u00e1gono filtrado a Reuters gener\u00f3 uno de las novedades m\u00e1s importantes de las \u00faltimas d\u00e9cadas en la disputa por la soberan\u00eda de las\u00a0<b>Islas Malvinas<\/b>. El principal asesor pol\u00edtico del Pent\u00e1gono, Elbridge Colby, escribi\u00f3 a la c\u00fapula del Departamento de Guerra diferentes<b>\u00a0opciones para castigar a los aliados de la OTAN que no apoyaron a Donald Trump<\/b> en la guerra con Ir\u00e1n de la manera que supon\u00edan.<\/p>\n<p class=\"paragraph\" data-mrf-recirculation=\"Links inline\">\u201cEl memorando incluye la opci\u00f3n de\u00a0<b>considerar la posibilidad de reevaluar el apoyo diplom\u00e1tico de Estados Unidos a las posesiones imperiales europeas de larga data, como las Islas Malvinas<\/b>\u201d, marca el art\u00edculo. Sin esperarlo, el Gobierno de Javier Milei tuvo un viraje significativo en la agenda medi\u00e1tica, al cual se subi\u00f3 con mensajes reivindicativos sobre el reclamo argentino.<\/p>\n<p class=\"paragraph\" data-mrf-recirculation=\"Links inline\">El mail revelado por la agencia period\u00edstica parece confirmar lo que -por lo bajo y desde el a\u00f1o pasado- ven\u00edan asegurando diferentes fuentes de alt\u00edsimo rango en la Casa Rosada y el Ministerio de Defensa: que\u00a0<b>el di\u00e1logo con Estados Unidos ten\u00eda m\u00e1s aristas que el econ\u00f3mico y que impactaban directamente sobre asuntos geopol\u00edticos<\/b> de alt\u00edsimo inter\u00e9s para la opini\u00f3n p\u00fablica.<img loading=\"lazy\" decoding=\"async\" class=\"alignnone wp-image-16423 size-large\" src=\"https:\/\/cafeprensa.com.ar\/wp-content\/uploads\/2026\/04\/IMG-20260331-WA0033-1-1024x256.jpg\" alt=\"\" width=\"1024\" height=\"256\" srcset=\"https:\/\/cafeprensa.com.ar\/wp-content\/uploads\/2026\/04\/IMG-20260331-WA0033-1-1024x256.jpg 1024w, https:\/\/cafeprensa.com.ar\/wp-content\/uploads\/2026\/04\/IMG-20260331-WA0033-1-300x75.jpg 300w, https:\/\/cafeprensa.com.ar\/wp-content\/uploads\/2026\/04\/IMG-20260331-WA0033-1-768x192.jpg 768w, https:\/\/cafeprensa.com.ar\/wp-content\/uploads\/2026\/04\/IMG-20260331-WA0033-1-1536x384.jpg 1536w, https:\/\/cafeprensa.com.ar\/wp-content\/uploads\/2026\/04\/IMG-20260331-WA0033-1.jpg 1584w\" sizes=\"auto, (max-width: 1024px) 100vw, 1024px\" \/><\/p>\n<p class=\"paragraph\" data-mrf-recirculation=\"Links inline\">Ser\u00e1 interesante verificar si esta advertencia realizada por este alto asesor se verifica en los hechos cuando\u00a0<b>Trump\u00a0<\/b>y la primera dama Melania Trump reciban\u00a0<b>este lunes en Washington al rey Carlos III y a la reina Camila<\/b>, la cual configura una visita de Estado que tendr\u00e1 lugar hasta el jueves 30 de abril y que se realiza en ocasi\u00f3n del 250 aniversario de la independencia estadounidense. Ante todo, el v\u00ednculo entre ambos Estados precede a las pronunciamientos de las presidencias coyunturales.<\/p>\n<p class=\"paragraph\" data-mrf-recirculation=\"Links inline\">A los ojos de los tomadores de decisiones del Gobierno, hay un aspecto que parece tener un\u00a0<b>consenso m\u00e1s transversal en el aparato pol\u00edtico estadounidense: el apoyo a la construcci\u00f3n de la Base Naval Integrada de Ushuaia<\/b>, Tierra del Fuego. \u201c<b>Va a avanzar. Estuvo parada porque los estadounidenses tuvieron idas y vueltas<\/b>\u201d, comenta una fuente gubernamental a Infobae. Al parecer, en los \u00faltimos meses hubo una reactivaci\u00f3n de las conversaciones.<img loading=\"lazy\" decoding=\"async\" class=\"alignnone wp-image-16424 size-large\" src=\"https:\/\/cafeprensa.com.ar\/wp-content\/uploads\/2026\/04\/IMG-20260404-WA0022-2-1024x256.jpg\" alt=\"\" width=\"1024\" height=\"256\" srcset=\"https:\/\/cafeprensa.com.ar\/wp-content\/uploads\/2026\/04\/IMG-20260404-WA0022-2-1024x256.jpg 1024w, https:\/\/cafeprensa.com.ar\/wp-content\/uploads\/2026\/04\/IMG-20260404-WA0022-2-300x75.jpg 300w, https:\/\/cafeprensa.com.ar\/wp-content\/uploads\/2026\/04\/IMG-20260404-WA0022-2-768x192.jpg 768w, https:\/\/cafeprensa.com.ar\/wp-content\/uploads\/2026\/04\/IMG-20260404-WA0022-2-1536x384.jpg 1536w, https:\/\/cafeprensa.com.ar\/wp-content\/uploads\/2026\/04\/IMG-20260404-WA0022-2-2048x512.jpg 2048w\" sizes=\"auto, (max-width: 1024px) 100vw, 1024px\" \/><\/p>\n<p class=\"paragraph\" data-mrf-recirculation=\"Links inline\">Una de las versiones m\u00e1s fuertes que circul\u00f3 por estas semanas es que la base fueguina\u00a0<b>habr\u00eda sido uno de los principales temas de conversaci\u00f3n<\/b>\u00a0en la audiencia que el titular de la Secretar\u00eda de Inteligencia de Estado (<b>SIDE<\/b>), Cristian Auguadra, mantuvo en marzo con el director de la Central Intelligence Agency (<b>CIA<\/b>), John Ratcliffe,\u00a0<b>en las oficinas que el organismo tiene en Langley, Virginia<\/b>.<\/p>\n<p class=\"paragraph\" data-mrf-recirculation=\"Links inline\">Pese a que no pudo dar cuenta de la veracidad de la informaci\u00f3n, otra fuente de alt\u00edsimo calibre en el Poder Ejecutivo reconoci\u00f3 que la construcci\u00f3n de la base \u201ces un tema que importa y mucho a los americanos\u201d. \u201c<b>Les interesa todo lo que relegue la entrada de China a Latinoam\u00e9rica<\/b>. Ven que Gustavo Melella [gobernador de Tierra del Fuego] y los principales intendentes fueguinos son m\u00e1s tendientes a relacionarse con ellos\u201d, marca este funcionario.<\/p>\n<div class=\"visual__image\"><picture><source srcset=\"https:\/\/www.infobae.com\/resizer\/v2\/QM6MMBFOMVAH3OU5U5CAZ4XUHE.jpg?auth=cc7e597b8726773abdec2d76817afe9c2b11c6f934bacaa7046fa5bb1684197a&amp;smart=true&amp;width=992&amp;height=558&amp;quality=85\" media=\"(min-width: 1000px)\" \/><source srcset=\"https:\/\/www.infobae.com\/resizer\/v2\/QM6MMBFOMVAH3OU5U5CAZ4XUHE.jpg?auth=cc7e597b8726773abdec2d76817afe9c2b11c6f934bacaa7046fa5bb1684197a&amp;smart=true&amp;width=768&amp;height=432&amp;quality=85\" media=\"(min-width: 768px)\" \/><source srcset=\"https:\/\/www.infobae.com\/resizer\/v2\/QM6MMBFOMVAH3OU5U5CAZ4XUHE.jpg?auth=cc7e597b8726773abdec2d76817afe9c2b11c6f934bacaa7046fa5bb1684197a&amp;smart=true&amp;width=577&amp;height=325&amp;quality=85\" media=\"(min-width: 580px)\" \/><source srcset=\"https:\/\/www.infobae.com\/resizer\/v2\/QM6MMBFOMVAH3OU5U5CAZ4XUHE.jpg?auth=cc7e597b8726773abdec2d76817afe9c2b11c6f934bacaa7046fa5bb1684197a&amp;smart=true&amp;width=420&amp;height=236&amp;quality=85\" media=\"(min-width: 350px)\" \/><source srcset=\"https:\/\/www.infobae.com\/resizer\/v2\/QM6MMBFOMVAH3OU5U5CAZ4XUHE.jpg?auth=cc7e597b8726773abdec2d76817afe9c2b11c6f934bacaa7046fa5bb1684197a&amp;smart=true&amp;width=350&amp;height=197&amp;quality=85\" media=\"(min-width: 80px)\" \/><img loading=\"lazy\" decoding=\"async\" class=\"global-image\" src=\"https:\/\/www.infobae.com\/resizer\/v2\/QM6MMBFOMVAH3OU5U5CAZ4XUHE.jpg?auth=cc7e597b8726773abdec2d76817afe9c2b11c6f934bacaa7046fa5bb1684197a&amp;smart=true&amp;width=350&amp;height=197&amp;quality=85\" alt=\"Javier Milei se reuni\u00f3 con la general Richardson en Ushuaia portada\" width=\"1920\" height=\"1080\" \/><\/picture>Javier Milei se reuni\u00f3 con la general Richardson en Ushuaia (Presidencia)<\/div>\n<p class=\"paragraph\" data-mrf-recirculation=\"Links inline\">Esta fuente\u00a0<b>utiliza como argumento la visita que el embajador de China en Argentina, Wang Wei, hizo a la capital fueguina en marzo de este a\u00f1o<\/b>, que tuvo como uno de sus puntos fuertes la visita a una usina de generaci\u00f3n el\u00e9ctrica que est\u00e1 siendo construida con participaci\u00f3n de una empresa de capitales chinos. \u201cCon el Embajador hace tiempo venimos trabajando para que vengan inversiones reales de empresas chinas que hoy son las que marcan el mercado\u201d, marc\u00f3 Melella, seg\u00fan declaraciones publicadas por la gobernaci\u00f3n. Cabe la aclaraci\u00f3n: no es ni ser\u00e1 la excepci\u00f3n respecto a otras provincias, quienes tambi\u00e9n tienen proyectos estrat\u00e9gicos con capitales del pa\u00eds asi\u00e1tico.<img loading=\"lazy\" decoding=\"async\" class=\"alignnone wp-image-16423 size-large\" src=\"https:\/\/cafeprensa.com.ar\/wp-content\/uploads\/2026\/04\/IMG-20260331-WA0033-1-1024x256.jpg\" alt=\"\" width=\"1024\" height=\"256\" srcset=\"https:\/\/cafeprensa.com.ar\/wp-content\/uploads\/2026\/04\/IMG-20260331-WA0033-1-1024x256.jpg 1024w, https:\/\/cafeprensa.com.ar\/wp-content\/uploads\/2026\/04\/IMG-20260331-WA0033-1-300x75.jpg 300w, https:\/\/cafeprensa.com.ar\/wp-content\/uploads\/2026\/04\/IMG-20260331-WA0033-1-768x192.jpg 768w, https:\/\/cafeprensa.com.ar\/wp-content\/uploads\/2026\/04\/IMG-20260331-WA0033-1-1536x384.jpg 1536w, https:\/\/cafeprensa.com.ar\/wp-content\/uploads\/2026\/04\/IMG-20260331-WA0033-1.jpg 1584w\" sizes=\"auto, (max-width: 1024px) 100vw, 1024px\" \/><\/p>\n<p class=\"paragraph\" data-mrf-recirculation=\"Links inline\">Por el lado argentino,\u00a0<b>el desarrollo de una provincia como Tierra del Fuego es vista en clave estrat\u00e9gica, ya que tiene uno de los puertos de acceso al continente ant\u00e1rtico<\/b>. Hay otros tres en el mundo: el de Hobart,\u00a0<b>Australia<\/b>; el de Punta Arenas,\u00a0<b>Chile<\/b>; el que el\u00a0<b>Reino Unido<\/b>\u00a0est\u00e1 construyendo en las Islas Malvinas. Para los integrantes del Gobierno, la Base Naval Integrada deber\u00eda ser uno de los puntos de desarrollo para los pr\u00f3ximos a\u00f1os, sirviendo para incrementar las capacidades argentinas. Pero como trasfondo, un apoyo estadounidense a la construcci\u00f3n de esa base podr\u00eda ser interpretado como un favoritismo respecto a otros.<\/p>\n<p class=\"paragraph\" data-mrf-recirculation=\"Links inline\">La ejecuci\u00f3n de los primeros estudios para comenzar las obras comenzaron en 2022, durante la gesti\u00f3n de Jorge Taiana en el Ministerio de Defensa; pero\u00a0<b>fue el presidente Javier Milei quien le dio una particular visi\u00f3n geopol\u00edtica vinculada con Estados Unidos\u00a0<\/b>cuando visit\u00f3 las incipientes instalaciones junto a la generala del Comando Sur de los Estados Unidos, Laura Richardson, en abril del 2024.<img loading=\"lazy\" decoding=\"async\" class=\"alignnone wp-image-16435 size-full\" src=\"https:\/\/cafeprensa.com.ar\/wp-content\/uploads\/2026\/04\/img5-300x100-1.webp\" alt=\"\" width=\"300\" height=\"100\" \/><\/p>\n<p class=\"paragraph\" data-mrf-recirculation=\"Links inline\">\u201cHoy estamos aqu\u00ed para ratificar nuestro esfuerzo en el desarrollo de nuestra base naval integrada. Se trata de un gran centro log\u00edstico que constituir\u00e1 el puerto de desarrollo m\u00e1s cercano a la Ant\u00e1rtida y convertir\u00e1 a nuestros pa\u00edses en la puerta de entrada al continente blanco\u201d, declar\u00f3 Milei por ese entonces. La realizaci\u00f3n de este proyecto depende de la Armada Argentina, que estima que\u00a0<b>la inversi\u00f3n aproximada para construirla est\u00e1 entre los 400 y 500 millones de d\u00f3lares. Ese dinero no est\u00e1 disponible actualmente, alegan; salvo que exista ayuda externa<\/b>.<\/p>\n<p class=\"paragraph\" data-mrf-recirculation=\"Links inline\">M\u00e1s lejos est\u00e1n las posibilidades de poder\u00a0<b>adquirir submarinos<\/b>\u00a0como s\u00ed especul\u00f3 el mismo Presidente a finales del a\u00f1o pasado. \u201cEst\u00e1 en carpeta, pero\u00a0<b>no tenemos plata<\/b>\u201d, afirm\u00f3 una fuente inobjetable de la Presidencia, que agrega que \u201cen t\u00e9rminos estrat\u00e9gicos en lo \u00fanico que deber\u00edamos invertir es en la Armada m\u00e1s poderosa del planeta\u201d.<\/p>\n<div class=\"visual__image\"><picture><source srcset=\"https:\/\/www.infobae.com\/resizer\/v2\/WL52QY3LSKLZ2LDZ2LLVHRIQHE.jpg?auth=f958361b818d16f8471bd2c2768daf42b721400825bd5574af5f1c0502cbd4d0&amp;smart=true&amp;width=992&amp;height=715&amp;quality=85\" media=\"(min-width: 1000px)\" \/><source srcset=\"https:\/\/www.infobae.com\/resizer\/v2\/WL52QY3LSKLZ2LDZ2LLVHRIQHE.jpg?auth=f958361b818d16f8471bd2c2768daf42b721400825bd5574af5f1c0502cbd4d0&amp;smart=true&amp;width=768&amp;height=554&amp;quality=85\" media=\"(min-width: 768px)\" \/><source srcset=\"https:\/\/www.infobae.com\/resizer\/v2\/WL52QY3LSKLZ2LDZ2LLVHRIQHE.jpg?auth=f958361b818d16f8471bd2c2768daf42b721400825bd5574af5f1c0502cbd4d0&amp;smart=true&amp;width=577&amp;height=416&amp;quality=85\" media=\"(min-width: 580px)\" \/><source srcset=\"https:\/\/www.infobae.com\/resizer\/v2\/WL52QY3LSKLZ2LDZ2LLVHRIQHE.jpg?auth=f958361b818d16f8471bd2c2768daf42b721400825bd5574af5f1c0502cbd4d0&amp;smart=true&amp;width=420&amp;height=303&amp;quality=85\" media=\"(min-width: 350px)\" \/><source srcset=\"https:\/\/www.infobae.com\/resizer\/v2\/WL52QY3LSKLZ2LDZ2LLVHRIQHE.jpg?auth=f958361b818d16f8471bd2c2768daf42b721400825bd5574af5f1c0502cbd4d0&amp;smart=true&amp;width=350&amp;height=252&amp;quality=85\" media=\"(min-width: 80px)\" \/><img loading=\"lazy\" decoding=\"async\" class=\"global-image\" src=\"https:\/\/www.infobae.com\/resizer\/v2\/WL52QY3LSKLZ2LDZ2LLVHRIQHE.jpg?auth=f958361b818d16f8471bd2c2768daf42b721400825bd5574af5f1c0502cbd4d0&amp;smart=true&amp;width=350&amp;height=252&amp;quality=85\" alt=\"Javier Milei en el homenaje por el D\u00eda de los Ca\u00eddos y Veteranos de la Guerra de Malvinas. REUTERS\/Agustin Marcarian TPX IMAGES OF THE DAY\" width=\"2028\" height=\"1462\" \/><\/picture>Javier Milei en el homenaje por el D\u00eda de los Ca\u00eddos y Veteranos de la Guerra de Malvinas. REUTERS\/Agustin Marcarian TPX IMAGES OF THE DAY<\/div>\n<p class=\"paragraph\" data-mrf-recirculation=\"Links inline\">Hoy en d\u00eda, Argentina no tiene un solo submarino pese a tener una de las extensiones mar\u00edtimas m\u00e1s grandes del mundo. El\u00a0<b>ARA Santa Cruz\u00a0<\/b>est\u00e1 en los talleres de Tandanor, pero sin previsiones de salir; y el<b>\u00a0ARA Salta\u00a0<\/b>est\u00e1 amarrado en Mar del Plata y solo se utiliza para adiestramiento. Ambas fueron adquiridas en el siglo pasado. Brasil es el pa\u00eds de la regi\u00f3n con la flota de submarinos m\u00e1s poderosa de Latinoam\u00e9rica junto con Chile y Per\u00fa.<\/p>\n<p class=\"paragraph\" data-mrf-recirculation=\"Links inline\">El objetivo es que la base tenga las capacidades suficientes para recibir a los buques que se dirigen al continente ant\u00e1rtico y a los diferentes buques log\u00edsticos que circulan por la zona. \u201cEsto compite con el puerto de Punta Arenas.\u00a0<b>Los chilenos se oponen al desarrollo de nuestra base junto a los ingleses<\/b>. La cuesti\u00f3n es que hay otros pa\u00edses que nos alientan a desarrollarnos como Australia o Brasil, porque Punta Arenas les cobra much\u00edsimo\u201d, cuenta un funcionario del \u00e1mbito de la defensa. Para el caso argentino,\u00a0<b>la idea es conectar la Base Naval con la Base Petrel<\/b>, algo en lo que trabajan desde el Ministerio de Defensa en conjunto con la Secretar\u00eda de Malvinas, Ant\u00e1rtida y Atl\u00e1ntico Sur de la Canciller\u00eda, a cargo de Paola Di Chiaro.<img loading=\"lazy\" decoding=\"async\" class=\"alignnone wp-image-16421 size-large\" src=\"https:\/\/cafeprensa.com.ar\/wp-content\/uploads\/2026\/04\/655454451_1351226433708218_7599175584347977023_n-1-1024x110.jpg\" alt=\"\" width=\"1024\" height=\"110\" srcset=\"https:\/\/cafeprensa.com.ar\/wp-content\/uploads\/2026\/04\/655454451_1351226433708218_7599175584347977023_n-1-1024x110.jpg 1024w, https:\/\/cafeprensa.com.ar\/wp-content\/uploads\/2026\/04\/655454451_1351226433708218_7599175584347977023_n-1-300x32.jpg 300w, https:\/\/cafeprensa.com.ar\/wp-content\/uploads\/2026\/04\/655454451_1351226433708218_7599175584347977023_n-1-768x82.jpg 768w, https:\/\/cafeprensa.com.ar\/wp-content\/uploads\/2026\/04\/655454451_1351226433708218_7599175584347977023_n-1-1536x164.jpg 1536w, https:\/\/cafeprensa.com.ar\/wp-content\/uploads\/2026\/04\/655454451_1351226433708218_7599175584347977023_n-1.jpg 2048w\" sizes=\"auto, (max-width: 1024px) 100vw, 1024px\" \/><\/p>\n<p class=\"paragraph\" data-mrf-recirculation=\"Links inline\">Respecto a este ministerio, el\u00a0<b>malestar es fuerte entre los diplom\u00e1ticos argentinos<\/b>\u00a0que est\u00e1n esperando sus ascensos en el Senado desde mitad del a\u00f1o pasado. Son un total de 43 que fueron remitidos al Presidente por parte del entonces canciller Gerardo Werthein. <strong>Tanto en la C\u00e1mara Alta como en la Casa Rosada afirman que no hay consenso para avanzar con las postulaciones. Un importante senador del oficialismo que participa de estas charlas reconoce que los diplom\u00e1ticos \u201ctienen raz\u00f3n en estar molestos\u201d. Esto podr\u00eda solucionarse en los pr\u00f3ximos d\u00edas.<\/strong><\/p>\n<p class=\"paragraph\" data-mrf-recirculation=\"Links inline\">Es en el mismo \u00e1mbito en donde el Poder Ejecutivo envi\u00f3 los proyectos de\u00a0<b>Inviolabilidad de la Propiedad Privada<\/b>\u00a0y de\u00a0<b>Reforma Electoral<\/b>. El primero podr\u00eda avanzar en un dictamen en las pr\u00f3ximas semanas. El catalizador de esto ser\u00edan\u00a0<b>cambios significativos en la redacci\u00f3n de la Ley de Tierras\u00a0<\/b>y en las modificaciones que se pretend\u00edan sobre la Ley 27.453, que declara de inter\u00e9s p\u00fablico la integraci\u00f3n socio-urbana de los barrios populares registrados en el Registro Nacional de Barrios Populares (<b>Renabap<\/b>).<\/p>\n<p class=\"paragraph\" data-mrf-recirculation=\"Links inline\">Mayores son las incertidumbres que se plantean sobre la capacidad de cambio que puedan imprimir sobre el sistema electoral. <strong>Al menos en el corto plazo. \u201cEsto no va a ser corto y nos va a llevar much\u00edsimo tiempo\u201d, afirma un integrante del bloque de LLA en el Senado. El PRO y otros bloques aliados no est\u00e1n en favor de suspender o eliminar las PASO.<\/strong><\/p>\n<div class=\"visual__image\"><picture><source srcset=\"https:\/\/www.infobae.com\/resizer\/v2\/M3W6MQ57MFDWDAHNKSAW5FAZLA.jpg?auth=ec8952ae0e5165eb3d05a2dbd72654f495c8414c7d598d0d3aab8b2ed0a1ee39&amp;smart=true&amp;width=992&amp;height=558&amp;quality=85\" media=\"(min-width: 1000px)\" \/><source srcset=\"https:\/\/www.infobae.com\/resizer\/v2\/M3W6MQ57MFDWDAHNKSAW5FAZLA.jpg?auth=ec8952ae0e5165eb3d05a2dbd72654f495c8414c7d598d0d3aab8b2ed0a1ee39&amp;smart=true&amp;width=768&amp;height=432&amp;quality=85\" media=\"(min-width: 768px)\" \/><source srcset=\"https:\/\/www.infobae.com\/resizer\/v2\/M3W6MQ57MFDWDAHNKSAW5FAZLA.jpg?auth=ec8952ae0e5165eb3d05a2dbd72654f495c8414c7d598d0d3aab8b2ed0a1ee39&amp;smart=true&amp;width=577&amp;height=325&amp;quality=85\" media=\"(min-width: 580px)\" \/><source srcset=\"https:\/\/www.infobae.com\/resizer\/v2\/M3W6MQ57MFDWDAHNKSAW5FAZLA.jpg?auth=ec8952ae0e5165eb3d05a2dbd72654f495c8414c7d598d0d3aab8b2ed0a1ee39&amp;smart=true&amp;width=420&amp;height=236&amp;quality=85\" media=\"(min-width: 350px)\" \/><source srcset=\"https:\/\/www.infobae.com\/resizer\/v2\/M3W6MQ57MFDWDAHNKSAW5FAZLA.jpg?auth=ec8952ae0e5165eb3d05a2dbd72654f495c8414c7d598d0d3aab8b2ed0a1ee39&amp;smart=true&amp;width=350&amp;height=197&amp;quality=85\" media=\"(min-width: 80px)\" \/><img loading=\"lazy\" decoding=\"async\" class=\"global-image\" src=\"https:\/\/www.infobae.com\/resizer\/v2\/M3W6MQ57MFDWDAHNKSAW5FAZLA.jpg?auth=ec8952ae0e5165eb3d05a2dbd72654f495c8414c7d598d0d3aab8b2ed0a1ee39&amp;smart=true&amp;width=350&amp;height=197&amp;quality=85\" alt=\"Mart\u00edn Menem y Cristian Ritondo\" width=\"1920\" height=\"1080\" \/><\/picture><span style=\"font-size: 8pt;\"><strong>Mart\u00edn Menem y Cristian Ritondo<\/strong><\/span><\/div>\n<p class=\"paragraph\" data-mrf-recirculation=\"Links inline\">El motivo es pol\u00edtico m\u00e1s que ideol\u00f3gico: a diferencia de los libertarios, todo el ecosistema opositor est\u00e1 desordenado y podr\u00eda ver en esas primarias una forma de poder armar alianzas para el a\u00f1o pr\u00f3ximo.<strong> \u201cOtra forma de verlo es que no les vamos a regalar una modificaci\u00f3n electoral a su semejanza. No les vamos a hacer f\u00e1cil la reelecci\u00f3n porque, ante todo, ellos se quieren expandir a las provincias\u201d, afirma un gobernador en di\u00e1logo con Infobae.<\/strong><\/p>\n<p class=\"paragraph\" data-mrf-recirculation=\"Links inline\"><b>El cronograma de las reformas libertarias dista de tener la potencia reformista que el Presidente le imprimi\u00f3 en su discurso ante la Asamblea Legislativa el 1 de marzo<\/b>. D\u00edas antes de ese discurso, Infobae le contaba a un integrante de la mesa pol\u00edtica que\u00a0el Presidente planeaba decir que impulsar\u00eda 10 reformas por ministerio, 90 en total. \u201cSi es as\u00ed, est\u00e1 diciendo algo que va a ser literalmente imposible\u201d, respondi\u00f3. Otra figura, contenta por la sanci\u00f3n de la reforma laboral, dec\u00eda por esos d\u00edas que no todo iba a ser color de rosas: \u201c<b>Los aliados se nos van a retobar cada vez m\u00e1s con el pasar de los meses. Si conseguimos 3 o 4 reformas de fuste este a\u00f1o, yo estoy hecho<\/b>\u201d.\u00a0<b>\u00bfProf\u00e9tico?<\/b><\/p>\n<p class=\"paragraph\" data-mrf-recirculation=\"Links inline\">Mientras tanto, en el Gobierno vieron como un buen s\u00edntoma que hayan podido instalar en la agenda que se iba a enviar al Congreso el proyecto de Reforma Electoral. Pero se sinceraban que la iniciativa tampoco ten\u00eda un impacto concreto e inmediato para el llamado \u201cciudadano de a pie\u201d. \u201cHoy nos est\u00e1 costando poder armar ese tipo de pol\u00edticas.\u00a0<b>Estamos abrazados esperando a que la econom\u00eda mejore. Porque no tenemos mucho m\u00e1s<\/b>\u201d, marcaba un colaborador libertario.<\/p>\n<div class=\"visual__image\"><picture><source srcset=\"https:\/\/www.infobae.com\/resizer\/v2\/J3WSWJXPIZDKREWCGFRNSBXXC4.png?auth=b302b694b7229eee3e77e6354b3475073f32c5aa581852c3ccc67b2aa01ab234&amp;smart=true&amp;width=992&amp;height=576&amp;quality=85\" media=\"(min-width: 1000px)\" \/><source srcset=\"https:\/\/www.infobae.com\/resizer\/v2\/J3WSWJXPIZDKREWCGFRNSBXXC4.png?auth=b302b694b7229eee3e77e6354b3475073f32c5aa581852c3ccc67b2aa01ab234&amp;smart=true&amp;width=768&amp;height=446&amp;quality=85\" media=\"(min-width: 768px)\" \/><source srcset=\"https:\/\/www.infobae.com\/resizer\/v2\/J3WSWJXPIZDKREWCGFRNSBXXC4.png?auth=b302b694b7229eee3e77e6354b3475073f32c5aa581852c3ccc67b2aa01ab234&amp;smart=true&amp;width=577&amp;height=335&amp;quality=85\" media=\"(min-width: 580px)\" \/><source srcset=\"https:\/\/www.infobae.com\/resizer\/v2\/J3WSWJXPIZDKREWCGFRNSBXXC4.png?auth=b302b694b7229eee3e77e6354b3475073f32c5aa581852c3ccc67b2aa01ab234&amp;smart=true&amp;width=420&amp;height=244&amp;quality=85\" media=\"(min-width: 350px)\" \/><source srcset=\"https:\/\/www.infobae.com\/resizer\/v2\/J3WSWJXPIZDKREWCGFRNSBXXC4.png?auth=b302b694b7229eee3e77e6354b3475073f32c5aa581852c3ccc67b2aa01ab234&amp;smart=true&amp;width=350&amp;height=203&amp;quality=85\" media=\"(min-width: 80px)\" \/><img loading=\"lazy\" decoding=\"async\" class=\"global-image\" src=\"https:\/\/www.infobae.com\/resizer\/v2\/J3WSWJXPIZDKREWCGFRNSBXXC4.png?auth=b302b694b7229eee3e77e6354b3475073f32c5aa581852c3ccc67b2aa01ab234&amp;smart=true&amp;width=350&amp;height=203&amp;quality=85\" alt=\"Carlos Frugoni, el nuevo secretario de Coordinaci\u00f3n de Infraestructura\" width=\"1090\" height=\"633\" \/><\/picture><span style=\"font-size: 8pt;\"><strong>Carlos Frugoni, el nuevo secretario de Coordinaci\u00f3n de Infraestructura<\/strong><\/span><\/div>\n<p class=\"paragraph\" data-mrf-recirculation=\"Links inline\">En ese sentido,\u00a0<b>es esperable que el jefe de Gabinete, Manuel Adorni, sea el principal foco medi\u00e1tico-pol\u00edtico de la semana\u00a0<\/b>por el Informe de Gesti\u00f3n que presentar\u00e1 en la C\u00e1mara de Diputados: tanto por la expectativa que se generar\u00e1 en la previa como en el post. Infobae adelant\u00f3 que\u00a0en el entorno del ministro coordinador no descartan hacer \u201cla gran Francos\u201d: que una vez brindado el discurso t\u00e9cnico y de gesti\u00f3n, se retire del recinto si se siente agraviado por algunos de los legisladores opositores. <strong>No se espera que d\u00e9 grandes explicaciones respecto de su situaci\u00f3n patrimonial porque considera que lo debe tratar en la Justicia si es que lo convocan.<\/strong><\/p>\n<p class=\"paragraph\" data-mrf-recirculation=\"Links inline\">Result\u00f3 llamativo c\u00f3mo importantes integrantes del Gobierno salieron a disparar contra un funcionario que fue noticia por estos d\u00edas (y no por los buenos motivos). Se trata del secretario de Coordinaci\u00f3n en Infraestructura,<b>\u00a0Carlos Frugoni<\/b>, quien ante la revelaci\u00f3n realizada por los periodistas Nicol\u00e1s Wi\u00f1aski y Santiago Fioriti en A24\u00a0<b>admiti\u00f3 p\u00fablicamente que no declar\u00f3 siete propiedades<\/b> que se le encontraron en Miami y dos sociedades comerciales.<img loading=\"lazy\" decoding=\"async\" class=\"alignnone wp-image-16341 size-large\" src=\"https:\/\/cafeprensa.com.ar\/wp-content\/uploads\/2026\/04\/Screenshot_20260422_105453_WhatsApp-1024x589.jpg\" alt=\"\" width=\"1024\" height=\"589\" srcset=\"https:\/\/cafeprensa.com.ar\/wp-content\/uploads\/2026\/04\/Screenshot_20260422_105453_WhatsApp-1024x589.jpg 1024w, https:\/\/cafeprensa.com.ar\/wp-content\/uploads\/2026\/04\/Screenshot_20260422_105453_WhatsApp-300x173.jpg 300w, https:\/\/cafeprensa.com.ar\/wp-content\/uploads\/2026\/04\/Screenshot_20260422_105453_WhatsApp-768x442.jpg 768w, https:\/\/cafeprensa.com.ar\/wp-content\/uploads\/2026\/04\/Screenshot_20260422_105453_WhatsApp-1536x883.jpg 1536w, https:\/\/cafeprensa.com.ar\/wp-content\/uploads\/2026\/04\/Screenshot_20260422_105453_WhatsApp-2048x1178.jpg 2048w\" sizes=\"auto, (max-width: 1024px) 100vw, 1024px\" \/><\/p>\n<\/div>\n<\/article>\n","protected":false},"excerpt":{"rendered":"<p>El Poder Ejecutivo busca apoyo para la construcci\u00f3n de uno de los puntos de acceso al continente ant\u00e1rtico, el cual se vincula estrechamente con el conflicto geopol\u00edtico por las Islas. La semana clave de Manuel Adorni y los dilemas al interior de la Casa Rosada por la situaci\u00f3n de un secretario que no declar\u00f3 siete &hellip;<\/p>\n","protected":false},"author":2,"featured_media":16437,"comment_status":"open","ping_status":"open","sticky":false,"template":"","format":"standard","meta":{"footnotes":""},"categories":[33,25],"tags":[934],"class_list":["post-16419","post","type-post","status-publish","format-standard","has-post-thumbnail","hentry","category-nacionales","category-politica","tag-malvinas"],"_links":{"self":[{"href":"https:\/\/cafeprensa.com.ar\/index.php\/wp-json\/wp\/v2\/posts\/16419","targetHints":{"allow":["GET"]}}],"collection":[{"href":"https:\/\/cafeprensa.com.ar\/index.php\/wp-json\/wp\/v2\/posts"}],"about":[{"href":"https:\/\/cafeprensa.com.ar\/index.php\/wp-json\/wp\/v2\/types\/post"}],"author":[{"embeddable":true,"href":"https:\/\/cafeprensa.com.ar\/index.php\/wp-json\/wp\/v2\/users\/2"}],"replies":[{"embeddable":true,"href":"https:\/\/cafeprensa.com.ar\/index.php\/wp-json\/wp\/v2\/comments?post=16419"}],"version-history":[{"count":1,"href":"https:\/\/cafeprensa.com.ar\/index.php\/wp-json\/wp\/v2\/posts\/16419\/revisions"}],"predecessor-version":[{"id":16438,"href":"https:\/\/cafeprensa.com.ar\/index.php\/wp-json\/wp\/v2\/posts\/16419\/revisions\/16438"}],"wp:featuredmedia":[{"embeddable":true,"href":"https:\/\/cafeprensa.com.ar\/index.php\/wp-json\/wp\/v2\/media\/16437"}],"wp:attachment":[{"href":"https:\/\/cafeprensa.com.ar\/index.php\/wp-json\/wp\/v2\/media?parent=16419"}],"wp:term":[{"taxonomy":"category","embeddable":true,"href":"https:\/\/cafeprensa.com.ar\/index.php\/wp-json\/wp\/v2\/categories?post=16419"},{"taxonomy":"post_tag","embeddable":true,"href":"https:\/\/cafeprensa.com.ar\/index.php\/wp-json\/wp\/v2\/tags?post=16419"}],"curies":[{"name":"wp","href":"https:\/\/api.w.org\/{rel}","templated":true}]}}