{"id":16442,"date":"2026-04-26T13:49:41","date_gmt":"2026-04-26T16:49:41","guid":{"rendered":"https:\/\/cafeprensa.com.ar\/?p=16442"},"modified":"2026-04-26T13:49:41","modified_gmt":"2026-04-26T16:49:41","slug":"hallaron-abandonado-en-termas-de-rio-hondo-el-auto-del-hombre-de-39-anos-desaparecido-en-concepcion","status":"publish","type":"post","link":"https:\/\/cafeprensa.com.ar\/index.php\/2026\/04\/26\/hallaron-abandonado-en-termas-de-rio-hondo-el-auto-del-hombre-de-39-anos-desaparecido-en-concepcion\/","title":{"rendered":"Hallaron abandonado en Termas de R\u00edo Hondo el auto del hombre de 39 a\u00f1os desaparecido en Concepci\u00f3n"},"content":{"rendered":"<p>Un dato clave sacudi\u00f3 la investigaci\u00f3n por la desaparici\u00f3n de <strong data-start=\"179\" data-end=\"201\">Franco Javier Mora<\/strong>, el hombre de 39 a\u00f1os intensamente buscado en Concepci\u00f3n: el autom\u00f3vil en el que se movilizaba fue encontrado abandonado en\u00a0<strong data-start=\"326\" data-end=\"349\">Termas de R\u00edo Hondo<\/strong>, en la provincia de Santiago del Estero.<img loading=\"lazy\" decoding=\"async\" class=\"alignnone wp-image-16424 size-large\" src=\"https:\/\/cafeprensa.com.ar\/wp-content\/uploads\/2026\/04\/IMG-20260404-WA0022-2-1024x256.jpg\" alt=\"\" width=\"1024\" height=\"256\" srcset=\"https:\/\/cafeprensa.com.ar\/wp-content\/uploads\/2026\/04\/IMG-20260404-WA0022-2-1024x256.jpg 1024w, https:\/\/cafeprensa.com.ar\/wp-content\/uploads\/2026\/04\/IMG-20260404-WA0022-2-300x75.jpg 300w, https:\/\/cafeprensa.com.ar\/wp-content\/uploads\/2026\/04\/IMG-20260404-WA0022-2-768x192.jpg 768w, https:\/\/cafeprensa.com.ar\/wp-content\/uploads\/2026\/04\/IMG-20260404-WA0022-2-1536x384.jpg 1536w, https:\/\/cafeprensa.com.ar\/wp-content\/uploads\/2026\/04\/IMG-20260404-WA0022-2-2048x512.jpg 2048w\" sizes=\"auto, (max-width: 1024px) 100vw, 1024px\" \/><\/p>\n<div class=\"col-md-12 col-12 col-lg-12 post-content p-lg-2\">\n<p data-start=\"392\" data-end=\"741\">Se trata de un\u00a0<strong data-start=\"407\" data-end=\"448\">Volkswagen Up blanco, dominio AB797EM<\/strong>, que apareci\u00f3 en la intersecci\u00f3n de calles Avellaneda y Rivadavia alrededor de las\u00a0<strong data-start=\"532\" data-end=\"569\">00:30 de este domingo 26 de abril<\/strong>, luego del alerta de un vecino de la zona de Los Vegas. A partir de ese aviso, se activ\u00f3 un operativo conjunto entre fuerzas de seguridad de Tucum\u00e1n y Santiago del Estero.<\/p>\n<p data-start=\"743\" data-end=\"1121\">Una vez confirmada la coincidencia con el veh\u00edculo buscado, intervino la polic\u00eda santiague\u00f1a, que dio participaci\u00f3n a la\u00a0<strong data-start=\"864\" data-end=\"895\">Unidad Fiscal de Concepci\u00f3n<\/strong>. Por disposici\u00f3n judicial, se procedi\u00f3 al\u00a0<strong data-start=\"938\" data-end=\"965\">secuestro del autom\u00f3vil<\/strong>\u00a0y se ordenaron distintas medidas:\u00a0<strong data-start=\"1000\" data-end=\"1086\">pericias criminal\u00edsticas, inspecci\u00f3n ocular y relevamiento de c\u00e1maras de seguridad<\/strong>\u00a0en toda el \u00e1rea donde fue hallado.<img loading=\"lazy\" decoding=\"async\" class=\"alignnone wp-image-16423 size-large\" src=\"https:\/\/cafeprensa.com.ar\/wp-content\/uploads\/2026\/04\/IMG-20260331-WA0033-1-1024x256.jpg\" alt=\"\" width=\"1024\" height=\"256\" srcset=\"https:\/\/cafeprensa.com.ar\/wp-content\/uploads\/2026\/04\/IMG-20260331-WA0033-1-1024x256.jpg 1024w, https:\/\/cafeprensa.com.ar\/wp-content\/uploads\/2026\/04\/IMG-20260331-WA0033-1-300x75.jpg 300w, https:\/\/cafeprensa.com.ar\/wp-content\/uploads\/2026\/04\/IMG-20260331-WA0033-1-768x192.jpg 768w, https:\/\/cafeprensa.com.ar\/wp-content\/uploads\/2026\/04\/IMG-20260331-WA0033-1-1536x384.jpg 1536w, https:\/\/cafeprensa.com.ar\/wp-content\/uploads\/2026\/04\/IMG-20260331-WA0033-1.jpg 1584w\" sizes=\"auto, (max-width: 1024px) 100vw, 1024px\" \/><\/p>\n<p data-start=\"1123\" data-end=\"1357\">La causa contin\u00faa bajo la \u00f3rbita de la\u00a0<strong data-start=\"1162\" data-end=\"1224\">Unidad Fiscal de Usurpaciones, Estafas y Cibercriminalidad<\/strong>, que trabaja de manera coordinada con la Justicia de Santiago del Estero para reconstruir los movimientos previos a la desaparici\u00f3n.<\/p>\n<p data-start=\"1359\" data-end=\"1629\">Hasta el momento,\u00a0<strong data-start=\"1377\" data-end=\"1423\">no hay novedades sobre el paradero de Mora<\/strong>, lo que mantiene la preocupaci\u00f3n de su familia y del entorno cercano. El hallazgo del veh\u00edculo abre nuevas l\u00edneas de investigaci\u00f3n en una causa que suma elementos pero a\u00fan presenta m\u00faltiples interrogantes.<img loading=\"lazy\" decoding=\"async\" class=\"alignnone wp-image-16420 size-large\" src=\"https:\/\/cafeprensa.com.ar\/wp-content\/uploads\/2026\/04\/713bfa9a7c7a883ab9b795e51dc56f23-2-1024x288.webp\" alt=\"\" width=\"1024\" height=\"288\" srcset=\"https:\/\/cafeprensa.com.ar\/wp-content\/uploads\/2026\/04\/713bfa9a7c7a883ab9b795e51dc56f23-2-1024x288.webp 1024w, https:\/\/cafeprensa.com.ar\/wp-content\/uploads\/2026\/04\/713bfa9a7c7a883ab9b795e51dc56f23-2-300x84.webp 300w, https:\/\/cafeprensa.com.ar\/wp-content\/uploads\/2026\/04\/713bfa9a7c7a883ab9b795e51dc56f23-2-768x216.webp 768w, https:\/\/cafeprensa.com.ar\/wp-content\/uploads\/2026\/04\/713bfa9a7c7a883ab9b795e51dc56f23-2-1536x432.webp 1536w, https:\/\/cafeprensa.com.ar\/wp-content\/uploads\/2026\/04\/713bfa9a7c7a883ab9b795e51dc56f23-2-2048x576.webp 2048w\" sizes=\"auto, (max-width: 1024px) 100vw, 1024px\" \/><\/p>\n<p data-start=\"1631\" data-end=\"1892\" data-is-last-node=\"\" data-is-only-node=\"\"><strong>Cabe recordar que Mora era buscado desde el viernes, cuando dej\u00f3 a su hijo en la escuela y no volvi\u00f3 a ser visto, lo que motiv\u00f3 un amplio despliegue de rastrillajes en distintas zonas de Concepci\u00f3n y \u00e1reas rurales cercanas.<img loading=\"lazy\" decoding=\"async\" class=\"alignnone wp-image-16340 size-large\" src=\"https:\/\/cafeprensa.com.ar\/wp-content\/uploads\/2026\/04\/Screenshot_20260422_105453_WhatsApp-1-1024x589.jpg\" alt=\"\" width=\"1024\" height=\"589\" srcset=\"https:\/\/cafeprensa.com.ar\/wp-content\/uploads\/2026\/04\/Screenshot_20260422_105453_WhatsApp-1-1024x589.jpg 1024w, https:\/\/cafeprensa.com.ar\/wp-content\/uploads\/2026\/04\/Screenshot_20260422_105453_WhatsApp-1-300x173.jpg 300w, https:\/\/cafeprensa.com.ar\/wp-content\/uploads\/2026\/04\/Screenshot_20260422_105453_WhatsApp-1-768x442.jpg 768w, https:\/\/cafeprensa.com.ar\/wp-content\/uploads\/2026\/04\/Screenshot_20260422_105453_WhatsApp-1-1536x883.jpg 1536w, https:\/\/cafeprensa.com.ar\/wp-content\/uploads\/2026\/04\/Screenshot_20260422_105453_WhatsApp-1-2048x1178.jpg 2048w\" sizes=\"auto, (max-width: 1024px) 100vw, 1024px\" \/><\/strong><\/p>\n<\/div>\n","protected":false},"excerpt":{"rendered":"<p>Un dato clave sacudi\u00f3 la investigaci\u00f3n por la desaparici\u00f3n de Franco Javier Mora, el hombre de 39 a\u00f1os intensamente buscado en Concepci\u00f3n: el autom\u00f3vil en el que se movilizaba fue encontrado abandonado en\u00a0Termas de R\u00edo Hondo, en la provincia de Santiago del Estero. Se trata de un\u00a0Volkswagen Up blanco, dominio AB797EM, que apareci\u00f3 en la &hellip;<\/p>\n","protected":false},"author":2,"featured_media":16443,"comment_status":"open","ping_status":"open","sticky":false,"template":"","format":"standard","meta":{"footnotes":""},"categories":[34,26],"tags":[379,3229],"class_list":["post-16442","post","type-post","status-publish","format-standard","has-post-thumbnail","hentry","category-locales","category-policiales","tag-concepcion","tag-franco-javier-mora"],"_links":{"self":[{"href":"https:\/\/cafeprensa.com.ar\/index.php\/wp-json\/wp\/v2\/posts\/16442","targetHints":{"allow":["GET"]}}],"collection":[{"href":"https:\/\/cafeprensa.com.ar\/index.php\/wp-json\/wp\/v2\/posts"}],"about":[{"href":"https:\/\/cafeprensa.com.ar\/index.php\/wp-json\/wp\/v2\/types\/post"}],"author":[{"embeddable":true,"href":"https:\/\/cafeprensa.com.ar\/index.php\/wp-json\/wp\/v2\/users\/2"}],"replies":[{"embeddable":true,"href":"https:\/\/cafeprensa.com.ar\/index.php\/wp-json\/wp\/v2\/comments?post=16442"}],"version-history":[{"count":1,"href":"https:\/\/cafeprensa.com.ar\/index.php\/wp-json\/wp\/v2\/posts\/16442\/revisions"}],"predecessor-version":[{"id":16444,"href":"https:\/\/cafeprensa.com.ar\/index.php\/wp-json\/wp\/v2\/posts\/16442\/revisions\/16444"}],"wp:featuredmedia":[{"embeddable":true,"href":"https:\/\/cafeprensa.com.ar\/index.php\/wp-json\/wp\/v2\/media\/16443"}],"wp:attachment":[{"href":"https:\/\/cafeprensa.com.ar\/index.php\/wp-json\/wp\/v2\/media?parent=16442"}],"wp:term":[{"taxonomy":"category","embeddable":true,"href":"https:\/\/cafeprensa.com.ar\/index.php\/wp-json\/wp\/v2\/categories?post=16442"},{"taxonomy":"post_tag","embeddable":true,"href":"https:\/\/cafeprensa.com.ar\/index.php\/wp-json\/wp\/v2\/tags?post=16442"}],"curies":[{"name":"wp","href":"https:\/\/api.w.org\/{rel}","templated":true}]}}