{"id":16445,"date":"2026-04-26T14:13:02","date_gmt":"2026-04-26T17:13:02","guid":{"rendered":"https:\/\/cafeprensa.com.ar\/?p=16445"},"modified":"2026-04-26T14:13:15","modified_gmt":"2026-04-26T17:13:15","slug":"como-sera-la-presentacion-de-manuel-adorni-del-miercoles-con-milei-en-el-recinto","status":"publish","type":"post","link":"https:\/\/cafeprensa.com.ar\/index.php\/2026\/04\/26\/como-sera-la-presentacion-de-manuel-adorni-del-miercoles-con-milei-en-el-recinto\/","title":{"rendered":"C\u00f3mo ser\u00e1 la presentaci\u00f3n de Manuel Adorni del mi\u00e9rcoles, con Milei en el recinto"},"content":{"rendered":"<div class=\"post-content\">\n<p>El jefe de Gabinete presentar\u00e1 este 29 de abril su primer informe de gesti\u00f3n ante la C\u00e1mara de Diputados, en un clima de m\u00e1xima expectativa pol\u00edtica y con el respaldo expl\u00edcito del Presidente, que estar\u00e1 presente. <strong>El debut parlamentario del jefe de Gabinete llega atravesado por la reciente crisis personal y una sesi\u00f3n que promete m\u00e1s tensi\u00f3n que tr\u00e1mite institucional.<img loading=\"lazy\" decoding=\"async\" class=\"alignnone wp-image-16424 size-large\" src=\"https:\/\/cafeprensa.com.ar\/wp-content\/uploads\/2026\/04\/IMG-20260404-WA0022-2-1024x256.jpg\" alt=\"\" width=\"1024\" height=\"256\" srcset=\"https:\/\/cafeprensa.com.ar\/wp-content\/uploads\/2026\/04\/IMG-20260404-WA0022-2-1024x256.jpg 1024w, https:\/\/cafeprensa.com.ar\/wp-content\/uploads\/2026\/04\/IMG-20260404-WA0022-2-300x75.jpg 300w, https:\/\/cafeprensa.com.ar\/wp-content\/uploads\/2026\/04\/IMG-20260404-WA0022-2-768x192.jpg 768w, https:\/\/cafeprensa.com.ar\/wp-content\/uploads\/2026\/04\/IMG-20260404-WA0022-2-1536x384.jpg 1536w, https:\/\/cafeprensa.com.ar\/wp-content\/uploads\/2026\/04\/IMG-20260404-WA0022-2-2048x512.jpg 2048w\" sizes=\"auto, (max-width: 1024px) 100vw, 1024px\" \/><\/strong><\/p>\n<\/div>\n<div class=\"contenido-post\">\n<p><strong>Toda la atenci\u00f3n est\u00e1 puesta por estas horas en lo que ser\u00e1 la presentaci\u00f3n del jefe de Gabinete en la C\u00e1mara de Diputados el pr\u00f3ximo mi\u00e9rcoles. No solo en el Congreso, sino en la pol\u00edtica en general. Tal la centralidad que ha adquirido -por razones obvias- este informe que ser\u00e1 el 145\u00b0 desde que se cre\u00f3 la figura del jefe de Gabinete.<\/strong> No se exagera al estimar que no ha habido otro informe de gesti\u00f3n que haya generado tanta expectativa como el primero que realizar\u00e1\u00a0<strong>Manuel Adorni<\/strong>\u00a0en su condici\u00f3n de jefe de ministros.<\/p>\n<p><strong>Elegido en mayo pasado legislador porte\u00f1o, Adorni dej\u00f3 su cargo de vocero presidencial en noviembre pasado, ya no para mudarse a la Legislatura porte\u00f1a, sino para seguir habitando la Casa Rosada, ahora como titular de la Jefatura de Gabinete. Una salida elegante para quien en lo alto del poder estimaban que merec\u00eda mantener una centralidad que el puesto para el que hab\u00eda sido electo no le garantizaba.<img loading=\"lazy\" decoding=\"async\" class=\"alignnone wp-image-16420 size-large\" src=\"https:\/\/cafeprensa.com.ar\/wp-content\/uploads\/2026\/04\/713bfa9a7c7a883ab9b795e51dc56f23-2-1024x288.webp\" alt=\"\" width=\"1024\" height=\"288\" srcset=\"https:\/\/cafeprensa.com.ar\/wp-content\/uploads\/2026\/04\/713bfa9a7c7a883ab9b795e51dc56f23-2-1024x288.webp 1024w, https:\/\/cafeprensa.com.ar\/wp-content\/uploads\/2026\/04\/713bfa9a7c7a883ab9b795e51dc56f23-2-300x84.webp 300w, https:\/\/cafeprensa.com.ar\/wp-content\/uploads\/2026\/04\/713bfa9a7c7a883ab9b795e51dc56f23-2-768x216.webp 768w, https:\/\/cafeprensa.com.ar\/wp-content\/uploads\/2026\/04\/713bfa9a7c7a883ab9b795e51dc56f23-2-1536x432.webp 1536w, https:\/\/cafeprensa.com.ar\/wp-content\/uploads\/2026\/04\/713bfa9a7c7a883ab9b795e51dc56f23-2-2048x576.webp 2048w\" sizes=\"auto, (max-width: 1024px) 100vw, 1024px\" \/><\/strong><\/p>\n<p>Por la fecha en la que asumi\u00f3, el 4 de noviembre de 2025, Adorni podr\u00eda haber concurrido ese mismo mes al Congreso, aunque por entonces estaba muy fresco el triunfo electoral mile\u00edsta, que caus\u00f3 un efecto paralizante en el Palacio de las Leyes, que hasta octubre hab\u00eda sido territorio sumamente hostil para el oficialismo.<\/p>\n<p><strong>No ten\u00eda sentido pr\u00e1ctico, a los ojos del Gobierno, que el reci\u00e9n designado funcionario apurara su presentaci\u00f3n, teniendo en cuenta adem\u00e1s que reci\u00e9n iniciaba su gesti\u00f3n.<\/strong><\/p>\n<p>Debutar\u00e1 entonces este 29 de abril, m\u00e1s de un mes y medio despu\u00e9s de que comenzara la crisis que lo tiene como protagonista. En efecto, los problemas para el jefe de Gabinete arrancaron el 8 de marzo, cuando se conoci\u00f3 que su esposa,\u00a0<strong>Bettina Angeletti,\u00a0<\/strong>hab\u00eda viajado en el avi\u00f3n presidencial junto a la comitiva oficial a Nueva York, sin tener ning\u00fan cargo ni funci\u00f3n p\u00fablica. Justamente el origen del conflicto acaba de ser desechado por la justicia como eventual delito. En el Gobierno se ilusionan con que esa causa cerrada por el juez\u00a0<strong>Daniel Rafecas\u00a0<\/strong>sea el proleg\u00f3meno de la recuperaci\u00f3n de Adorni.<img loading=\"lazy\" decoding=\"async\" class=\"alignnone wp-image-16421 size-large\" src=\"https:\/\/cafeprensa.com.ar\/wp-content\/uploads\/2026\/04\/655454451_1351226433708218_7599175584347977023_n-1-1024x110.jpg\" alt=\"\" width=\"1024\" height=\"110\" srcset=\"https:\/\/cafeprensa.com.ar\/wp-content\/uploads\/2026\/04\/655454451_1351226433708218_7599175584347977023_n-1-1024x110.jpg 1024w, https:\/\/cafeprensa.com.ar\/wp-content\/uploads\/2026\/04\/655454451_1351226433708218_7599175584347977023_n-1-300x32.jpg 300w, https:\/\/cafeprensa.com.ar\/wp-content\/uploads\/2026\/04\/655454451_1351226433708218_7599175584347977023_n-1-768x82.jpg 768w, https:\/\/cafeprensa.com.ar\/wp-content\/uploads\/2026\/04\/655454451_1351226433708218_7599175584347977023_n-1-1536x164.jpg 1536w, https:\/\/cafeprensa.com.ar\/wp-content\/uploads\/2026\/04\/655454451_1351226433708218_7599175584347977023_n-1.jpg 2048w\" sizes=\"auto, (max-width: 1024px) 100vw, 1024px\" \/><\/p>\n<p>El funcionario saltea al Senado, C\u00e1mara a la que le tocaba esta vez escucharlo, ya que la \u00faltima vez que el anterior jefe de Gabinete &#8211;<strong>Guillermo Francos-\u00a0<\/strong>fue al Congreso, lo hizo en agosto, tambi\u00e9n en Diputados. Son\u00f3 curioso que Adorni eligiera la C\u00e1mara m\u00e1s hostil para su debut legislativo. Entender\u00e1 el oficialismo que la C\u00e1mara baja es el \u00e1mbito ideal para exponer al funcionario, habida cuenta de que el bombardeo al que todo indica que la oposici\u00f3n lo someter\u00e1 podr\u00eda favorecer a quien podr\u00eda verse victimizado. M\u00e1s a\u00fan, una buena performance ante el acoso opositor podr\u00eda hacerlo recuperar puntos al menos ante su electorado propio.<\/p>\n<p>La presencia del presidente\u00a0<strong>Javier Milei<\/strong>\u00a0ser\u00e1 otro elemento de atracci\u00f3n. Aunque no se conocen todav\u00eda detalles de cu\u00e1l ser\u00e1 su participaci\u00f3n, se espera que el mandatario le brinde, con su sola presencia, una muestra enorme de apoyo, como as\u00ed tambi\u00e9n -en lo posible- protecci\u00f3n ante los embates opositores. <strong>Llama poderosamente la atenci\u00f3n esta decisi\u00f3n presidencial por el riesgo que asume con ello, pues ser\u00e1 destinatario tambi\u00e9n de los embates opositores. El y su hermana, la secretaria general de la Presidencia, que estar\u00e1 seguramente a su lado en el palco de enfrente del estrado.<img loading=\"lazy\" decoding=\"async\" class=\"alignnone wp-image-16423 size-large\" src=\"https:\/\/cafeprensa.com.ar\/wp-content\/uploads\/2026\/04\/IMG-20260331-WA0033-1-1024x256.jpg\" alt=\"\" width=\"1024\" height=\"256\" srcset=\"https:\/\/cafeprensa.com.ar\/wp-content\/uploads\/2026\/04\/IMG-20260331-WA0033-1-1024x256.jpg 1024w, https:\/\/cafeprensa.com.ar\/wp-content\/uploads\/2026\/04\/IMG-20260331-WA0033-1-300x75.jpg 300w, https:\/\/cafeprensa.com.ar\/wp-content\/uploads\/2026\/04\/IMG-20260331-WA0033-1-768x192.jpg 768w, https:\/\/cafeprensa.com.ar\/wp-content\/uploads\/2026\/04\/IMG-20260331-WA0033-1-1536x384.jpg 1536w, https:\/\/cafeprensa.com.ar\/wp-content\/uploads\/2026\/04\/IMG-20260331-WA0033-1.jpg 1584w\" sizes=\"auto, (max-width: 1024px) 100vw, 1024px\" \/><\/strong><\/p>\n<p>As\u00ed las cosas, este mi\u00e9rcoles se revertir\u00e1 el papel original del jefe de Gabinete, un cargo creado como una suerte de fusible institucional: alguien que debe absorber el costo pol\u00edtico de la gesti\u00f3n sin necesidad de una crisis presidencial. En este caso es el Presidente mismo el que pone el cuerpo para defender a su funcionario.<\/p>\n<p><strong>Con todo, no se sabe con certeza qu\u00e9 papel jugar\u00e1 Milei el 29 de abril, m\u00e1s all\u00e1 de haber ratificado \u00e9l mismo que asistir\u00e1 a la presentaci\u00f3n de su funcionario. \u201cNo me lo pierdo, ah\u00ed estar\u00e9\u201d, dijo Milei en redes sociales. Tampoco se sabe si se quedar\u00e1 durante toda la exposici\u00f3n de Adorni.<\/strong><\/p>\n<p><strong>El plan de trabajo<\/strong><\/p>\n<p>Seg\u00fan pudo saber\u00a0<strong>parlamentario.com\u00a0<\/strong>de fuentes oficiales, el organigrama previsto para este informe de gesti\u00f3n es similar a como suelen ser los mismos. Se ha previsto\u00a0<strong>una presentaci\u00f3n de una hora<\/strong>\u00a0para el jefe de Gabinete, tras lo cual se iniciar\u00e1 el espacio para las preguntas, divididos en tres bloques.<\/p>\n<p>Abrir\u00e1n la tanda de preguntas los bloques menores (9), que contar\u00e1n con un m\u00ednimo de\u00a0<strong>5 minutos cada uno<\/strong>, otorgados en forma proporcional. Se calcula que sean\u00a0<strong>50 minutos<\/strong>\u00a0para ese primer tramo, tras lo cual\u00a0<strong>Manuel Adorni tendr\u00e1 20 minutos para responder las preguntas<\/strong>.<\/p>\n<p><strong>Luego ser\u00e1 el turno de Innovaci\u00f3n Federal (11 minutos); Unidos (20 minutos) y Fuerzas del Cambio (20 minutos).<\/strong><\/p>\n<p><strong>Tras los 20 minutos que tendr\u00e1 el jefe de Gabinete para dar sus respuestas, ser\u00e1 el turno de Uni\u00f3n por la Patria.<\/strong><\/p>\n<p>El bloque presidido por\u00a0<strong>Germ\u00e1n Mart\u00ednez\u00a0<\/strong>tendr\u00e1 68 minutos para preguntar, y luego de las respuestas de Adorni, ser\u00e1 el cierre de La Libertad Avanza.<\/p>\n<p><strong>Se estima que el informe de gesti\u00f3n demandar\u00e1 6 horas.<\/strong>\u00a0Las preguntas demandar\u00e1n 240 minutos, divididos proporcionalmente entre todas las bancadas, con un m\u00ednimo de 5 minutos por bloque.<\/p>\n<p><strong>Ser\u00e1, en definitiva, una escena invertida respecto del dise\u00f1o original del cargo: el funcionario ya no como fusible del poder, sino como figura a blindar, con el Presidente vi\u00e9ndolo desde los palcos. Un gesto pol\u00edtico de alto voltaje que convertir\u00e1 al informe n\u00famero 145 del jefe de Gabinete en algo m\u00e1s que una rendici\u00f3n de cuentas: un test de fortaleza para el coraz\u00f3n mismo del Gobierno.<img loading=\"lazy\" decoding=\"async\" class=\"alignnone wp-image-16447 size-full\" src=\"https:\/\/cafeprensa.com.ar\/wp-content\/uploads\/2026\/04\/Screenshot_20260422_105453_WhatsApp-1-1024x589-1.jpg\" alt=\"\" width=\"1024\" height=\"589\" srcset=\"https:\/\/cafeprensa.com.ar\/wp-content\/uploads\/2026\/04\/Screenshot_20260422_105453_WhatsApp-1-1024x589-1.jpg 1024w, https:\/\/cafeprensa.com.ar\/wp-content\/uploads\/2026\/04\/Screenshot_20260422_105453_WhatsApp-1-1024x589-1-300x173.jpg 300w, https:\/\/cafeprensa.com.ar\/wp-content\/uploads\/2026\/04\/Screenshot_20260422_105453_WhatsApp-1-1024x589-1-768x442.jpg 768w\" sizes=\"auto, (max-width: 1024px) 100vw, 1024px\" \/><\/strong><\/p>\n<p><span style=\"font-size: 8pt;\"><img loading=\"lazy\" decoding=\"async\" class=\"perfil\" src=\"https:\/\/www.parlamentario.com\/wp-content\/uploads\/2023\/12\/Jose-Di-Mauro-chiquita.webp\" width=\"34\" height=\"34\" \/><strong>Por Jos\u00e9 Angel Di Mauro<\/strong><\/span><\/p>\n<\/div>\n","protected":false},"excerpt":{"rendered":"<p>El jefe de Gabinete presentar\u00e1 este 29 de abril su primer informe de gesti\u00f3n ante la C\u00e1mara de Diputados, en un clima de m\u00e1xima expectativa pol\u00edtica y con el respaldo expl\u00edcito del Presidente, que estar\u00e1 presente. El debut parlamentario del jefe de Gabinete llega atravesado por la reciente crisis personal y una sesi\u00f3n que promete &hellip;<\/p>\n","protected":false},"author":2,"featured_media":16446,"comment_status":"open","ping_status":"open","sticky":false,"template":"","format":"standard","meta":{"footnotes":""},"categories":[33,25],"tags":[1598,102],"class_list":["post-16445","post","type-post","status-publish","format-standard","has-post-thumbnail","hentry","category-nacionales","category-politica","tag-adorni","tag-congreso"],"_links":{"self":[{"href":"https:\/\/cafeprensa.com.ar\/index.php\/wp-json\/wp\/v2\/posts\/16445","targetHints":{"allow":["GET"]}}],"collection":[{"href":"https:\/\/cafeprensa.com.ar\/index.php\/wp-json\/wp\/v2\/posts"}],"about":[{"href":"https:\/\/cafeprensa.com.ar\/index.php\/wp-json\/wp\/v2\/types\/post"}],"author":[{"embeddable":true,"href":"https:\/\/cafeprensa.com.ar\/index.php\/wp-json\/wp\/v2\/users\/2"}],"replies":[{"embeddable":true,"href":"https:\/\/cafeprensa.com.ar\/index.php\/wp-json\/wp\/v2\/comments?post=16445"}],"version-history":[{"count":2,"href":"https:\/\/cafeprensa.com.ar\/index.php\/wp-json\/wp\/v2\/posts\/16445\/revisions"}],"predecessor-version":[{"id":16449,"href":"https:\/\/cafeprensa.com.ar\/index.php\/wp-json\/wp\/v2\/posts\/16445\/revisions\/16449"}],"wp:featuredmedia":[{"embeddable":true,"href":"https:\/\/cafeprensa.com.ar\/index.php\/wp-json\/wp\/v2\/media\/16446"}],"wp:attachment":[{"href":"https:\/\/cafeprensa.com.ar\/index.php\/wp-json\/wp\/v2\/media?parent=16445"}],"wp:term":[{"taxonomy":"category","embeddable":true,"href":"https:\/\/cafeprensa.com.ar\/index.php\/wp-json\/wp\/v2\/categories?post=16445"},{"taxonomy":"post_tag","embeddable":true,"href":"https:\/\/cafeprensa.com.ar\/index.php\/wp-json\/wp\/v2\/tags?post=16445"}],"curies":[{"name":"wp","href":"https:\/\/api.w.org\/{rel}","templated":true}]}}