{"id":16450,"date":"2026-04-26T14:23:39","date_gmt":"2026-04-26T17:23:39","guid":{"rendered":"https:\/\/cafeprensa.com.ar\/?p=16450"},"modified":"2026-04-26T14:23:55","modified_gmt":"2026-04-26T17:23:55","slug":"sabastian-sawe-se-convirtio-en-una-leyenda","status":"publish","type":"post","link":"https:\/\/cafeprensa.com.ar\/index.php\/2026\/04\/26\/sabastian-sawe-se-convirtio-en-una-leyenda\/","title":{"rendered":"Sabastian Sawe se convirti\u00f3 en una leyenda"},"content":{"rendered":"<div class=\"lay --apertura\">\n<div class=\"row\">\n<div class=\"col-12\">\n<p class=\"com-title --font-primary --sixxl --font-extra\">Baj\u00f3 las dos horas en la Marat\u00f3n de Londres. El keniata marc\u00f3 un tiempo de 1.59:30 y reescribi\u00f3 todos los libros del atletismo. Result\u00f3 una competencia para la historia. <strong>El ritmo fren\u00e9tico de los atletas defini\u00f3 a la Marat\u00f3n de Londres como una de las carreras m\u00e1s emblem\u00e1ticas.<\/strong><img loading=\"lazy\" decoding=\"async\" class=\"alignnone wp-image-16425 size-full\" src=\"https:\/\/cafeprensa.com.ar\/wp-content\/uploads\/2026\/04\/Loteo-las-pircas-1.jpg\" alt=\"\" width=\"970\" height=\"90\" srcset=\"https:\/\/cafeprensa.com.ar\/wp-content\/uploads\/2026\/04\/Loteo-las-pircas-1.jpg 970w, https:\/\/cafeprensa.com.ar\/wp-content\/uploads\/2026\/04\/Loteo-las-pircas-1-300x28.jpg 300w, https:\/\/cafeprensa.com.ar\/wp-content\/uploads\/2026\/04\/Loteo-las-pircas-1-768x71.jpg 768w\" sizes=\"auto, (max-width: 970px) 100vw, 970px\" \/><\/p>\n<p class=\"com-title --font-primary --sixxl --font-extra\">Y en el centro de los flashes emergi\u00f3 la figura de <strong>Sabastian Sawe<\/strong>, de 31 a\u00f1os, que cincel\u00f3 su nombre en los libros del atletismo al romper la m\u00edtica barrera de las dos horas en la distancia, con un registro de\u00a0<strong>1h59s30s<\/strong>, con el que atropell\u00f3 la plusmarca mundial que logr\u00f3\u00a0<strong>Kelvin Kiptum\u00a0<\/strong>en 2023 (2h35s).<\/p>\n<\/div>\n<\/div>\n<\/div>\n<div class=\"lay-sidebar\">\n<div class=\"sidebar__main\">\n<section id=\"cuerpo__nota\" class=\"cuerpo__nota\">\n<div class=\"row\">\n<div class=\"col-deskxl-10 offset-deskxl-1 col-desksm-11\">\n<div class=\"row\">\n<div class=\"col-12\">\n<p class=\"com-paragraph --s\">Sawe es el amo de la distancia, porque\u00a0<strong>no conoce la derrota en los 42,195\u00a0<\/strong>kil\u00f3metros. Su gesta supone mucho m\u00e1s que un r\u00e9cord, porque lo que logr\u00f3 el keniata es lo que persiguieron todos los atletas desde siempre, romper un registro que parec\u00eda inexpugnable.<img loading=\"lazy\" decoding=\"async\" class=\"alignnone wp-image-16118 size-large\" src=\"https:\/\/cafeprensa.com.ar\/wp-content\/uploads\/2026\/04\/IMG-20260331-WA0032-1024x256.jpg\" alt=\"\" width=\"1024\" height=\"256\" srcset=\"https:\/\/cafeprensa.com.ar\/wp-content\/uploads\/2026\/04\/IMG-20260331-WA0032-1024x256.jpg 1024w, https:\/\/cafeprensa.com.ar\/wp-content\/uploads\/2026\/04\/IMG-20260331-WA0032-300x75.jpg 300w, https:\/\/cafeprensa.com.ar\/wp-content\/uploads\/2026\/04\/IMG-20260331-WA0032-768x192.jpg 768w, https:\/\/cafeprensa.com.ar\/wp-content\/uploads\/2026\/04\/IMG-20260331-WA0032-1536x384.jpg 1536w, https:\/\/cafeprensa.com.ar\/wp-content\/uploads\/2026\/04\/IMG-20260331-WA0032.jpg 1584w\" sizes=\"auto, (max-width: 1024px) 100vw, 1024px\" \/><\/p>\n<p class=\"com-paragraph --s\">Sawe ya sab\u00eda lo que era ganar en los maratones de\u00a0<strong>Londres, Berl\u00edn y Valencia<\/strong>, porque fue el rey en 2025, el que emul\u00f3 a\u00a0<strong>Kiptum<\/strong>, a\u00a0<strong>Kipchoge<\/strong>, pero lo suyo nuevamente fue demoledor. Y para comprender el contexto, lo logr\u00f3 cuando otro corredor tambi\u00e9n baj\u00f3 la marca en la capital de Inglaterra:\u00a0<strong>Yomif Kejelcha\u00a0<\/strong>registr\u00f3 1h59m41. Incluso\u00a0<strong>Jacob Kiplimo<\/strong>, que fue tercero tambi\u00e9n mejor\u00f3 la plusmarca mundial al alcanzar la meta en 2h28s.<\/p>\n<div class=\"com-embed --twitter container-center-100\">\n<div class=\"twitter-tweet twitter-tweet-rendered\"><iframe id=\"twitter-widget-0\" class=\"\" title=\"X Post\" src=\"https:\/\/platform.twitter.com\/embed\/Tweet.html?creatorScreenName=LANACION&amp;dnt=false&amp;embedId=twitter-widget-0&amp;features=eyJ0ZndfdGltZWxpbmVfbGlzdCI6eyJidWNrZXQiOltdLCJ2ZXJzaW9uIjpudWxsfSwidGZ3X2ZvbGxvd2VyX2NvdW50X3N1bnNldCI6eyJidWNrZXQiOnRydWUsInZlcnNpb24iOm51bGx9LCJ0ZndfdHdlZXRfZWRpdF9iYWNrZW5kIjp7ImJ1Y2tldCI6Im9uIiwidmVyc2lvbiI6bnVsbH0sInRmd19yZWZzcmNfc2Vzc2lvbiI6eyJidWNrZXQiOiJvbiIsInZlcnNpb24iOm51bGx9LCJ0ZndfZm9zbnJfc29mdF9pbnRlcnZlbnRpb25zX2VuYWJsZWQiOnsiYnVja2V0Ijoib24iLCJ2ZXJzaW9uIjpudWxsfSwidGZ3X21peGVkX21lZGlhXzE1ODk3Ijp7ImJ1Y2tldCI6InRyZWF0bWVudCIsInZlcnNpb24iOm51bGx9LCJ0ZndfZXhwZXJpbWVudHNfY29va2llX2V4cGlyYXRpb24iOnsiYnVja2V0IjoxMjA5NjAwLCJ2ZXJzaW9uIjpudWxsfSwidGZ3X3Nob3dfYmlyZHdhdGNoX3Bpdm90c19lbmFibGVkIjp7ImJ1Y2tldCI6Im9uIiwidmVyc2lvbiI6bnVsbH0sInRmd19kdXBsaWNhdGVfc2NyaWJlc190b19zZXR0aW5ncyI6eyJidWNrZXQiOiJvbiIsInZlcnNpb24iOm51bGx9LCJ0ZndfdXNlX3Byb2ZpbGVfaW1hZ2Vfc2hhcGVfZW5hYmxlZCI6eyJidWNrZXQiOiJvbiIsInZlcnNpb24iOm51bGx9LCJ0ZndfdmlkZW9faGxzX2R5bmFtaWNfbWFuaWZlc3RzXzE1MDgyIjp7ImJ1Y2tldCI6InRydWVfYml0cmF0ZSIsInZlcnNpb24iOm51bGx9LCJ0ZndfbGVnYWN5X3RpbWVsaW5lX3N1bnNldCI6eyJidWNrZXQiOnRydWUsInZlcnNpb24iOm51bGx9LCJ0ZndfdHdlZXRfZWRpdF9mcm9udGVuZCI6eyJidWNrZXQiOiJvbiIsInZlcnNpb24iOm51bGx9fQ%3D%3D&amp;frame=false&amp;hideCard=false&amp;hideThread=false&amp;id=2048350841518612975&amp;lang=es&amp;origin=https%3A%2F%2Fwww.lanacion.com.ar%2Fdeportes%2Fatletismo%2Fsabastian-sawe-se-convirtio-en-una-leyenda-bajo-las-dos-en-el-maraton-de-londres-nid26042026%2F&amp;sessionId=ca7dc3ef5a80c56e85b8f12cdc3d7f2d2d4108df&amp;siteScreenName=LANACION&amp;theme=light&amp;widgetsVersion=2615f7e52b7e0%3A1702314776716&amp;width=550px\" frameborder=\"0\" scrolling=\"no\" allowfullscreen=\"allowfullscreen\" data-tweet-id=\"2048350841518612975\" data-mce-fragment=\"1\"><\/iframe><\/div>\n<\/div>\n<p class=\"com-paragraph --s\">Sawe, de 29 a\u00f1os, lleg\u00f3 frente al\u00a0<strong>Palacio de Buckingham y las 59 mil\u00a0<\/strong>personas que asistieron a la carrera fueron testigos de un momento \u00fanico, porque la marca\u00a0<strong>de 1 hora, 59 minutos y 30 segundos, pulverizando el antiguo r\u00e9cord mundial de Kelvin Kiptum; 2 horas, 1 minuto y 25 segundos en abril de 2023<\/strong>, menos de un a\u00f1o antes de su fallecimiento en un accidente de coche, ser\u00e1 un moj\u00f3n en la historia del deporte.<\/p>\n<p class=\"com-paragraph --s\">Es verdad que en octubre 2019 el keniata\u00a0<strong>Eliud Kipchoge\u00a0<\/strong>hab\u00eda corrido un marat\u00f3n en\u00a0<strong>1h59m40s, convirti\u00e9ndose en la primera persona de la historia registrada en completar un marat\u00f3n por debajo de las dos horas. Lo logr\u00f3 en un evento especial llamado INEOS Challenge en Viena, Austria. Sin embargo, su marca no fue homologada\u00a0<\/strong>porque se trat\u00f3 de una carrera no oficial que no fue organizada ni controlada por la IAAF.<img loading=\"lazy\" decoding=\"async\" class=\"alignnone wp-image-16115 size-large\" src=\"https:\/\/cafeprensa.com.ar\/wp-content\/uploads\/2026\/04\/713bfa9a7c7a883ab9b795e51dc56f23-1-1024x288.webp\" alt=\"\" width=\"1024\" height=\"288\" srcset=\"https:\/\/cafeprensa.com.ar\/wp-content\/uploads\/2026\/04\/713bfa9a7c7a883ab9b795e51dc56f23-1-1024x288.webp 1024w, https:\/\/cafeprensa.com.ar\/wp-content\/uploads\/2026\/04\/713bfa9a7c7a883ab9b795e51dc56f23-1-300x84.webp 300w, https:\/\/cafeprensa.com.ar\/wp-content\/uploads\/2026\/04\/713bfa9a7c7a883ab9b795e51dc56f23-1-768x216.webp 768w, https:\/\/cafeprensa.com.ar\/wp-content\/uploads\/2026\/04\/713bfa9a7c7a883ab9b795e51dc56f23-1-1536x432.webp 1536w, https:\/\/cafeprensa.com.ar\/wp-content\/uploads\/2026\/04\/713bfa9a7c7a883ab9b795e51dc56f23-1-2048x576.webp 2048w\" sizes=\"auto, (max-width: 1024px) 100vw, 1024px\" \/><\/p>\n<p class=\"com-paragraph --s\">Adem\u00e1s, en esa prueba no hubo al menos tres competidores que buscaran la victoria en la prueba, el recorrido no fue certificado ni medido por un organismo oficial, no hubo control antidopaje y estuvo acompa\u00f1ado de un coche que le marcaba el ritmo, adem\u00e1s de liebres que entraban y sal\u00edan de forma rotativa. De esta forma entraban descansadas.<\/p>\n<p class=\"com-paragraph --s\">Sawe, que calzaba las nuevas Pro Evo 3 de Adidas, unas \u201csupershoes\u201d que pesan menos de 100 gramos,\u00a0<strong>hab\u00eda sugerido antes de la carrera de este domingo que ten\u00eda en mente el r\u00e9cord del circuito o incluso el r\u00e9cord mundial<\/strong>.<\/p>\n<h2 class=\"com-title --font-primary --xl --font-extra\">Assefa, la reina en la distancia<\/h2>\n<p class=\"com-paragraph --s\">En la prueba femenina, la atleta et\u00edope\u00a0<strong>Tigst Assefa\u00a0<\/strong>conserv\u00f3 su t\u00edtulo de campeona del marat\u00f3n de Londres y mejor\u00f3 el r\u00e9cord del mundo en una carrera exclusivamente femenina, es decir sin \u2018liebres\u2019 masculinas para marcar el ritmo. \u201cEstoy tan feliz de ganar de nuevo&#8230; Repetir mi victoria del a\u00f1o pasado significa a\u00fan m\u00e1s. La felicidad que siento simplemente me desborda por dentro.\u00a0<strong>Era uno de mis planes al venir realmente a esta competici\u00f3n: batir mi propio r\u00e9cord mundial de la carrera del a\u00f1o pasado.<\/strong>\u00a0As\u00ed que conseguirlo me ha dado mucha satisfacci\u00f3n\u00bb, dijo Assefa tras la competencia.<\/p>\n<p class=\"com-paragraph --s\"><strong>La atleta de 29 a\u00f1os protagoniz\u00f3 un esprint en los \u00faltimos metros, en el que dej\u00f3 descolgadas a las keniatas Joyciline Jepkosgei y Hellen Obiri. Assefa cruz\u00f3 la meta en 2 horas, 15 minutos y 41 segundos, nueve segundos por debajo de la plusmarca anterior, que le pertenec\u00eda desde el marat\u00f3n de Londres del a\u00f1o pasado.<\/strong><\/p>\n<div class=\"com-embed --twitter container-center-100\">\n<div class=\"twitter-tweet twitter-tweet-rendered\"><iframe id=\"twitter-widget-2\" class=\"\" title=\"X Post\" src=\"https:\/\/platform.twitter.com\/embed\/Tweet.html?creatorScreenName=LANACION&amp;dnt=false&amp;embedId=twitter-widget-2&amp;features=eyJ0ZndfdGltZWxpbmVfbGlzdCI6eyJidWNrZXQiOltdLCJ2ZXJzaW9uIjpudWxsfSwidGZ3X2ZvbGxvd2VyX2NvdW50X3N1bnNldCI6eyJidWNrZXQiOnRydWUsInZlcnNpb24iOm51bGx9LCJ0ZndfdHdlZXRfZWRpdF9iYWNrZW5kIjp7ImJ1Y2tldCI6Im9uIiwidmVyc2lvbiI6bnVsbH0sInRmd19yZWZzcmNfc2Vzc2lvbiI6eyJidWNrZXQiOiJvbiIsInZlcnNpb24iOm51bGx9LCJ0ZndfZm9zbnJfc29mdF9pbnRlcnZlbnRpb25zX2VuYWJsZWQiOnsiYnVja2V0Ijoib24iLCJ2ZXJzaW9uIjpudWxsfSwidGZ3X21peGVkX21lZGlhXzE1ODk3Ijp7ImJ1Y2tldCI6InRyZWF0bWVudCIsInZlcnNpb24iOm51bGx9LCJ0ZndfZXhwZXJpbWVudHNfY29va2llX2V4cGlyYXRpb24iOnsiYnVja2V0IjoxMjA5NjAwLCJ2ZXJzaW9uIjpudWxsfSwidGZ3X3Nob3dfYmlyZHdhdGNoX3Bpdm90c19lbmFibGVkIjp7ImJ1Y2tldCI6Im9uIiwidmVyc2lvbiI6bnVsbH0sInRmd19kdXBsaWNhdGVfc2NyaWJlc190b19zZXR0aW5ncyI6eyJidWNrZXQiOiJvbiIsInZlcnNpb24iOm51bGx9LCJ0ZndfdXNlX3Byb2ZpbGVfaW1hZ2Vfc2hhcGVfZW5hYmxlZCI6eyJidWNrZXQiOiJvbiIsInZlcnNpb24iOm51bGx9LCJ0ZndfdmlkZW9faGxzX2R5bmFtaWNfbWFuaWZlc3RzXzE1MDgyIjp7ImJ1Y2tldCI6InRydWVfYml0cmF0ZSIsInZlcnNpb24iOm51bGx9LCJ0ZndfbGVnYWN5X3RpbWVsaW5lX3N1bnNldCI6eyJidWNrZXQiOnRydWUsInZlcnNpb24iOm51bGx9LCJ0ZndfdHdlZXRfZWRpdF9mcm9udGVuZCI6eyJidWNrZXQiOiJvbiIsInZlcnNpb24iOm51bGx9fQ%3D%3D&amp;frame=false&amp;hideCard=false&amp;hideThread=false&amp;id=2048349423860600901&amp;lang=es&amp;origin=https%3A%2F%2Fwww.lanacion.com.ar%2Fdeportes%2Fatletismo%2Fsabastian-sawe-se-convirtio-en-una-leyenda-bajo-las-dos-en-el-maraton-de-londres-nid26042026%2F&amp;sessionId=ca7dc3ef5a80c56e85b8f12cdc3d7f2d2d4108df&amp;siteScreenName=LANACION&amp;theme=light&amp;widgetsVersion=2615f7e52b7e0%3A1702314776716&amp;width=550px\" frameborder=\"0\" scrolling=\"no\" allowfullscreen=\"allowfullscreen\" data-tweet-id=\"2048349423860600901\" data-mce-fragment=\"1\"><\/iframe><\/div>\n<\/div>\n<p class=\"com-paragraph --s\"><strong>Obiri<\/strong>, dos veces campeona mundial en los 5.000 metros y medalla de bronce en el marat\u00f3n de los Juegos Ol\u00edmpicos de Par\u00eds 2024, termin\u00f3 segunda con una marca personal de 2:15:53.<\/p>\n<p class=\"com-paragraph --s\"><strong>El r\u00e9cord mundial establecido en una carrera mixta, en la que las atletas se benefician de liebres masculinas, pertenece a la keniana Ruth Chepngetich<\/strong>, que par\u00f3 el crono en 2:09:56 en el marat\u00f3n de Chicago en octubre de 2024. Chepngetich\u00a0<strong>recibi\u00f3 una sanci\u00f3n de tres a\u00f1os por dopaje en octubre de 2025, aunque se mantienen los resultados y r\u00e9cords anteriores a la muestra de marzo de 2025<\/strong>.<img loading=\"lazy\" decoding=\"async\" class=\"alignnone wp-image-16340 size-large\" src=\"https:\/\/cafeprensa.com.ar\/wp-content\/uploads\/2026\/04\/Screenshot_20260422_105453_WhatsApp-1-1024x589.jpg\" alt=\"\" width=\"1024\" height=\"589\" srcset=\"https:\/\/cafeprensa.com.ar\/wp-content\/uploads\/2026\/04\/Screenshot_20260422_105453_WhatsApp-1-1024x589.jpg 1024w, https:\/\/cafeprensa.com.ar\/wp-content\/uploads\/2026\/04\/Screenshot_20260422_105453_WhatsApp-1-300x173.jpg 300w, https:\/\/cafeprensa.com.ar\/wp-content\/uploads\/2026\/04\/Screenshot_20260422_105453_WhatsApp-1-768x442.jpg 768w, https:\/\/cafeprensa.com.ar\/wp-content\/uploads\/2026\/04\/Screenshot_20260422_105453_WhatsApp-1-1536x883.jpg 1536w, https:\/\/cafeprensa.com.ar\/wp-content\/uploads\/2026\/04\/Screenshot_20260422_105453_WhatsApp-1-2048x1178.jpg 2048w\" sizes=\"auto, (max-width: 1024px) 100vw, 1024px\" \/><\/p>\n<section class=\"container-center-100 mb-40 border border-bottom border-thin border-neutral-light-700\">\n<div class=\"grid grid-cols-2_m gap-12 py-16 py-12_m\">\n<div class=\"flex flex-column gap-12\">\n<div class=\"flex flex-column brand-color\">\n<div class=\"flex flex-column gap-16 w-100 flex-row_m ai-center_m ai-start\"><em><strong><span class=\"text-16 font-bold\" style=\"font-size: 8pt;\">LA NACION<\/span><\/strong><\/em><\/div>\n<\/div>\n<\/div>\n<\/div>\n<\/section>\n<\/div>\n<\/div>\n<\/div>\n<\/div>\n<\/section>\n<\/div>\n<\/div>\n","protected":false},"excerpt":{"rendered":"<p>Baj\u00f3 las dos horas en la Marat\u00f3n de Londres. El keniata marc\u00f3 un tiempo de 1.59:30 y reescribi\u00f3 todos los libros del atletismo. Result\u00f3 una competencia para la historia. El ritmo fren\u00e9tico de los atletas defini\u00f3 a la Marat\u00f3n de Londres como una de las carreras m\u00e1s emblem\u00e1ticas. Y en el centro de los flashes &hellip;<\/p>\n","protected":false},"author":2,"featured_media":16451,"comment_status":"open","ping_status":"open","sticky":false,"template":"","format":"standard","meta":{"footnotes":""},"categories":[29,35],"tags":[3231,1378,3230],"class_list":["post-16450","post","type-post","status-publish","format-standard","has-post-thumbnail","hentry","category-deportes","category-internacionales","tag-londres","tag-maraton","tag-sabastian-sawe"],"_links":{"self":[{"href":"https:\/\/cafeprensa.com.ar\/index.php\/wp-json\/wp\/v2\/posts\/16450","targetHints":{"allow":["GET"]}}],"collection":[{"href":"https:\/\/cafeprensa.com.ar\/index.php\/wp-json\/wp\/v2\/posts"}],"about":[{"href":"https:\/\/cafeprensa.com.ar\/index.php\/wp-json\/wp\/v2\/types\/post"}],"author":[{"embeddable":true,"href":"https:\/\/cafeprensa.com.ar\/index.php\/wp-json\/wp\/v2\/users\/2"}],"replies":[{"embeddable":true,"href":"https:\/\/cafeprensa.com.ar\/index.php\/wp-json\/wp\/v2\/comments?post=16450"}],"version-history":[{"count":2,"href":"https:\/\/cafeprensa.com.ar\/index.php\/wp-json\/wp\/v2\/posts\/16450\/revisions"}],"predecessor-version":[{"id":16453,"href":"https:\/\/cafeprensa.com.ar\/index.php\/wp-json\/wp\/v2\/posts\/16450\/revisions\/16453"}],"wp:featuredmedia":[{"embeddable":true,"href":"https:\/\/cafeprensa.com.ar\/index.php\/wp-json\/wp\/v2\/media\/16451"}],"wp:attachment":[{"href":"https:\/\/cafeprensa.com.ar\/index.php\/wp-json\/wp\/v2\/media?parent=16450"}],"wp:term":[{"taxonomy":"category","embeddable":true,"href":"https:\/\/cafeprensa.com.ar\/index.php\/wp-json\/wp\/v2\/categories?post=16450"},{"taxonomy":"post_tag","embeddable":true,"href":"https:\/\/cafeprensa.com.ar\/index.php\/wp-json\/wp\/v2\/tags?post=16450"}],"curies":[{"name":"wp","href":"https:\/\/api.w.org\/{rel}","templated":true}]}}