{"id":16459,"date":"2026-04-27T08:06:33","date_gmt":"2026-04-27T11:06:33","guid":{"rendered":"https:\/\/cafeprensa.com.ar\/?p=16459"},"modified":"2026-04-27T08:11:33","modified_gmt":"2026-04-27T11:11:33","slug":"desde-la-legislatura-repudiaron-los-despidos-en-el-inti","status":"publish","type":"post","link":"https:\/\/cafeprensa.com.ar\/index.php\/2026\/04\/27\/desde-la-legislatura-repudiaron-los-despidos-en-el-inti\/","title":{"rendered":"Desde la Legislatura repudiaron los despidos en el INTI"},"content":{"rendered":"<div class=\"space-y-3\">\n<div class=\"max-w-4xl\">\n<p class=\"__className_c59aa5 text-lg pt-2\"><strong>Un proyecto impulsado por Silvia El\u00edas de P\u00e9rez advierte que el recorte de m\u00e1s de 700 trabajadores del organismo amenaza servicios t\u00e9cnicos esenciales para pymes, la seguridad de los consumidores y el desarrollo productivo de Tucum\u00e1n.<img loading=\"lazy\" decoding=\"async\" class=\"alignnone wp-image-16425 size-full\" src=\"https:\/\/cafeprensa.com.ar\/wp-content\/uploads\/2026\/04\/Loteo-las-pircas-1.jpg\" alt=\"\" width=\"970\" height=\"90\" srcset=\"https:\/\/cafeprensa.com.ar\/wp-content\/uploads\/2026\/04\/Loteo-las-pircas-1.jpg 970w, https:\/\/cafeprensa.com.ar\/wp-content\/uploads\/2026\/04\/Loteo-las-pircas-1-300x28.jpg 300w, https:\/\/cafeprensa.com.ar\/wp-content\/uploads\/2026\/04\/Loteo-las-pircas-1-768x71.jpg 768w\" sizes=\"auto, (max-width: 970px) 100vw, 970px\" \/><\/strong><\/p>\n<\/div>\n<\/div>\n<div class=\"flex flex-col md:flex-row mt-3 gap-4 relative\">\n<div class=\"grow md:w-[856px] relative\">\n<div class=\"md:flex md:items-start md:justify-between md:gap-8 relative \">\n<div class=\"pb-7 font-thin\">\n<p class=\"text-lg\">La legisladora\u00a0<strong>Silvia El\u00edas de P\u00e9rez<\/strong>\u00a0(foto inferior)<strong>\u00a0<\/strong>present\u00f3 un proyecto para expresar el m\u00e1s en\u00e9rgico repudio ante las medidas adoptadas por el <strong>Gobierno nacional que implican el despido de m\u00e1s de 700 trabajadores del Instituto Nacional de Tecnolog\u00eda Industrial (INTI).<\/strong> La iniciativa cuenta con el acompa\u00f1amiento de los legisladores integrantes de la comisi\u00f3n de Ciencia y Tecnolog\u00eda:\u00a0<strong>Eduardo Ver\u00f3n Guerra, Carlos Gallia y Walter Herrera.<img loading=\"lazy\" decoding=\"async\" class=\"alignnone wp-image-16462 size-large\" src=\"https:\/\/cafeprensa.com.ar\/wp-content\/uploads\/2026\/04\/img3-1024x288.webp\" alt=\"\" width=\"1024\" height=\"288\" srcset=\"https:\/\/cafeprensa.com.ar\/wp-content\/uploads\/2026\/04\/img3-1024x288.webp 1024w, https:\/\/cafeprensa.com.ar\/wp-content\/uploads\/2026\/04\/img3-300x84.webp 300w, https:\/\/cafeprensa.com.ar\/wp-content\/uploads\/2026\/04\/img3-768x216.webp 768w, https:\/\/cafeprensa.com.ar\/wp-content\/uploads\/2026\/04\/img3-1536x432.webp 1536w, https:\/\/cafeprensa.com.ar\/wp-content\/uploads\/2026\/04\/img3-2048x576.webp 2048w\" sizes=\"auto, (max-width: 1024px) 100vw, 1024px\" \/><\/strong><\/p>\n<p class=\"text-lg\"><strong>\u201cEl desmantelamiento del INTI no es solo un problema laboral, es un golpe directo al desarrollo productivo, cient\u00edfico y tecnol\u00f3gico del pa\u00eds\u201d, se\u00f1al\u00f3, al advertir que la reducci\u00f3n del organismo implica tambi\u00e9n la p\u00e9rdida de recursos humanos altamente calificados y estrat\u00e9gicos.<img loading=\"lazy\" decoding=\"async\" class=\"alignnone wp-image-16466 size-large\" src=\"https:\/\/cafeprensa.com.ar\/wp-content\/uploads\/2026\/04\/c5qdha3q9y3tmccujea3-1024x576.jpg\" alt=\"\" width=\"1024\" height=\"576\" srcset=\"https:\/\/cafeprensa.com.ar\/wp-content\/uploads\/2026\/04\/c5qdha3q9y3tmccujea3-1024x576.jpg 1024w, https:\/\/cafeprensa.com.ar\/wp-content\/uploads\/2026\/04\/c5qdha3q9y3tmccujea3-300x169.jpg 300w, https:\/\/cafeprensa.com.ar\/wp-content\/uploads\/2026\/04\/c5qdha3q9y3tmccujea3-768x432.jpg 768w, https:\/\/cafeprensa.com.ar\/wp-content\/uploads\/2026\/04\/c5qdha3q9y3tmccujea3-390x220.jpg 390w, https:\/\/cafeprensa.com.ar\/wp-content\/uploads\/2026\/04\/c5qdha3q9y3tmccujea3.jpg 1200w\" sizes=\"auto, (max-width: 1024px) 100vw, 1024px\" \/><\/strong><\/p>\n<p class=\"text-lg\">El proyecto tambi\u00e9n manifiesta preocupaci\u00f3n por la eliminaci\u00f3n o reducci\u00f3n de m\u00e1s de 1000 servicios t\u00e9cnicos esenciales que el INTI brinda al entramado productivo, especialmente a las peque\u00f1as y medianas empresas. \u201cEstamos hablando de servicios clave como certificaciones de calidad, control metrol\u00f3gico, asistencia t\u00e9cnica y transferencia tecnol\u00f3gica, sin los cuales muchas industrias no pueden competir ni garantizar est\u00e1ndares b\u00e1sicos\u201d, sostuvo.<\/p>\n<p><img decoding=\"async\" class=\"max-w-full h-auto object-contain\" title=\"silvia-elias-de-perez.jpg\" src=\"https:\/\/res.cloudinary.com\/dut4yhfgk\/image\/upload\/v1777053415\/Noticias\/general\/imagen-contenido\/content\/content-image-silvia-e-1777053414500.jpg\" alt=\"silvia-elias-de-perez.jpg\" \/><\/p>\n<p class=\"text-lg\"><strong>En ese sentido, la parlamentaria remarc\u00f3 que el impacto del INTI no es abstracto, sino concreto en la vida cotidiana y en la econom\u00eda. Explic\u00f3 que, por ejemplo, la verificaci\u00f3n de balanzas cerealeras permite reducir errores de pesaje \u2014de 7 kg a 1 kg por tonelada\u2014 generando ahorros millonarios para los productores, mientras que el control de surtidores de combustible evita fraudes y garantiza que los consumidores reciban exactamente lo que pagan.<img loading=\"lazy\" decoding=\"async\" class=\"alignnone wp-image-16422 size-large\" src=\"https:\/\/cafeprensa.com.ar\/wp-content\/uploads\/2026\/04\/IMG-20260331-WA0032-1-1024x256.jpg\" alt=\"\" width=\"1024\" height=\"256\" srcset=\"https:\/\/cafeprensa.com.ar\/wp-content\/uploads\/2026\/04\/IMG-20260331-WA0032-1-1024x256.jpg 1024w, https:\/\/cafeprensa.com.ar\/wp-content\/uploads\/2026\/04\/IMG-20260331-WA0032-1-300x75.jpg 300w, https:\/\/cafeprensa.com.ar\/wp-content\/uploads\/2026\/04\/IMG-20260331-WA0032-1-768x192.jpg 768w, https:\/\/cafeprensa.com.ar\/wp-content\/uploads\/2026\/04\/IMG-20260331-WA0032-1-1536x384.jpg 1536w, https:\/\/cafeprensa.com.ar\/wp-content\/uploads\/2026\/04\/IMG-20260331-WA0032-1.jpg 1584w\" sizes=\"auto, (max-width: 1024px) 100vw, 1024px\" \/><\/strong><\/p>\n<p class=\"text-lg\">Asimismo, destac\u00f3 que el organismo cumple un rol clave en la certificaci\u00f3n de productos, como el control de sustancias peligrosas en juguetes o materiales de consumo, y en la eficiencia energ\u00e9tica, donde sus intervenciones han permitido ahorros significativos para la sociedad.<strong> \u201cSin estos controles, se pone en riesgo la seguridad de las personas en \u00e1mbitos tan sensibles como la salud, el consumo, el transporte o la energ\u00eda\u201d,<\/strong> advirti\u00f3.<\/p>\n<p class=\"text-lg\"><strong>\u201cDebilitar estas capacidades del Estado es dejar a la producci\u00f3n y a la sociedad en una situaci\u00f3n de mayor vulnerabilidad.\u00a0En Tucum\u00e1n, el INTI acompa\u00f1a a sectores productivos fundamentales. Su debilitamiento afecta directamente al desarrollo local y al empleo. Un pa\u00eds que abandona la ciencia, la tecnolog\u00eda y la producci\u00f3n, compromete su futuro\u201d, concluy\u00f3.<img loading=\"lazy\" decoding=\"async\" class=\"alignnone wp-image-16447 size-full\" src=\"https:\/\/cafeprensa.com.ar\/wp-content\/uploads\/2026\/04\/Screenshot_20260422_105453_WhatsApp-1-1024x589-1.jpg\" alt=\"\" width=\"1024\" height=\"589\" srcset=\"https:\/\/cafeprensa.com.ar\/wp-content\/uploads\/2026\/04\/Screenshot_20260422_105453_WhatsApp-1-1024x589-1.jpg 1024w, https:\/\/cafeprensa.com.ar\/wp-content\/uploads\/2026\/04\/Screenshot_20260422_105453_WhatsApp-1-1024x589-1-300x173.jpg 300w, https:\/\/cafeprensa.com.ar\/wp-content\/uploads\/2026\/04\/Screenshot_20260422_105453_WhatsApp-1-1024x589-1-768x442.jpg 768w\" sizes=\"auto, (max-width: 1024px) 100vw, 1024px\" \/><\/strong><\/p>\n<\/div>\n<\/div>\n<\/div>\n<\/div>\n","protected":false},"excerpt":{"rendered":"<p>Un proyecto impulsado por Silvia El\u00edas de P\u00e9rez advierte que el recorte de m\u00e1s de 700 trabajadores del organismo amenaza servicios t\u00e9cnicos esenciales para pymes, la seguridad de los consumidores y el desarrollo productivo de Tucum\u00e1n. La legisladora\u00a0Silvia El\u00edas de P\u00e9rez\u00a0(foto inferior)\u00a0present\u00f3 un proyecto para expresar el m\u00e1s en\u00e9rgico repudio ante las medidas adoptadas por &hellip;<\/p>\n","protected":false},"author":2,"featured_media":16460,"comment_status":"open","ping_status":"open","sticky":false,"template":"","format":"standard","meta":{"footnotes":""},"categories":[1611,34],"tags":[1852],"class_list":["post-16459","post","type-post","status-publish","format-standard","has-post-thumbnail","hentry","category-legislatura-de-tucuman","category-locales","tag-silvia-eleas-de-perez"],"_links":{"self":[{"href":"https:\/\/cafeprensa.com.ar\/index.php\/wp-json\/wp\/v2\/posts\/16459","targetHints":{"allow":["GET"]}}],"collection":[{"href":"https:\/\/cafeprensa.com.ar\/index.php\/wp-json\/wp\/v2\/posts"}],"about":[{"href":"https:\/\/cafeprensa.com.ar\/index.php\/wp-json\/wp\/v2\/types\/post"}],"author":[{"embeddable":true,"href":"https:\/\/cafeprensa.com.ar\/index.php\/wp-json\/wp\/v2\/users\/2"}],"replies":[{"embeddable":true,"href":"https:\/\/cafeprensa.com.ar\/index.php\/wp-json\/wp\/v2\/comments?post=16459"}],"version-history":[{"count":3,"href":"https:\/\/cafeprensa.com.ar\/index.php\/wp-json\/wp\/v2\/posts\/16459\/revisions"}],"predecessor-version":[{"id":16468,"href":"https:\/\/cafeprensa.com.ar\/index.php\/wp-json\/wp\/v2\/posts\/16459\/revisions\/16468"}],"wp:featuredmedia":[{"embeddable":true,"href":"https:\/\/cafeprensa.com.ar\/index.php\/wp-json\/wp\/v2\/media\/16460"}],"wp:attachment":[{"href":"https:\/\/cafeprensa.com.ar\/index.php\/wp-json\/wp\/v2\/media?parent=16459"}],"wp:term":[{"taxonomy":"category","embeddable":true,"href":"https:\/\/cafeprensa.com.ar\/index.php\/wp-json\/wp\/v2\/categories?post=16459"},{"taxonomy":"post_tag","embeddable":true,"href":"https:\/\/cafeprensa.com.ar\/index.php\/wp-json\/wp\/v2\/tags?post=16459"}],"curies":[{"name":"wp","href":"https:\/\/api.w.org\/{rel}","templated":true}]}}