{"id":16469,"date":"2026-04-27T10:54:55","date_gmt":"2026-04-27T13:54:55","guid":{"rendered":"https:\/\/cafeprensa.com.ar\/?p=16469"},"modified":"2026-04-27T10:54:55","modified_gmt":"2026-04-27T13:54:55","slug":"la-mansion-de-barrio-parque-que-pertenecio-a-franco-macri-esta-en-venta","status":"publish","type":"post","link":"https:\/\/cafeprensa.com.ar\/index.php\/2026\/04\/27\/la-mansion-de-barrio-parque-que-pertenecio-a-franco-macri-esta-en-venta\/","title":{"rendered":"La mansi\u00f3n de Barrio Parque que perteneci\u00f3 a Franco Macri est\u00e1 en venta"},"content":{"rendered":"<header class=\"article-header-wrapper\">\n<div class=\"article-header with-follow-button-ctn\">\n<p id=\"la-mansion-de-barrio-parque-que-pertenecio-a-franco-macri-esta-en-venta:-cuanto-vale-y-como-es-por-dentro\" class=\"display-block article-headline text_align_left\"><strong>Cu\u00e1nto vale y c\u00f3mo es por dentro. Conocida como Casa Salvadori, es una de las viviendas de lujo m\u00e1s emblem\u00e1ticas de la Ciudad de Buenos Aires<\/strong><\/p>\n<\/div>\n<\/header>\n<article class=\"article\">\n<div class=\"body-article \">\n<div class=\"visual__image image-initial-width\"><picture><source srcset=\"https:\/\/www.infobae.com\/resizer\/v2\/LTKR5MNEDZBNJGU7FMYACC4RCE.png?auth=e1ccfced8c7e66f501da39d475441687689d6877585ad8e391e342eaaac434c1&amp;smart=true&amp;width=992&amp;height=661&amp;quality=85\" media=\"(min-width: 1000px)\" \/><source srcset=\"https:\/\/www.infobae.com\/resizer\/v2\/LTKR5MNEDZBNJGU7FMYACC4RCE.png?auth=e1ccfced8c7e66f501da39d475441687689d6877585ad8e391e342eaaac434c1&amp;smart=true&amp;width=768&amp;height=512&amp;quality=85\" media=\"(min-width: 768px)\" \/><source srcset=\"https:\/\/www.infobae.com\/resizer\/v2\/LTKR5MNEDZBNJGU7FMYACC4RCE.png?auth=e1ccfced8c7e66f501da39d475441687689d6877585ad8e391e342eaaac434c1&amp;smart=true&amp;width=577&amp;height=384&amp;quality=85\" media=\"(min-width: 580px)\" \/><source srcset=\"https:\/\/www.infobae.com\/resizer\/v2\/LTKR5MNEDZBNJGU7FMYACC4RCE.png?auth=e1ccfced8c7e66f501da39d475441687689d6877585ad8e391e342eaaac434c1&amp;smart=true&amp;width=420&amp;height=280&amp;quality=85\" media=\"(min-width: 350px)\" \/><source srcset=\"https:\/\/www.infobae.com\/resizer\/v2\/LTKR5MNEDZBNJGU7FMYACC4RCE.png?auth=e1ccfced8c7e66f501da39d475441687689d6877585ad8e391e342eaaac434c1&amp;smart=true&amp;width=350&amp;height=233&amp;quality=85\" media=\"(min-width: 80px)\" \/><img loading=\"lazy\" decoding=\"async\" class=\"global-image\" src=\"https:\/\/www.infobae.com\/resizer\/v2\/LTKR5MNEDZBNJGU7FMYACC4RCE.png?auth=e1ccfced8c7e66f501da39d475441687689d6877585ad8e391e342eaaac434c1&amp;smart=true&amp;width=350&amp;height=233&amp;quality=85\" alt=\"Casa Franco Macri en Barrio Parque - Casa Salvadori\" width=\"1600\" height=\"1066\" \/><\/picture>La casa de Franco Macri en Barrio Parque &#8211; Casa Salvadori<\/div>\n<p class=\"paragraph\" data-mrf-recirculation=\"Links inline\">La hist\u00f3rica propiedad que perteneci\u00f3 al empresario\u00a0<b>Franco Macri\u00a0<\/b>fue puesta a la venta en 2019 y permanece disponible tras sucesivas reducciones en su valor inicial. Se trata de una propiedad de alta gama, cuyo acceso est\u00e1 reservado a un segmento reducido de potenciales compradores.<img loading=\"lazy\" decoding=\"async\" class=\"alignnone wp-image-16463 size-large\" src=\"https:\/\/cafeprensa.com.ar\/wp-content\/uploads\/2026\/04\/img4-1-1024x288.webp\" alt=\"\" width=\"1024\" height=\"288\" srcset=\"https:\/\/cafeprensa.com.ar\/wp-content\/uploads\/2026\/04\/img4-1-1024x288.webp 1024w, https:\/\/cafeprensa.com.ar\/wp-content\/uploads\/2026\/04\/img4-1-300x84.webp 300w, https:\/\/cafeprensa.com.ar\/wp-content\/uploads\/2026\/04\/img4-1-768x216.webp 768w, https:\/\/cafeprensa.com.ar\/wp-content\/uploads\/2026\/04\/img4-1-1536x432.webp 1536w, https:\/\/cafeprensa.com.ar\/wp-content\/uploads\/2026\/04\/img4-1-2048x576.webp 2048w\" sizes=\"auto, (max-width: 1024px) 100vw, 1024px\" \/><\/p>\n<p class=\"paragraph\" data-mrf-recirculation=\"Links inline\">Originalmente, la propiedad se ofrec\u00eda en USD 8,9 millones. En 2022, la familia del expresidente\u00a0<b>Mauricio Macri\u00a0<\/b>ajust\u00f3 el precio a USD 8 millones. M\u00e1s adelante, se public\u00f3 a USD 5,5 millones, y actualmente\u00a0<b>su valor se sit\u00faa en USD 6 millones<\/b>, en l\u00ednea con la tendencia alcista del mercado inmobiliario de los \u00faltimos meses.<\/p>\n<p class=\"paragraph\" data-mrf-recirculation=\"Links inline\">La propiedad est\u00e1 ubicada en la calle Eduardo Costa al 3.000, en el coraz\u00f3n de Barrio Parque, tiene 85 a\u00f1os de antig\u00fcedad y se encuentra en un sector destacado de la ciudad, pr\u00f3xima a muchas embajadas. En las inmediaciones sobresalen puntos de inter\u00e9s como el Museo de Arte Latinoamericano de Buenos Aires (Malba).<\/p>\n<div class=\"visual__image\"><picture><source srcset=\"https:\/\/www.infobae.com\/resizer\/v2\/57DAISH7RRDKVFP26O5TKHL4AQ.png?auth=2da3352cf2380b9425dc28da4659ed1aa6683d812484545b53d8fb1f2dc93fc5&amp;smart=true&amp;width=992&amp;height=661&amp;quality=85\" media=\"(min-width: 1000px)\" \/><source srcset=\"https:\/\/www.infobae.com\/resizer\/v2\/57DAISH7RRDKVFP26O5TKHL4AQ.png?auth=2da3352cf2380b9425dc28da4659ed1aa6683d812484545b53d8fb1f2dc93fc5&amp;smart=true&amp;width=768&amp;height=512&amp;quality=85\" media=\"(min-width: 768px)\" \/><source srcset=\"https:\/\/www.infobae.com\/resizer\/v2\/57DAISH7RRDKVFP26O5TKHL4AQ.png?auth=2da3352cf2380b9425dc28da4659ed1aa6683d812484545b53d8fb1f2dc93fc5&amp;smart=true&amp;width=577&amp;height=384&amp;quality=85\" media=\"(min-width: 580px)\" \/><source srcset=\"https:\/\/www.infobae.com\/resizer\/v2\/57DAISH7RRDKVFP26O5TKHL4AQ.png?auth=2da3352cf2380b9425dc28da4659ed1aa6683d812484545b53d8fb1f2dc93fc5&amp;smart=true&amp;width=420&amp;height=280&amp;quality=85\" media=\"(min-width: 350px)\" \/><source srcset=\"https:\/\/www.infobae.com\/resizer\/v2\/57DAISH7RRDKVFP26O5TKHL4AQ.png?auth=2da3352cf2380b9425dc28da4659ed1aa6683d812484545b53d8fb1f2dc93fc5&amp;smart=true&amp;width=350&amp;height=233&amp;quality=85\" media=\"(min-width: 80px)\" \/><img loading=\"lazy\" decoding=\"async\" class=\"global-image\" src=\"https:\/\/www.infobae.com\/resizer\/v2\/57DAISH7RRDKVFP26O5TKHL4AQ.png?auth=2da3352cf2380b9425dc28da4659ed1aa6683d812484545b53d8fb1f2dc93fc5&amp;smart=true&amp;width=350&amp;height=233&amp;quality=85\" alt=\"Casa Franco Macri en Barrio Parque - Casa Salvadori\" width=\"1600\" height=\"1066\" \/><\/picture><span style=\"font-size: 8pt;\"><strong>La propiedad, ubicada en Barrio Parque, tambi\u00e9n conocido como Palermo Chico; tiene 85 a\u00f1os de antig\u00fcedad y se encuentra en un sector destacado de la ciudad, pr\u00f3xima a embajadas<\/strong><\/span><\/div>\n<p class=\"paragraph\" data-mrf-recirculation=\"Links inline\">\u201cUn barrio de trazado exclusivo, con baja densidad edilicia, que combina la tranquilidad residencial con la proximidad a los mejores restaurantes, espacios culturales y v\u00edas de acceso de la ciudad\u201d, describe la inmobiliaria a cargo de la venta,\u00a0<b>Mart\u00edn Pinus<\/b>.<img loading=\"lazy\" decoding=\"async\" class=\"alignnone wp-image-16470 size-large\" src=\"https:\/\/cafeprensa.com.ar\/wp-content\/uploads\/2026\/04\/logo-1024x129.png\" alt=\"\" width=\"1024\" height=\"129\" srcset=\"https:\/\/cafeprensa.com.ar\/wp-content\/uploads\/2026\/04\/logo-1024x129.png 1024w, https:\/\/cafeprensa.com.ar\/wp-content\/uploads\/2026\/04\/logo-300x38.png 300w, https:\/\/cafeprensa.com.ar\/wp-content\/uploads\/2026\/04\/logo-768x97.png 768w, https:\/\/cafeprensa.com.ar\/wp-content\/uploads\/2026\/04\/logo.png 1042w\" sizes=\"auto, (max-width: 1024px) 100vw, 1024px\" \/><\/p>\n<p class=\"paragraph\" data-mrf-recirculation=\"Links inline\">La\u00a0<b>Casa Salvadori\u00a0<\/b>representa\u00a0<b>un exponente del racionalismo arquitect\u00f3nico en Buenos Aires<\/b>, ubicada en el sector de\u00a0<b>Palermo Chico<\/b>, uno de los barrios residenciales de mayor reconocimiento en la ciudad. Su construcci\u00f3n se remonta a la d\u00e9cada de 1940, bajo el dise\u00f1o del arquitecto\u00a0<b>Antonio Ubaldo Vilar<\/b>, figura central en el desarrollo de la arquitectura moderna porte\u00f1a.<\/p>\n<p class=\"paragraph\" data-mrf-recirculation=\"Links inline\">La residencia cuenta con\u00a0<b>Catalogaci\u00f3n APH de Protecci\u00f3n General<\/b>, distinci\u00f3n que le otorga reconocimiento patrimonial e hist\u00f3rico. Seg\u00fan la normativa vigente, este tipo de catalogaci\u00f3n implica restricciones para preservar la integridad arquitect\u00f3nica del inmueble y asegura la protecci\u00f3n de sus valores originales en el contexto urbano.<\/p>\n<div class=\"visual__image\"><picture><source srcset=\"https:\/\/www.infobae.com\/resizer\/v2\/JUGZQYQKIFC2ZJ5DTNHPJONG3M.png?auth=d593df6a215fed81ec3e134d57c366ef2e24ecbef0216ab6d3ecb37017159015&amp;smart=true&amp;width=992&amp;height=661&amp;quality=85\" media=\"(min-width: 1000px)\" \/><source srcset=\"https:\/\/www.infobae.com\/resizer\/v2\/JUGZQYQKIFC2ZJ5DTNHPJONG3M.png?auth=d593df6a215fed81ec3e134d57c366ef2e24ecbef0216ab6d3ecb37017159015&amp;smart=true&amp;width=768&amp;height=512&amp;quality=85\" media=\"(min-width: 768px)\" \/><source srcset=\"https:\/\/www.infobae.com\/resizer\/v2\/JUGZQYQKIFC2ZJ5DTNHPJONG3M.png?auth=d593df6a215fed81ec3e134d57c366ef2e24ecbef0216ab6d3ecb37017159015&amp;smart=true&amp;width=577&amp;height=384&amp;quality=85\" media=\"(min-width: 580px)\" \/><source srcset=\"https:\/\/www.infobae.com\/resizer\/v2\/JUGZQYQKIFC2ZJ5DTNHPJONG3M.png?auth=d593df6a215fed81ec3e134d57c366ef2e24ecbef0216ab6d3ecb37017159015&amp;smart=true&amp;width=420&amp;height=280&amp;quality=85\" media=\"(min-width: 350px)\" \/><source srcset=\"https:\/\/www.infobae.com\/resizer\/v2\/JUGZQYQKIFC2ZJ5DTNHPJONG3M.png?auth=d593df6a215fed81ec3e134d57c366ef2e24ecbef0216ab6d3ecb37017159015&amp;smart=true&amp;width=350&amp;height=233&amp;quality=85\" media=\"(min-width: 80px)\" \/><img loading=\"lazy\" decoding=\"async\" class=\"global-image\" src=\"https:\/\/www.infobae.com\/resizer\/v2\/JUGZQYQKIFC2ZJ5DTNHPJONG3M.png?auth=d593df6a215fed81ec3e134d57c366ef2e24ecbef0216ab6d3ecb37017159015&amp;smart=true&amp;width=350&amp;height=233&amp;quality=85\" alt=\"Casa Franco Macri en Barrio Parque - Casa Salvadori\" width=\"1264\" height=\"842\" \/><\/picture><span style=\"font-size: 8pt;\"><strong>La residencia cuenta con\u00a0Catalogaci\u00f3n APH de Protecci\u00f3n General, distinci\u00f3n que le otorga reconocimiento patrimonial e hist\u00f3rico<\/strong><\/span><\/div>\n<p class=\"paragraph\" data-mrf-recirculation=\"Links inline\">Con una superficie cubierta de\u00a0<b>1.280 metros cuadrados<\/b>, la casa se distribuye en\u00a0<b>cuatro plantas<\/b>\u00a0que permiten usos de car\u00e1cter residencial, institucional o mixto. La organizaci\u00f3n funcional incluye\u00a0<b>siete dormitorios<\/b>, entre los que destaca una suite principal dotada de hall de ingreso y vestidores, adem\u00e1s de\u00a0<b>doce ba\u00f1os<\/b>.<img loading=\"lazy\" decoding=\"async\" class=\"alignnone wp-image-16422 size-large\" src=\"https:\/\/cafeprensa.com.ar\/wp-content\/uploads\/2026\/04\/IMG-20260331-WA0032-1-1024x256.jpg\" alt=\"\" width=\"1024\" height=\"256\" srcset=\"https:\/\/cafeprensa.com.ar\/wp-content\/uploads\/2026\/04\/IMG-20260331-WA0032-1-1024x256.jpg 1024w, https:\/\/cafeprensa.com.ar\/wp-content\/uploads\/2026\/04\/IMG-20260331-WA0032-1-300x75.jpg 300w, https:\/\/cafeprensa.com.ar\/wp-content\/uploads\/2026\/04\/IMG-20260331-WA0032-1-768x192.jpg 768w, https:\/\/cafeprensa.com.ar\/wp-content\/uploads\/2026\/04\/IMG-20260331-WA0032-1-1536x384.jpg 1536w, https:\/\/cafeprensa.com.ar\/wp-content\/uploads\/2026\/04\/IMG-20260331-WA0032-1.jpg 1584w\" sizes=\"auto, (max-width: 1024px) 100vw, 1024px\" \/><\/p>\n<p class=\"paragraph\" data-mrf-recirculation=\"Links inline\"><strong>La planta baja integra hall principal con ascensor, sala de reuniones, oficina con ba\u00f1o, estacionamiento cubierto para dos veh\u00edculos y \u00e1reas de servicio independientes.<\/strong><\/p>\n<div class=\"visual__image\"><picture><source srcset=\"https:\/\/www.infobae.com\/resizer\/v2\/UUUWNVKQOREWFDDUSK7CPXB5J4.png?auth=ad90845b14762544d30990f9a8f0a3e196cb90d4aaac33db510f7275ec961fca&amp;smart=true&amp;width=992&amp;height=661&amp;quality=85\" media=\"(min-width: 1000px)\" \/><source srcset=\"https:\/\/www.infobae.com\/resizer\/v2\/UUUWNVKQOREWFDDUSK7CPXB5J4.png?auth=ad90845b14762544d30990f9a8f0a3e196cb90d4aaac33db510f7275ec961fca&amp;smart=true&amp;width=768&amp;height=512&amp;quality=85\" media=\"(min-width: 768px)\" \/><source srcset=\"https:\/\/www.infobae.com\/resizer\/v2\/UUUWNVKQOREWFDDUSK7CPXB5J4.png?auth=ad90845b14762544d30990f9a8f0a3e196cb90d4aaac33db510f7275ec961fca&amp;smart=true&amp;width=577&amp;height=384&amp;quality=85\" media=\"(min-width: 580px)\" \/><source srcset=\"https:\/\/www.infobae.com\/resizer\/v2\/UUUWNVKQOREWFDDUSK7CPXB5J4.png?auth=ad90845b14762544d30990f9a8f0a3e196cb90d4aaac33db510f7275ec961fca&amp;smart=true&amp;width=420&amp;height=280&amp;quality=85\" media=\"(min-width: 350px)\" \/><source srcset=\"https:\/\/www.infobae.com\/resizer\/v2\/UUUWNVKQOREWFDDUSK7CPXB5J4.png?auth=ad90845b14762544d30990f9a8f0a3e196cb90d4aaac33db510f7275ec961fca&amp;smart=true&amp;width=350&amp;height=233&amp;quality=85\" media=\"(min-width: 80px)\" \/><img loading=\"lazy\" decoding=\"async\" class=\"global-image\" src=\"https:\/\/www.infobae.com\/resizer\/v2\/UUUWNVKQOREWFDDUSK7CPXB5J4.png?auth=ad90845b14762544d30990f9a8f0a3e196cb90d4aaac33db510f7275ec961fca&amp;smart=true&amp;width=350&amp;height=233&amp;quality=85\" alt=\"Casa Franco Macri en Barrio Parque - Casa Salvadori\" width=\"1600\" height=\"1066\" \/><\/picture><span style=\"font-size: 8pt;\"><strong>La organizaci\u00f3n funcional incluye\u00a0siete dormitorios, entre los que destaca una suite principal dotada de hall de ingreso y vestidores, adem\u00e1s de\u00a0doce ba\u00f1os<\/strong><\/span><\/div>\n<p class=\"paragraph\" data-mrf-recirculation=\"Links inline\">Seg\u00fan describi\u00f3 la inmobiliaria Mart\u00edn Pinus, a cargo de la operaci\u00f3n, en el primer piso se ubica el sector social, compuesto por comedor principal, living, sala de lectura, bar, cocina, comedor diario y un dormitorio con balc\u00f3n.<\/p>\n<p class=\"paragraph\" data-mrf-recirculation=\"Links inline\"><strong>El segundo piso alberga la zona privada: living \u00edntimo, suite principal con vestidores y ba\u00f1o en suite, cinco dormitorios adicionales, ba\u00f1os completos, cocina secundaria con comedor diario y una terraza privada. El tercer piso ofrece un escritorio con ba\u00f1o, un amplio sal\u00f3n de estar, gimnasio y una terraza equipada con parrilla.<img loading=\"lazy\" decoding=\"async\" class=\"alignnone wp-image-16423 size-large\" src=\"https:\/\/cafeprensa.com.ar\/wp-content\/uploads\/2026\/04\/IMG-20260331-WA0033-1-1024x256.jpg\" alt=\"\" width=\"1024\" height=\"256\" srcset=\"https:\/\/cafeprensa.com.ar\/wp-content\/uploads\/2026\/04\/IMG-20260331-WA0033-1-1024x256.jpg 1024w, https:\/\/cafeprensa.com.ar\/wp-content\/uploads\/2026\/04\/IMG-20260331-WA0033-1-300x75.jpg 300w, https:\/\/cafeprensa.com.ar\/wp-content\/uploads\/2026\/04\/IMG-20260331-WA0033-1-768x192.jpg 768w, https:\/\/cafeprensa.com.ar\/wp-content\/uploads\/2026\/04\/IMG-20260331-WA0033-1-1536x384.jpg 1536w, https:\/\/cafeprensa.com.ar\/wp-content\/uploads\/2026\/04\/IMG-20260331-WA0033-1.jpg 1584w\" sizes=\"auto, (max-width: 1024px) 100vw, 1024px\" \/><\/strong><\/p>\n<p class=\"paragraph\" data-mrf-recirculation=\"Links inline\">El equipamiento t\u00e9cnico tambi\u00e9n resalta: incluye\u00a0<b>dos ascensores independientes<\/b>, uno principal y otro de servicio, as\u00ed como\u00a0<b>dos escaleras\u00a0<\/b>que facilitan la circulaci\u00f3n vertical. La comercializaci\u00f3n de la propiedad refleja el comportamiento de un segmento exclusivo dentro del mercado de lujo porte\u00f1o, donde la singularidad arquitect\u00f3nica, el factor hist\u00f3rico y la ubicaci\u00f3n privilegiada inciden directamente en la demanda.<\/p>\n<div class=\"visual__image\"><picture><source srcset=\"https:\/\/www.infobae.com\/resizer\/v2\/TIEI2SJ7E5CXNJCPO5STEGXFEA.png?auth=ee62c668242f7dc657815d7878ccf5709a54ab8f02b7842c0e3a41dd39961b92&amp;smart=true&amp;width=992&amp;height=661&amp;quality=85\" media=\"(min-width: 1000px)\" \/><source srcset=\"https:\/\/www.infobae.com\/resizer\/v2\/TIEI2SJ7E5CXNJCPO5STEGXFEA.png?auth=ee62c668242f7dc657815d7878ccf5709a54ab8f02b7842c0e3a41dd39961b92&amp;smart=true&amp;width=768&amp;height=512&amp;quality=85\" media=\"(min-width: 768px)\" \/><source srcset=\"https:\/\/www.infobae.com\/resizer\/v2\/TIEI2SJ7E5CXNJCPO5STEGXFEA.png?auth=ee62c668242f7dc657815d7878ccf5709a54ab8f02b7842c0e3a41dd39961b92&amp;smart=true&amp;width=577&amp;height=384&amp;quality=85\" media=\"(min-width: 580px)\" \/><source srcset=\"https:\/\/www.infobae.com\/resizer\/v2\/TIEI2SJ7E5CXNJCPO5STEGXFEA.png?auth=ee62c668242f7dc657815d7878ccf5709a54ab8f02b7842c0e3a41dd39961b92&amp;smart=true&amp;width=420&amp;height=280&amp;quality=85\" media=\"(min-width: 350px)\" \/><source srcset=\"https:\/\/www.infobae.com\/resizer\/v2\/TIEI2SJ7E5CXNJCPO5STEGXFEA.png?auth=ee62c668242f7dc657815d7878ccf5709a54ab8f02b7842c0e3a41dd39961b92&amp;smart=true&amp;width=350&amp;height=233&amp;quality=85\" media=\"(min-width: 80px)\" \/><img loading=\"lazy\" decoding=\"async\" class=\"global-image\" src=\"https:\/\/www.infobae.com\/resizer\/v2\/TIEI2SJ7E5CXNJCPO5STEGXFEA.png?auth=ee62c668242f7dc657815d7878ccf5709a54ab8f02b7842c0e3a41dd39961b92&amp;smart=true&amp;width=350&amp;height=233&amp;quality=85\" alt=\"Casa Franco Macri en Barrio Parque - Casa Salvadori\" width=\"1600\" height=\"1066\" \/><\/picture><span style=\"font-size: 8pt;\"><strong>Casa Franco Macri en Barrio Parque &#8211; Casa Salvadori<\/strong><\/span><\/div>\n<p class=\"paragraph\" data-mrf-recirculation=\"Links inline\">M\u00e1s all\u00e1 de las fluctuaciones en el precio, la Casa Salvadori se mantiene como una de las residencias m\u00e1s emblem\u00e1ticas y cotizadas de Buenos Aires. <strong>La disponibilidad prolongada en el mercado tambi\u00e9n responde a las exigentes condiciones de venta y a la selectividad de los potenciales compradores. Este tipo de propiedades suele atraer tanto a empresarios locales como a inversores internacionales interesados en activos \u00fanicos.<\/strong><\/p>\n<div class=\"visual__image\"><picture><source srcset=\"https:\/\/www.infobae.com\/resizer\/v2\/B426WSUUOJB6LCNL7BYSONXBFU.png?auth=b9160d94a00caf20be0e82206df46471e657be5c6b3173796ca068dce90163e5&amp;smart=true&amp;width=992&amp;height=661&amp;quality=85\" media=\"(min-width: 1000px)\" \/><source srcset=\"https:\/\/www.infobae.com\/resizer\/v2\/B426WSUUOJB6LCNL7BYSONXBFU.png?auth=b9160d94a00caf20be0e82206df46471e657be5c6b3173796ca068dce90163e5&amp;smart=true&amp;width=768&amp;height=512&amp;quality=85\" media=\"(min-width: 768px)\" \/><source srcset=\"https:\/\/www.infobae.com\/resizer\/v2\/B426WSUUOJB6LCNL7BYSONXBFU.png?auth=b9160d94a00caf20be0e82206df46471e657be5c6b3173796ca068dce90163e5&amp;smart=true&amp;width=577&amp;height=384&amp;quality=85\" media=\"(min-width: 580px)\" \/><source srcset=\"https:\/\/www.infobae.com\/resizer\/v2\/B426WSUUOJB6LCNL7BYSONXBFU.png?auth=b9160d94a00caf20be0e82206df46471e657be5c6b3173796ca068dce90163e5&amp;smart=true&amp;width=420&amp;height=280&amp;quality=85\" media=\"(min-width: 350px)\" \/><source srcset=\"https:\/\/www.infobae.com\/resizer\/v2\/B426WSUUOJB6LCNL7BYSONXBFU.png?auth=b9160d94a00caf20be0e82206df46471e657be5c6b3173796ca068dce90163e5&amp;smart=true&amp;width=350&amp;height=233&amp;quality=85\" media=\"(min-width: 80px)\" \/><img loading=\"lazy\" decoding=\"async\" class=\"global-image\" src=\"https:\/\/www.infobae.com\/resizer\/v2\/B426WSUUOJB6LCNL7BYSONXBFU.png?auth=b9160d94a00caf20be0e82206df46471e657be5c6b3173796ca068dce90163e5&amp;smart=true&amp;width=350&amp;height=233&amp;quality=85\" alt=\"Casa Franco Macri en Barrio Parque - Casa Salvadori\" width=\"1600\" height=\"1066\" \/><\/picture><span style=\"font-size: 8pt;\"><strong>La mansi\u00f3n que perteneci\u00f3 a Franco Macri est\u00e1 ubicada en la calle Eduardo Costa al 3.000, en Barrio Parque.<img loading=\"lazy\" decoding=\"async\" class=\"alignnone wp-image-16447 size-full\" src=\"https:\/\/cafeprensa.com.ar\/wp-content\/uploads\/2026\/04\/Screenshot_20260422_105453_WhatsApp-1-1024x589-1.jpg\" alt=\"\" width=\"1024\" height=\"589\" srcset=\"https:\/\/cafeprensa.com.ar\/wp-content\/uploads\/2026\/04\/Screenshot_20260422_105453_WhatsApp-1-1024x589-1.jpg 1024w, https:\/\/cafeprensa.com.ar\/wp-content\/uploads\/2026\/04\/Screenshot_20260422_105453_WhatsApp-1-1024x589-1-300x173.jpg 300w, https:\/\/cafeprensa.com.ar\/wp-content\/uploads\/2026\/04\/Screenshot_20260422_105453_WhatsApp-1-1024x589-1-768x442.jpg 768w\" sizes=\"auto, (max-width: 1024px) 100vw, 1024px\" \/><\/strong><\/span><\/div>\n<\/div>\n<\/article>\n","protected":false},"excerpt":{"rendered":"<p>Cu\u00e1nto vale y c\u00f3mo es por dentro. Conocida como Casa Salvadori, es una de las viviendas de lujo m\u00e1s emblem\u00e1ticas de la Ciudad de Buenos Aires La casa de Franco Macri en Barrio Parque &#8211; Casa Salvadori La hist\u00f3rica propiedad que perteneci\u00f3 al empresario\u00a0Franco Macri\u00a0fue puesta a la venta en 2019 y permanece disponible tras &hellip;<\/p>\n","protected":false},"author":2,"featured_media":16471,"comment_status":"open","ping_status":"open","sticky":false,"template":"","format":"standard","meta":{"footnotes":""},"categories":[54,33],"tags":[3235,3234],"class_list":["post-16469","post","type-post","status-publish","format-standard","has-post-thumbnail","hentry","category-interes-ganeral","category-nacionales","tag-casa-de-macri","tag-franco-macri"],"_links":{"self":[{"href":"https:\/\/cafeprensa.com.ar\/index.php\/wp-json\/wp\/v2\/posts\/16469","targetHints":{"allow":["GET"]}}],"collection":[{"href":"https:\/\/cafeprensa.com.ar\/index.php\/wp-json\/wp\/v2\/posts"}],"about":[{"href":"https:\/\/cafeprensa.com.ar\/index.php\/wp-json\/wp\/v2\/types\/post"}],"author":[{"embeddable":true,"href":"https:\/\/cafeprensa.com.ar\/index.php\/wp-json\/wp\/v2\/users\/2"}],"replies":[{"embeddable":true,"href":"https:\/\/cafeprensa.com.ar\/index.php\/wp-json\/wp\/v2\/comments?post=16469"}],"version-history":[{"count":1,"href":"https:\/\/cafeprensa.com.ar\/index.php\/wp-json\/wp\/v2\/posts\/16469\/revisions"}],"predecessor-version":[{"id":16472,"href":"https:\/\/cafeprensa.com.ar\/index.php\/wp-json\/wp\/v2\/posts\/16469\/revisions\/16472"}],"wp:featuredmedia":[{"embeddable":true,"href":"https:\/\/cafeprensa.com.ar\/index.php\/wp-json\/wp\/v2\/media\/16471"}],"wp:attachment":[{"href":"https:\/\/cafeprensa.com.ar\/index.php\/wp-json\/wp\/v2\/media?parent=16469"}],"wp:term":[{"taxonomy":"category","embeddable":true,"href":"https:\/\/cafeprensa.com.ar\/index.php\/wp-json\/wp\/v2\/categories?post=16469"},{"taxonomy":"post_tag","embeddable":true,"href":"https:\/\/cafeprensa.com.ar\/index.php\/wp-json\/wp\/v2\/tags?post=16469"}],"curies":[{"name":"wp","href":"https:\/\/api.w.org\/{rel}","templated":true}]}}