{"id":16474,"date":"2026-04-27T19:26:29","date_gmt":"2026-04-27T22:26:29","guid":{"rendered":"https:\/\/cafeprensa.com.ar\/?p=16474"},"modified":"2026-04-27T19:26:29","modified_gmt":"2026-04-27T22:26:29","slug":"gobernador-deje-de-culpar-a-otros-y-hagase-cargo-del-desastre","status":"publish","type":"post","link":"https:\/\/cafeprensa.com.ar\/index.php\/2026\/04\/27\/gobernador-deje-de-culpar-a-otros-y-hagase-cargo-del-desastre\/","title":{"rendered":"\u201cGobernador, deje de culpar a otros y h\u00e1gase cargo del desastre\u201d"},"content":{"rendered":"<p>El presidente de La Libertad Avanza Tucum\u00e1n, Lisandro Catal\u00e1n, sali\u00f3 al cruce del gobernador Osvaldo Jaldo luego de una entrevista en la que el mandatario provincial atribuy\u00f3 la crisis de la provincia al gobierno nacional. <strong>A trav\u00e9s de un posteo en sus redes sociales titulado \u201cLAS COSAS POR SU NOMBRE\u201d, Catal\u00e1n cuestion\u00f3 con dureza las declaraciones oficiales y apunt\u00f3 contra la gesti\u00f3n provincial.<img loading=\"lazy\" decoding=\"async\" class=\"alignnone wp-image-16470 size-large\" src=\"https:\/\/cafeprensa.com.ar\/wp-content\/uploads\/2026\/04\/logo-1024x129.png\" alt=\"\" width=\"1024\" height=\"129\" srcset=\"https:\/\/cafeprensa.com.ar\/wp-content\/uploads\/2026\/04\/logo-1024x129.png 1024w, https:\/\/cafeprensa.com.ar\/wp-content\/uploads\/2026\/04\/logo-300x38.png 300w, https:\/\/cafeprensa.com.ar\/wp-content\/uploads\/2026\/04\/logo-768x97.png 768w, https:\/\/cafeprensa.com.ar\/wp-content\/uploads\/2026\/04\/logo.png 1042w\" sizes=\"auto, (max-width: 1024px) 100vw, 1024px\" \/><\/strong><\/p>\n<p>En su mensaje, el dirigente libertario sostuvo que los dichos del gobernador reflejan \u201cun nivel de irresponsabilidad dif\u00edcil de justificar\u201d y consider\u00f3 que culpar a la Naci\u00f3n por la situaci\u00f3n de Tucum\u00e1n \u201ces, como m\u00ednimo, faltar a la verdad\u201d.<\/p>\n<p><strong>Catal\u00e1n remarc\u00f3 que, durante la gesti\u00f3n del presidente Javier Milei, Tucum\u00e1n fue una de las provincias que m\u00e1s Aportes del Tesoro Nacional (ATN) recibi\u00f3, con un total de 41.500 millones de pesos entre 2024 y 2025. \u201cEntonces, \u00bfd\u00f3nde est\u00e1 el problema? El problema est\u00e1 en la provincia\u201d, afirm\u00f3.<img loading=\"lazy\" decoding=\"async\" class=\"alignnone wp-image-16462 size-large\" src=\"https:\/\/cafeprensa.com.ar\/wp-content\/uploads\/2026\/04\/img3-1024x288.webp\" alt=\"\" width=\"1024\" height=\"288\" srcset=\"https:\/\/cafeprensa.com.ar\/wp-content\/uploads\/2026\/04\/img3-1024x288.webp 1024w, https:\/\/cafeprensa.com.ar\/wp-content\/uploads\/2026\/04\/img3-300x84.webp 300w, https:\/\/cafeprensa.com.ar\/wp-content\/uploads\/2026\/04\/img3-768x216.webp 768w, https:\/\/cafeprensa.com.ar\/wp-content\/uploads\/2026\/04\/img3-1536x432.webp 1536w, https:\/\/cafeprensa.com.ar\/wp-content\/uploads\/2026\/04\/img3-2048x576.webp 2048w\" sizes=\"auto, (max-width: 1024px) 100vw, 1024px\" \/><\/strong><\/p>\n<p>En ese sentido, el referente opositor cuestion\u00f3 el nivel de gasto pol\u00edtico y asegur\u00f3 que Tucum\u00e1n \u201cmantiene un esquema insostenible\u201d, se\u00f1alando que la Legislatura provincial absorbe casi el 4% del presupuesto, muy por encima del promedio nacional. <strong>Tambi\u00e9n critic\u00f3 el funcionamiento de organismos como la Defensor\u00eda del Pueblo y denunci\u00f3 la existencia de transferencias discrecionales a comunas que, seg\u00fan sostuvo, responden a una l\u00f3gica de sostenimiento del poder pol\u00edtico.<\/strong><\/p>\n<p>\u201cEl resultado es evidente: tucumanos viviendo en condiciones indignas\u201d, expres\u00f3.<\/p>\n<p><strong>Asimismo, advirti\u00f3 que el 96% del presupuesto provincial se destina al pago de sueldos, lo que \u2014seg\u00fan indic\u00f3\u2014 impide cualquier tipo de inversi\u00f3n real o desarrollo. A esto sum\u00f3 otro dato: Tucum\u00e1n es la segunda provincia con mayor presi\u00f3n fiscal del pa\u00eds, lo que implica que \u201cmientras el Estado gasta mal, los tucumanos pagan m\u00e1s impuestos que la mayor\u00eda de los argentinos\u201d.<img loading=\"lazy\" decoding=\"async\" class=\"alignnone wp-image-16424 size-large\" src=\"https:\/\/cafeprensa.com.ar\/wp-content\/uploads\/2026\/04\/IMG-20260404-WA0022-2-1024x256.jpg\" alt=\"\" width=\"1024\" height=\"256\" srcset=\"https:\/\/cafeprensa.com.ar\/wp-content\/uploads\/2026\/04\/IMG-20260404-WA0022-2-1024x256.jpg 1024w, https:\/\/cafeprensa.com.ar\/wp-content\/uploads\/2026\/04\/IMG-20260404-WA0022-2-300x75.jpg 300w, https:\/\/cafeprensa.com.ar\/wp-content\/uploads\/2026\/04\/IMG-20260404-WA0022-2-768x192.jpg 768w, https:\/\/cafeprensa.com.ar\/wp-content\/uploads\/2026\/04\/IMG-20260404-WA0022-2-1536x384.jpg 1536w, https:\/\/cafeprensa.com.ar\/wp-content\/uploads\/2026\/04\/IMG-20260404-WA0022-2-2048x512.jpg 2048w\" sizes=\"auto, (max-width: 1024px) 100vw, 1024px\" \/><\/strong><\/p>\n<p>En el plano electoral, Catal\u00e1n tambi\u00e9n rechaz\u00f3 las cr\u00edticas del gobernador a la eliminaci\u00f3n de las PASO impulsada por el oficialismo nacional. \u201cLa discusi\u00f3n es simple: el Estado no debe financiar las internas de los partidos pol\u00edticos\u201d, afirm\u00f3, al tiempo que calific\u00f3 a las primarias como \u201cun gasto innecesario\u201d.<\/p>\n<p><strong>Por otra parte, cuestion\u00f3 el sistema de acoples vigente en la provincia, al que defini\u00f3 como \u201cun mecanismo que multiplica candidaturas, distorsiona la voluntad popular y sostiene estructuras clientelares\u201d. En contraposici\u00f3n, destac\u00f3 la implementaci\u00f3n de la Boleta \u00danica de Papel promovida por el gobierno de Milei, al considerar que mejora la transparencia y la competencia electoral.<img loading=\"lazy\" decoding=\"async\" class=\"alignnone wp-image-16423 size-large\" src=\"https:\/\/cafeprensa.com.ar\/wp-content\/uploads\/2026\/04\/IMG-20260331-WA0033-1-1024x256.jpg\" alt=\"\" width=\"1024\" height=\"256\" srcset=\"https:\/\/cafeprensa.com.ar\/wp-content\/uploads\/2026\/04\/IMG-20260331-WA0033-1-1024x256.jpg 1024w, https:\/\/cafeprensa.com.ar\/wp-content\/uploads\/2026\/04\/IMG-20260331-WA0033-1-300x75.jpg 300w, https:\/\/cafeprensa.com.ar\/wp-content\/uploads\/2026\/04\/IMG-20260331-WA0033-1-768x192.jpg 768w, https:\/\/cafeprensa.com.ar\/wp-content\/uploads\/2026\/04\/IMG-20260331-WA0033-1-1536x384.jpg 1536w, https:\/\/cafeprensa.com.ar\/wp-content\/uploads\/2026\/04\/IMG-20260331-WA0033-1.jpg 1584w\" sizes=\"auto, (max-width: 1024px) 100vw, 1024px\" \/><\/strong><\/p>\n<p>Finalmente, Catal\u00e1n record\u00f3 que el oficialismo provincial hab\u00eda prometido avanzar con una reforma pol\u00edtica que nunca se concret\u00f3 y cit\u00f3 declaraciones del propio gobernador durante la apertura de sesiones legislativas.<\/p>\n<p><strong>\u201cGobernador, es momento de hacerse cargo del desastre que generaron\u201d, concluy\u00f3.<img loading=\"lazy\" decoding=\"async\" class=\"alignnone wp-image-16341 size-large\" src=\"https:\/\/cafeprensa.com.ar\/wp-content\/uploads\/2026\/04\/Screenshot_20260422_105453_WhatsApp-1024x589.jpg\" alt=\"\" width=\"1024\" height=\"589\" srcset=\"https:\/\/cafeprensa.com.ar\/wp-content\/uploads\/2026\/04\/Screenshot_20260422_105453_WhatsApp-1024x589.jpg 1024w, https:\/\/cafeprensa.com.ar\/wp-content\/uploads\/2026\/04\/Screenshot_20260422_105453_WhatsApp-300x173.jpg 300w, https:\/\/cafeprensa.com.ar\/wp-content\/uploads\/2026\/04\/Screenshot_20260422_105453_WhatsApp-768x442.jpg 768w, https:\/\/cafeprensa.com.ar\/wp-content\/uploads\/2026\/04\/Screenshot_20260422_105453_WhatsApp-1536x883.jpg 1536w, https:\/\/cafeprensa.com.ar\/wp-content\/uploads\/2026\/04\/Screenshot_20260422_105453_WhatsApp-2048x1178.jpg 2048w\" sizes=\"auto, (max-width: 1024px) 100vw, 1024px\" \/><\/strong><\/p>\n<p><span style=\"font-size: 8pt;\"><strong>Fuente:https:\/\/tucumandigital.com.ar\/2026\/04\/27\/catalan-cruzo-a-jaldo-gobernador-deje-de-culpar-a-otros-y-hagase-cargo-del-desastre\/<\/strong><\/span><\/p>\n","protected":false},"excerpt":{"rendered":"<p>El presidente de La Libertad Avanza Tucum\u00e1n, Lisandro Catal\u00e1n, sali\u00f3 al cruce del gobernador Osvaldo Jaldo luego de una entrevista en la que el mandatario provincial atribuy\u00f3 la crisis de la provincia al gobierno nacional. A trav\u00e9s de un posteo en sus redes sociales titulado \u201cLAS COSAS POR SU NOMBRE\u201d, Catal\u00e1n cuestion\u00f3 con dureza las &hellip;<\/p>\n","protected":false},"author":2,"featured_media":16475,"comment_status":"open","ping_status":"open","sticky":false,"template":"","format":"standard","meta":{"footnotes":""},"categories":[34,25],"tags":[],"class_list":["post-16474","post","type-post","status-publish","format-standard","has-post-thumbnail","hentry","category-locales","category-politica"],"_links":{"self":[{"href":"https:\/\/cafeprensa.com.ar\/index.php\/wp-json\/wp\/v2\/posts\/16474","targetHints":{"allow":["GET"]}}],"collection":[{"href":"https:\/\/cafeprensa.com.ar\/index.php\/wp-json\/wp\/v2\/posts"}],"about":[{"href":"https:\/\/cafeprensa.com.ar\/index.php\/wp-json\/wp\/v2\/types\/post"}],"author":[{"embeddable":true,"href":"https:\/\/cafeprensa.com.ar\/index.php\/wp-json\/wp\/v2\/users\/2"}],"replies":[{"embeddable":true,"href":"https:\/\/cafeprensa.com.ar\/index.php\/wp-json\/wp\/v2\/comments?post=16474"}],"version-history":[{"count":1,"href":"https:\/\/cafeprensa.com.ar\/index.php\/wp-json\/wp\/v2\/posts\/16474\/revisions"}],"predecessor-version":[{"id":16476,"href":"https:\/\/cafeprensa.com.ar\/index.php\/wp-json\/wp\/v2\/posts\/16474\/revisions\/16476"}],"wp:featuredmedia":[{"embeddable":true,"href":"https:\/\/cafeprensa.com.ar\/index.php\/wp-json\/wp\/v2\/media\/16475"}],"wp:attachment":[{"href":"https:\/\/cafeprensa.com.ar\/index.php\/wp-json\/wp\/v2\/media?parent=16474"}],"wp:term":[{"taxonomy":"category","embeddable":true,"href":"https:\/\/cafeprensa.com.ar\/index.php\/wp-json\/wp\/v2\/categories?post=16474"},{"taxonomy":"post_tag","embeddable":true,"href":"https:\/\/cafeprensa.com.ar\/index.php\/wp-json\/wp\/v2\/tags?post=16474"}],"curies":[{"name":"wp","href":"https:\/\/api.w.org\/{rel}","templated":true}]}}